{"id":500191,"date":"2025-10-30T15:03:13","date_gmt":"2025-10-30T15:03:13","guid":{"rendered":"https:\/\/www.europesays.com\/fr\/500191\/"},"modified":"2025-10-30T15:03:13","modified_gmt":"2025-10-30T15:03:13","slug":"quand-il-a-pris-sa-retraite-cest-comme-si-une-partie-de-moi-etait-partie","status":"publish","type":"post","link":"https:\/\/www.europesays.com\/fr\/500191\/","title":{"rendered":"\u00ab Quand il a pris sa retraite, c\u2019est comme si une partie de moi \u00e9tait partie \u00bb"},"content":{"rendered":"<p>                <img decoding=\"async\" src=\"https:\/\/www.europesays.com\/fr\/wp-content\/uploads\/2025\/10\/SMwZ.jpg\" fetchpriority=\"high\" alt=\"Nadal sur Federer : \u00ab Quand il a pris sa retraite, c\u2019est comme si une partie de moi \u00e9tait partie \u00bb\"\/><\/p>\n<p>Dans des propos relay\u00e9s par le m\u00e9dia Sportskeeda, Rafael Nadal s\u2019est exprim\u00e9 sur son grand rival Roger Federer. En 2022, l\u2019Espagnol avait jou\u00e9 en double avec le Suisse pour le dernier match de sa carri\u00e8re.<\/p>\n<p>Il est revenu sur sa rivalit\u00e9 historique avec lui : \u00ab D&rsquo;une certaine mani\u00e8re, il a jou\u00e9 un r\u00f4le important dans ma vie, car il a \u00e9t\u00e9 mon principal rival pendant longtemps, au d\u00e9but de ma carri\u00e8re.<\/p>\n<p>Et quand il a pris sa retraite, c&rsquo;est comme si une partie de moi \u00e9tait partie avec lui. C&rsquo;\u00e9tait donc un moment tr\u00e8s \u00e9mouvant. C&rsquo;\u00e9tait un grand d\u00e9fi, je pense, pour nous tous de jouer les uns contre les autres, un tr\u00e8s, tr\u00e8s grand d\u00e9fi.<\/p>\n<p>Quand j\u2019ai commenc\u00e9 \u00e0 devenir un meilleur joueur, Roger \u00e9tait toujours l\u00e0, devant moi\u2026 Pour moi, il a toujours \u00e9t\u00e9 l\u2019homme \u00e0 battre.<\/p>\n<p>Avoir quelqu\u2019un comme Roger en qui j\u2019ai confiance pour parler de n\u2019importe quelle chose personnelle, c\u2019est quelque chose\u2026 c\u2019est tr\u00e8s beau apr\u00e8s tout ce que nous avons partag\u00e9 et toutes les choses importantes pour lesquelles nous nous sommes battus si longtemps. \u00bb<\/p>\n","protected":false},"excerpt":{"rendered":"Dans des propos relay\u00e9s par le m\u00e9dia Sportskeeda, Rafael Nadal s\u2019est exprim\u00e9 sur son grand rival Roger Federer.&hellip;\n","protected":false},"author":2,"featured_media":500192,"comment_status":"","ping_status":"","sticky":false,"template":"","format":"standard","meta":{"footnotes":""},"categories":[1415],"tags":[1011,27,60,1467],"class_list":{"0":"post-500191","1":"post","2":"type-post","3":"status-publish","4":"format-standard","5":"has-post-thumbnail","7":"category-tennis","8":"tag-fr","9":"tag-france","10":"tag-sports","11":"tag-tennis"},"share_on_mastodon":{"url":"https:\/\/pubeurope.com\/@fr\/115463730897187970","error":""},"_links":{"self":[{"href":"https:\/\/www.europesays.com\/fr\/wp-json\/wp\/v2\/posts\/500191","targetHints":{"allow":["GET"]}}],"collection":[{"href":"https:\/\/www.europesays.com\/fr\/wp-json\/wp\/v2\/posts"}],"about":[{"href":"https:\/\/www.europesays.com\/fr\/wp-json\/wp\/v2\/types\/post"}],"author":[{"embeddable":true,"href":"https:\/\/www.europesays.com\/fr\/wp-json\/wp\/v2\/users\/2"}],"replies":[{"embeddable":true,"href":"https:\/\/www.europesays.com\/fr\/wp-json\/wp\/v2\/comments?post=500191"}],"version-history":[{"count":0,"href":"https:\/\/www.europesays.com\/fr\/wp-json\/wp\/v2\/posts\/500191\/revisions"}],"wp:featuredmedia":[{"embeddable":true,"href":"https:\/\/www.europesays.com\/fr\/wp-json\/wp\/v2\/media\/500192"}],"wp:attachment":[{"href":"https:\/\/www.europesays.com\/fr\/wp-json\/wp\/v2\/media?parent=500191"}],"wp:term":[{"taxonomy":"category","embeddable":true,"href":"https:\/\/www.europesays.com\/fr\/wp-json\/wp\/v2\/categories?post=500191"},{"taxonomy":"post_tag","embeddable":true,"href":"https:\/\/www.europesays.com\/fr\/wp-json\/wp\/v2\/tags?post=500191"}],"curies":[{"name":"wp","href":"https:\/\/api.w.org\/{rel}","templated":true}]}}