{"id":500193,"date":"2025-10-30T15:07:10","date_gmt":"2025-10-30T15:07:10","guid":{"rendered":"https:\/\/www.europesays.com\/fr\/500193\/"},"modified":"2025-10-30T15:07:10","modified_gmt":"2025-10-30T15:07:10","slug":"apres-decathlon-ag2r-sam-bennett-rejoint-une-proteam-actualite","status":"publish","type":"post","link":"https:\/\/www.europesays.com\/fr\/500193\/","title":{"rendered":"Apr\u00e8s Decathlon AG2R, Sam Bennett rejoint une ProTeam &#8211; Actualit\u00e9"},"content":{"rendered":"<p style=\"text-align: justify;\"><a href=\"https:\/\/www.directvelo.com\/coureur\/342\/sam-bennett\" target=\"_blank\" rel=\"noopener\"><strong>Sam Bennett<\/strong><\/a>\u00a0ne sera plus un coureur de Decathlon AG2R La Mondiale en 2026. Apr\u00e8s deux saisons pass\u00e9es dans la formation bas\u00e9e en Savoie, l\u2019Irlandais va rejoindre Pinarello-Q36.5 Pro Cycling Team.<\/p>\n<p>Cette ann\u00e9e, le sprinteur de 34 ans a lev\u00e9 les bras sur deux \u00e9tapes du CIC Tour de la Provence et du R\u00e9gion Pays de la Loire Tour. Il a \u00e9galement termin\u00e9 2e d\u2019une \u00e9tape de Tirreno-Adriatico, 4e d\u2019une \u00e9tape du R\u00e9gion Pays de la Loire Tour, 6e d\u2019une \u00e9tape du Tour d\u2019Italie, 6e d\u2019une \u00e9tape de Tirreno-Adriatico, ou encore 9e d\u2019une \u00e9tape de l\u2019\u00c9toile de Bess\u00e8ges.<\/p>\n<p>Auparavant, le maillot vert du Tour de France 2020 avait port\u00e9 les couleurs de Bora-Hansgrohe et de Deceuninck-Quick Step \u00e0 l\u2019\u00e9chelon WorldTour.<\/p>\n<p>Retrouvez tous les transferts de l\u2019intersaison 2025-2026\u00a0<a href=\"https:\/\/www.directvelo.com\/mutations\/2026#teams-pro\" target=\"_blank\" rel=\"noopener\"><strong>en cliquant ici<\/strong><\/a>.<\/p>\n","protected":false},"excerpt":{"rendered":"Sam Bennett\u00a0ne sera plus un coureur de Decathlon AG2R La Mondiale en 2026. Apr\u00e8s deux saisons pass\u00e9es dans&hellip;\n","protected":false},"author":2,"featured_media":500194,"comment_status":"","ping_status":"","sticky":false,"template":"","format":"standard","meta":{"footnotes":""},"categories":[1411],"tags":[834,828,836,829,837,827,83,826,824,823,1154,207,814,817,815,816,822,821,832,211,839,1011,27,820,818,819,835,831,830,833,838,60,212,208,825],"class_list":{"0":"post-500193","1":"post","2":"type-post","3":"status-publish","4":"format-standard","5":"has-post-thumbnail","7":"category-cyclisme","8":"tag-attaque","9":"tag-belgique","10":"tag-braquet","11":"tag-bretagne","12":"tag-chute","13":"tag-competition","14":"tag-coupe-de-france","15":"tag-coureur","16":"tag-course-cyclisme","17":"tag-course-cycliste","18":"tag-cycling","19":"tag-cyclisme","20":"tag-direct","21":"tag-direct-velo","22":"tag-directvelo","23":"tag-directvelo-com","24":"tag-epreuve","25":"tag-epreuve-cycliste","26":"tag-federation-francaise-de-cyclisme","27":"tag-ffc","28":"tag-flandres","29":"tag-fr","30":"tag-france","31":"tag-live","32":"tag-live-course","33":"tag-live-epreuve","34":"tag-peloton","35":"tag-radio-peloton","36":"tag-radio-tour","37":"tag-ravitaillement","38":"tag-relance","39":"tag-sports","40":"tag-uci","41":"tag-velo","42":"tag-velos"},"share_on_mastodon":{"url":"https:\/\/pubeurope.com\/@fr\/115463746049370368","error":""},"_links":{"self":[{"href":"https:\/\/www.europesays.com\/fr\/wp-json\/wp\/v2\/posts\/500193","targetHints":{"allow":["GET"]}}],"collection":[{"href":"https:\/\/www.europesays.com\/fr\/wp-json\/wp\/v2\/posts"}],"about":[{"href":"https:\/\/www.europesays.com\/fr\/wp-json\/wp\/v2\/types\/post"}],"author":[{"embeddable":true,"href":"https:\/\/www.europesays.com\/fr\/wp-json\/wp\/v2\/users\/2"}],"replies":[{"embeddable":true,"href":"https:\/\/www.europesays.com\/fr\/wp-json\/wp\/v2\/comments?post=500193"}],"version-history":[{"count":0,"href":"https:\/\/www.europesays.com\/fr\/wp-json\/wp\/v2\/posts\/500193\/revisions"}],"wp:featuredmedia":[{"embeddable":true,"href":"https:\/\/www.europesays.com\/fr\/wp-json\/wp\/v2\/media\/500194"}],"wp:attachment":[{"href":"https:\/\/www.europesays.com\/fr\/wp-json\/wp\/v2\/media?parent=500193"}],"wp:term":[{"taxonomy":"category","embeddable":true,"href":"https:\/\/www.europesays.com\/fr\/wp-json\/wp\/v2\/categories?post=500193"},{"taxonomy":"post_tag","embeddable":true,"href":"https:\/\/www.europesays.com\/fr\/wp-json\/wp\/v2\/tags?post=500193"}],"curies":[{"name":"wp","href":"https:\/\/api.w.org\/{rel}","templated":true}]}}