{"id":500197,"date":"2025-10-30T15:09:17","date_gmt":"2025-10-30T15:09:17","guid":{"rendered":"https:\/\/www.europesays.com\/fr\/500197\/"},"modified":"2025-10-30T15:09:17","modified_gmt":"2025-10-30T15:09:17","slug":"cette-ville-francaise-est-devenue-la-cible-preferee-de-quotidien","status":"publish","type":"post","link":"https:\/\/www.europesays.com\/fr\/500197\/","title":{"rendered":"cette ville fran\u00e7aise est devenue la cible pr\u00e9f\u00e9r\u00e9e de \u201cQuotidien\u201d"},"content":{"rendered":"<p>Vivre dans cette ville, c&rsquo;est aussi devenir <strong>la cible<br \/>\nprivil\u00e9gi\u00e9e des humoristes<\/strong> de l\u2019\u00e9mission \u201cQuotidien\u201d. En<br \/>\neffet, depuis plusieurs semaines, ce bout de France est<br \/>\nr\u00e9guli\u00e8rement moqu\u00e9 (gentiment) par les chroniqueurs et invit\u00e9s<br \/>\npr\u00e9sents sur le <a href=\"https:\/\/www.mariefrance.fr\/tele\/gros-truc-plus-artus-vise-maladresse-grossophobe-yann-barthes-quotidien-1125816.html\" rel=\"nofollow noopener\" target=\"_blank\"><br \/>\nplateau de Yann Barth\u00e8s<\/a>, sur TMC. Mais alors, pourquoi un tel<br \/>\nacharnement ?<\/p>\n<p>Pablo Mira, Paul Mirabel, Ana Godefroy\u2026 Tous sont pass\u00e9s par<br \/>\n<strong>cette ville du Maine-et-Loire<\/strong> et tous semblent<br \/>\navoir des comptes \u00e0 r\u00e9gler avec cette derni\u00e8re. Une chose est s\u00fbre,<br \/>\nce ne sont ni ses habitants, ni son charme d\u00e9suet qui poussent \u00e0 la<br \/>\nmoquerie, d\u2019autant que la ville de <a href=\"https:\/\/www.mariefrance.fr\/actualite\/societe\/prenom-petite-fille-rappelle-modele-voiture-fait-ravages-dans-nord-pas-de-calais-1116135.html\" rel=\"nofollow noopener\" target=\"_blank\"><br \/>\nCalais, dans les Hauts-de-France<\/a>, en prend aussi pour son<br \/>\ngrade.<\/p>\n<p>Quotidien : cette ville fran\u00e7aise devenue la cible des<br \/>\nhumoristes dans l\u2019\u00e9mission de Yann Barth\u00e8s<\/p>\n<p>Pour cette ville de l&rsquo;ouest de la France, tout s\u2019est acc\u00e9l\u00e9r\u00e9<br \/>\navec le billet d\u2019humour d\u2019Ana Godefroy. Le 22 octobre dernier,<br \/>\n<a href=\"https:\/\/www.mariefrance.fr\/news-people\/shym-prenom-poetique-dorigine-amerindienne-donne-fils-encore-meconnu-france-1080739.html\" rel=\"nofollow noopener\" target=\"_blank\"><br \/>\nla chanteuse Shy\u2019m<\/a> est invit\u00e9e sur le plateau de \u201cQuotidien\u201d<br \/>\npour \u00e9voquer son spectacle musical \u201cChicago\u201d. Face \u00e0 l\u2019artiste,<br \/>\nl\u2019humoriste et chroniqueuse a utilis\u00e9 sa ville pour pr\u00e9senter sa<br \/>\npropre version de la com\u00e9die musicale : \u201c<strong>Cholet, la<br \/>\ncom\u00e9die musicale, \u2018scandaleusement cheap\u2019<\/strong>\u201d.<\/p>\n<p>\u201cJe peux me permettre, j\u2019y ai moisi, enfin\u2026 J\u2019y ai v\u00e9cu<br \/>\npendant dix ans\u201d, a-t-elle lanc\u00e9, face au public, avant de<br \/>\nproposer un magn\u00e9to parodique sur la cr\u00e9ation de cette fausse<br \/>\ncom\u00e9die musicale. \u201cLe budget du spectacle est inspir\u00e9<br \/>\ndirectement du budget de la ville. Du coup, il y a que dalle<br \/>\n!\u201d, s\u2019amuse Ana Godefroy et de lancer un karaok\u00e9 g\u00e9ant avec la<br \/>\n\u201cchanson phare\u201d du projet : \u201cChaud, chaud, Cholet,<br \/>\n<strong>il fait pas beau et qu\u2019est-ce que c\u2019est laid<\/strong>. Il<br \/>\nfait pas chaud, mais c\u2019est mieux que Calais\u2026\u201d. Un tacle bien<br \/>\nsenti \u00e0 la ville de Cholet, qui, depuis sa mise en lumi\u00e8re dans<br \/>\nl\u2019\u00e9mission, jouit aujourd\u2019hui d\u2019un second souffle.<\/p>\n<blockquote class=\"twitter-tweet\"><p><a class=\"twitter-link\" rel=\"noindex, nofollow noopener\" href=\"https:\/\/www.instagram.com\/reel\/DQHhLlJEuy_\/\" target=\"_blank\"><\/p><\/blockquote>\n<p>Cholet : la ville au c\u0153ur de toutes les<br \/>\ndiscussions dans Quotidien<\/p>\n<p>Rapidement apr\u00e8s la diffusion de son faux spectacle, nombreux<br \/>\nsont les internautes \u00e0 avoir fait part de leur envie d\u2019aller<br \/>\nvisiter Cholet et ses environs. \u201c<strong>\u00c7a me donne envie de<br \/>\nvisiter Cholet du coup !<\/strong>\u201d, \u00e9crit un internaute sur le<br \/>\ncompte Instagram de l&rsquo;\u00e9mission, quand un autre s&rsquo;amuse de la<br \/>\ns\u00e9quence. \u201cHabitant dans le Choletais, j&rsquo;ai ador\u00e9 cette<br \/>\nchronique\u201d. Et si pour faire rayonner cette ville \u00e0 deux pas<br \/>\nd\u2019Angers, l\u2019humour \u00e9tait la meilleure solution ?<\/p>\n<p><img loading=\"lazy\" decoding=\"async\" aria-describedby=\"caption-attachment-1216055\" itemprop=\"thumbnailUrl\" class=\"size-full wp-image-1216055 img-responsive\" src=\"https:\/\/www.europesays.com\/fr\/wp-content\/uploads\/2025\/10\/2-109.jpg\" alt=\"\u201cQu\u2019est-ce que c\u2019est laid\u201d : cette ville fran\u00e7aise est devenue la cible pr\u00e9f\u00e9r\u00e9e de \u201cQuotidien\u201d\" width=\"1280\" height=\"720\"\/> \u00a9 shutterstock<\/p>\n<p id=\"caption-attachment-1216055\" class=\"wp-caption-text\">La ville<br \/>\nde Cholet<\/p>\n<p>De son c\u00f4t\u00e9, Paul Mirabel, invit\u00e9 chez <a href=\"https:\/\/www.mariefrance.fr\/tele\/yann-barthes-maison-familale-savoie-revient-vacances-1068663.html\" rel=\"nofollow noopener\" target=\"_blank\"><br \/>\nYann Barth\u00e8s<\/a>, s\u2019\u00e9tait amus\u00e9 d\u2019avoir fait des dates pour roder<br \/>\nson spectacle : \u201cJ\u2019y ai fait quatre dates\u201d, raconte-t-il.<br \/>\n\u201cMais honn\u00eatement, deux auraient largement suffi\u201d. Puis,<br \/>\navec son flegme habituel, d\u2019ajouter : \u201cSi vous avez l\u2019occasion<br \/>\nd\u2019y aller\u2026 N\u2019y allez pas\u201d. Une petite pique l\u00e0 encore qui<br \/>\ns\u2019est bien termin\u00e9e puisque l\u2019humoriste a conclu : \u201c<strong>Et<br \/>\non embrasse Cholet bien \u00e9videmment !<\/strong>\u201d.<\/p>\n<p><script async src=\"\/\/www.instagram.com\/embed.js\"><\/script><\/p>\n","protected":false},"excerpt":{"rendered":"Vivre dans cette ville, c&rsquo;est aussi devenir la cible privil\u00e9gi\u00e9e des humoristes de l\u2019\u00e9mission \u201cQuotidien\u201d. En effet, depuis&hellip;\n","protected":false},"author":2,"featured_media":500198,"comment_status":"","ping_status":"","sticky":false,"template":"","format":"standard","meta":{"footnotes":""},"categories":[1359],"tags":[21303,58,59,1011,27,973],"class_list":{"0":"post-500197","1":"post","2":"type-post","3":"status-publish","4":"format-standard","5":"has-post-thumbnail","7":"category-people","8":"tag-buzz_nonli","9":"tag-divertissement","10":"tag-entertainment","11":"tag-fr","12":"tag-france","13":"tag-people"},"share_on_mastodon":{"url":"https:\/\/pubeurope.com\/@fr\/115463754441597947","error":""},"_links":{"self":[{"href":"https:\/\/www.europesays.com\/fr\/wp-json\/wp\/v2\/posts\/500197","targetHints":{"allow":["GET"]}}],"collection":[{"href":"https:\/\/www.europesays.com\/fr\/wp-json\/wp\/v2\/posts"}],"about":[{"href":"https:\/\/www.europesays.com\/fr\/wp-json\/wp\/v2\/types\/post"}],"author":[{"embeddable":true,"href":"https:\/\/www.europesays.com\/fr\/wp-json\/wp\/v2\/users\/2"}],"replies":[{"embeddable":true,"href":"https:\/\/www.europesays.com\/fr\/wp-json\/wp\/v2\/comments?post=500197"}],"version-history":[{"count":0,"href":"https:\/\/www.europesays.com\/fr\/wp-json\/wp\/v2\/posts\/500197\/revisions"}],"wp:featuredmedia":[{"embeddable":true,"href":"https:\/\/www.europesays.com\/fr\/wp-json\/wp\/v2\/media\/500198"}],"wp:attachment":[{"href":"https:\/\/www.europesays.com\/fr\/wp-json\/wp\/v2\/media?parent=500197"}],"wp:term":[{"taxonomy":"category","embeddable":true,"href":"https:\/\/www.europesays.com\/fr\/wp-json\/wp\/v2\/categories?post=500197"},{"taxonomy":"post_tag","embeddable":true,"href":"https:\/\/www.europesays.com\/fr\/wp-json\/wp\/v2\/tags?post=500197"}],"curies":[{"name":"wp","href":"https:\/\/api.w.org\/{rel}","templated":true}]}}