{"id":500203,"date":"2025-10-30T15:13:12","date_gmt":"2025-10-30T15:13:12","guid":{"rendered":"https:\/\/www.europesays.com\/fr\/500203\/"},"modified":"2025-10-30T15:13:12","modified_gmt":"2025-10-30T15:13:12","slug":"vanessa-paradis-leve-le-voile-sur-sa-premiere-fois-avec-omar-sy-on-sest","status":"publish","type":"post","link":"https:\/\/www.europesays.com\/fr\/500203\/","title":{"rendered":"Vanessa Paradis l\u00e8ve le voile sur sa premi\u00e8re fois avec Omar Sy, \u201cOn s\u2019est\u2026\u201d"},"content":{"rendered":"<p><strong>Vanessa Paradis<\/strong> ne fait pas que pousser la<br \/>\nchansonnette. L\u2019interpr\u00e8te du tube \u00fcberculte Joe le taxi<br \/>\nest aussi actrice. <strong>Et cela presque depuis ses d\u00e9buts car<br \/>\nelle a rapidement altern\u00e9 studio d\u2019enregistrement et plateaux de<br \/>\ncin\u00e9ma.<\/strong> 2025 marque la comeback r\u00e9ussi de l\u2019artiste avec,<br \/>\nnon seulement, un <strong>nouvel album<\/strong>, d\u00e9j\u00e0 dans les<br \/>\nbacs, mais aussi <strong>deux films<\/strong> pr\u00e9vus pour les salles<br \/>\nobscures. Rien n\u2019arr\u00eate Vanessa Paradis. Pas m\u00eame <strong>Omar<br \/>\nSy<\/strong>, acteur embl\u00e9matique, c\u00e9saris\u00e9 pour<br \/>\nIntouchables au d\u00e9but des ann\u00e9es 2010, avec qui elle a<br \/>\njou\u00e9. La chanteuse raconte l\u00a0\u00bbenvers du d\u00e9cor de leur premi\u00e8re<br \/>\nexp\u00e9rience.<\/p>\n<p>Vanessa Paradis : star de la chanson \u00e0 seulement 14 ans<\/p>\n<p>Vanessa Paradis a la chanson dans le sang. <strong>Gamine, d\u00e9j\u00e0,<br \/>\nelle participe au c\u00e9l\u00e8bre t\u00e9l\u00e9-crochet L\u2019Ecole des fans, <a href=\"https:\/\/www.melty.fr\/people\/revancharde-cecilia-attias-balance-sur-son-ex-mari-nicolas-sarkozy-il-etait-juste-2267940.html\" rel=\"nofollow noopener\" target=\"_blank\"><br \/>\npr\u00e9sent\u00e9 \u00e0 l\u2019\u00e9poque par Jacques Martin<\/a>.<\/strong> Une s\u00e9quence<br \/>\nculte, encore aujourd\u2019hui, en 2025, trouvable tr\u00e8s facilement sur<br \/>\nInternet. Fin des ann\u00e9es 80, la jeune fille, m\u00eame pas 15 ans,<br \/>\ndevient une v\u00e9ritable star de la chanson avec Joe le<br \/>\ntaxi. Ballade tr\u00e8s douce, storytelling \u00e0 l&rsquo;am\u00e9ricaine, mais en<br \/>\nFran\u00e7ais, remplit de spleen\u2026<\/p>\n<p>Le reste fait partie de l\u2019Histoire de la chanson tricolore.<br \/>\nVanessa Paradis devient la nouvelle idole des jeunes. <strong>Elle<br \/>\nest aussi \u00e9pingl\u00e9e par la presse people, en marge d\u2019une carri\u00e8re<br \/>\nderri\u00e8re le micro allant \u00e0 100 \u00e0 l\u2019heure, pour ses romances<br \/>\nm\u00e9diatiques.<\/strong> Avec <strong>Florent Pagny<\/strong>, d\u2019abord,<br \/>\nd\u00e9j\u00e0 t\u00e9nor de la pop \u00e0 ce moment-l\u00e0, <a href=\"https:\/\/www.melty.fr\/people\/lenny-kravitz-balance-sur-son-idylle-rocknroll-avec-vanessa-paradis-la-femme-parfaite-mais-elle-2271762.html\" rel=\"nofollow noopener\" target=\"_blank\"><br \/>\npuis <strong>Lenny Kravitz<\/strong> ou encore <strong>Benjamin<br \/>\nBiolay<\/strong><\/a>. Enfin, la chanteuse va former un power couple<br \/>\navec la star hollywoodienne <strong>Johnny Depp<\/strong>.<\/p>\n<p>La chanteuse a rapidement jou\u00e9 en parall\u00e8le au cin\u00e9ma<\/p>\n<p>Vanessa Paradis conna\u00eet bien le cin\u00e9ma. La raison ? <strong>Elle<br \/>\nn\u2019est pas seulement chanteuse, elle aussi actrice.<\/strong> En<br \/>\nr\u00e9alit\u00e9, l\u2019artiste bifurque rapidement vers le grand \u00e9cran et les<br \/>\nplateaux de tournage. Tout en gardant sous le coude sa carri\u00e8re de<br \/>\nstar de la pop. <strong>Un an apr\u00e8s ses d\u00e9buts fracassants avec Joe<br \/>\nle taxi, elle tourne dans le controvers\u00e9 Noce<br \/>\nblanche.<\/strong> Une romance border dans laquelle elle<br \/>\nincarne une ado tombant amoureuse de son prof\u2019.<\/p>\n<p>La carri\u00e8re de la chanteuse au cinoche est tr\u00e8s vari\u00e9e.<br \/>\n<strong>Elle ne s\u2019est pas content\u00e9e de tourner dans des drames sur<br \/>\nle fil du rasoir.<\/strong> Alors, c\u2019est s\u00fbr, il y en a eu<br \/>\nquelques-uns, en \u00e9quilibre sur le fil du rasoir, sans mauvais jeu<br \/>\nde mot, comme La Fille sur le pont. Mais elle tourne aussi<br \/>\ndans des com\u00e9dies d\u00e9lirantes, telles que le tr\u00e8s kitsch Un<br \/>\nAmour de sorci\u00e8re ou le chelou Atomik<br \/>\nCircus. <strong>Ou encore dans le prototype de la romcom :<br \/>\nL\u2019Arnacoeur, avec Romain Duris<\/strong><\/p>\n<p>Vanessa Paradis, ses propos tr\u00e8s cash<br \/>\nsur la star Omar Sy<\/p>\n<p>Cette ann\u00e9e, donc, Vanessa Paradis est \u00e0 l\u2019affiche de deux<br \/>\nfilms. <strong>Dont une com\u00e9die de potes T\u2019as pas chang\u00e9,<br \/>\nde et avec J\u00e9r\u00f4me Commandeur.<\/strong> Gentille pantalonnade sur la<br \/>\nnostalgie de l\u2019adolescence, le temps qui passe et, forc\u00e9ment, la<br \/>\nvieillesse qui va avec. A ce propos, Vanessa Paradis, actuellement<br \/>\nen tourn\u00e9e promo, a dit <a href=\"https:\/\/www.melty.fr\/people\/a-50-ans-passes-vanessa-paradis-brutalement-honnete-sur-sa-vie-intime-je-dis-pas-que-jadore-mais-2271621.html\" rel=\"nofollow noopener\" target=\"_blank\"><br \/>\ntout le \u2018bien\u2019 qu\u2019elle pensait du fait de vieillir<\/a>. Il faut<br \/>\ndire que, \u00e0 plus de cinquante ans, la chanteuse est rayonnante.<br \/>\n<strong>Elle a m\u00eame sorti un nouvel album au titre tr\u00e8s symbolique,<br \/>\nLe Retour des beaux jours.<\/strong><\/p>\n<p><strong>2024, Vanessa Paradis appara\u00eet au g\u00e9n\u00e9rique de<br \/>\nDis-moi juste que tu m\u2019aimes.<\/strong> Com\u00e9die<br \/>\ndouce-am\u00e8re, sentimentale, forc\u00e9ment, sign\u00e9e <strong>Anne Le<br \/>\nNy<\/strong>. Elle y croise notamment <strong>Jos\u00e9 Garcia<\/strong><br \/>\nmais surtout Omar Sy. La star du cin\u00e9ma fran\u00e7ais, c\u00e9saris\u00e9e pour<br \/>\nIntouchables en 2012, qui fait carri\u00e8re \u00e0 la fois en<br \/>\nFrance, aux Etats-Unis, mais aussi sur <strong>Netflix<\/strong><br \/>\navec Lupin. Vanessa Paradis, dans une interview accord\u00e9e \u00e0<br \/>\n<strong>TF1<\/strong>, aux c\u00f4t\u00e9s de son partenaire de jeu, raconte<br \/>\nleur premi\u00e8re fois ensemble sur grand \u00e9cran: \u201cIl y a des<br \/>\nacteurs, des actrices, et des personnalit\u00e9s qui vous donnent envie<br \/>\nde les rencontrer, de travailler avec eux.\u201d L\u2019interpr\u00e8te de<br \/>\nJoe le taxi rench\u00e9rit en regardant en coin Omar Sy :<br \/>\n\u201c<strong>Nous, on s\u2019est carr\u00e9ment rencontr\u00e9s sur le<br \/>\nplateau.<\/strong>\u201d L\u2019acteur se marre. \u201c\u00c0 deux secondes de<br \/>\njouer.\u201d, pr\u00e9cise l\u2019int\u00e9ress\u00e9e. \u201cEt, alors, c\u2019\u00e9tait\u2026<br \/>\nC\u2019\u00e9tait \u00e9trange puisque nos personnages ont des rapports un petit<br \/>\npeu comme des\u2026 <strong>Enfin, il y avait une tension,<br \/>\nquoi.<\/strong> Il y a des retrouvailles et une tension.\u201d<br \/>\nVanessa Paradis, Omar Sy, une collaboration toute en tension,<br \/>\ndonc.<\/p>\n","protected":false},"excerpt":{"rendered":"Vanessa Paradis ne fait pas que pousser la chansonnette. L\u2019interpr\u00e8te du tube \u00fcberculte Joe le taxi est aussi&hellip;\n","protected":false},"author":2,"featured_media":500204,"comment_status":"","ping_status":"","sticky":false,"template":"","format":"standard","meta":{"footnotes":""},"categories":[1355],"tags":[905,58,59,1011,27,61777,1361,873,10245,729],"class_list":{"0":"post-500203","1":"post","2":"type-post","3":"status-publish","4":"format-standard","5":"has-post-thumbnail","7":"category-musique","8":"tag-a-la-une-melty","9":"tag-divertissement","10":"tag-entertainment","11":"tag-fr","12":"tag-france","13":"tag-has_video","14":"tag-music","15":"tag-musique","16":"tag-vanessa-paradis","17":"tag-yout_video"},"share_on_mastodon":{"url":"https:\/\/pubeurope.com\/@fr\/115463769823855993","error":""},"_links":{"self":[{"href":"https:\/\/www.europesays.com\/fr\/wp-json\/wp\/v2\/posts\/500203","targetHints":{"allow":["GET"]}}],"collection":[{"href":"https:\/\/www.europesays.com\/fr\/wp-json\/wp\/v2\/posts"}],"about":[{"href":"https:\/\/www.europesays.com\/fr\/wp-json\/wp\/v2\/types\/post"}],"author":[{"embeddable":true,"href":"https:\/\/www.europesays.com\/fr\/wp-json\/wp\/v2\/users\/2"}],"replies":[{"embeddable":true,"href":"https:\/\/www.europesays.com\/fr\/wp-json\/wp\/v2\/comments?post=500203"}],"version-history":[{"count":0,"href":"https:\/\/www.europesays.com\/fr\/wp-json\/wp\/v2\/posts\/500203\/revisions"}],"wp:featuredmedia":[{"embeddable":true,"href":"https:\/\/www.europesays.com\/fr\/wp-json\/wp\/v2\/media\/500204"}],"wp:attachment":[{"href":"https:\/\/www.europesays.com\/fr\/wp-json\/wp\/v2\/media?parent=500203"}],"wp:term":[{"taxonomy":"category","embeddable":true,"href":"https:\/\/www.europesays.com\/fr\/wp-json\/wp\/v2\/categories?post=500203"},{"taxonomy":"post_tag","embeddable":true,"href":"https:\/\/www.europesays.com\/fr\/wp-json\/wp\/v2\/tags?post=500203"}],"curies":[{"name":"wp","href":"https:\/\/api.w.org\/{rel}","templated":true}]}}