{"id":500205,"date":"2025-10-30T15:14:12","date_gmt":"2025-10-30T15:14:12","guid":{"rendered":"https:\/\/www.europesays.com\/fr\/500205\/"},"modified":"2025-10-30T15:14:12","modified_gmt":"2025-10-30T15:14:12","slug":"pourquoi-ca-fait-toujours-aussi-peur","status":"publish","type":"post","link":"https:\/\/www.europesays.com\/fr\/500205\/","title":{"rendered":"Pourquoi \u00ab\u00a0\u00c7a\u00a0\u00bb fait toujours aussi peur"},"content":{"rendered":"<p>C\u2019est l\u2019un des personnages les plus fascinants du cin\u00e9ma d\u2019horreur, confiait Bill Skarsg\u00e5rd \u00e0 20 Minutes au moment de la sortie du second volet de <a href=\"https:\/\/www.20minutes.fr\/arts-stars\/cinema\/2597831-20190910-video-bill-skarsgrd-clown-ca-personnages-plus-fascinants-cinema-horreur\" class=\"c-link c-link--is-underlined\" target=\"_blank\" rel=\"noopener\">\u00c7a <\/a>en\u00a02019. Il le conna\u00eet bien\u00a0: c\u2019est lui qui l\u2019incarne depuis\u00a02017. Six ans plus tard, le clown Pennywise ( \u00ab\u00a0Grippe-sou\u00a0\u00bb en Fran\u00e7ais) est de retour sur <a href=\"https:\/\/www.20minutes.fr\/dossier\/hbo\" class=\"c-link c-link--is-underlined\" target=\"_blank\" rel=\"noopener\">HBO Max<\/a> pour la s\u00e9rie \u00c7a\u00a0: Bienvenue \u00e0 Derry, qui nous transporte au d\u00e9but des ann\u00e9es\u00a01960 pour faire d\u00e9couvrir les origines de cet amuseur au sens de la f\u00eate bien \u00e0 lui.<\/p>\n<\/p>\n<p>C\u2019est en\u00a01986 que <a href=\"https:\/\/www.20minutes.fr\/dossier\/stephen_king\" class=\"c-link c-link--is-underlined\" target=\"_blank\" rel=\"noopener\">Stephen King<\/a> a donn\u00e9 vie au personnage \u00e0 qui Tim Curry pr\u00eatait ses traits dans un t\u00e9l\u00e9film qui a terroris\u00e9 des g\u00e9n\u00e9rations de fans. \u00ab\u00a0J\u2019en ai fait longtemps des cauchemars, se souvient G\u00e9rard, 62 ans. Son sourire plein de dents et sa voix enj\u00f4leuse m\u2019ont hant\u00e9 longtemps\u00a0\u00bb.<\/p>\n<p>Mais qu\u2019\u00e0 donc ce h\u00e9ros pour continuer \u00e0 \u00eatre aussi effrayant dans un monde o\u00f9 il aurait pu \u00eatre supplant\u00e9 par le bien plus gore Art de la saga <a href=\"https:\/\/www.20minutes.fr\/cinema\/4017313-20230111-terrifier-2-oserez-croiser-art-clown-malefique-film-gorissime\" class=\"c-link c-link--is-underlined\" target=\"_blank\" rel=\"noopener\">Terrifier<\/a>. \u00ab\u00a0Art est vraiment trop violent, insiste G\u00e9rard. Grippe-sou reste accessible \u00e0 un public plus large m\u00eame si ses actes sont atroces\u00a0\u00bb.<\/p>\n<p>Coulrophobie quand tu nous tiens<\/p>\n<p>La coulrophobie ou \u00ab\u00a0terreur des clowns\u00a0\u00bb est \u00e9videmment la premi\u00e8re explication qui vient \u00e0 l\u2019esprit. \u00ab\u00a0Les clowns font parfois peur aux enfants comme on le voyait souvent dans les cirques. Ils sont donc li\u00e9s \u00e0 un arch\u00e9type des terreurs profondes li\u00e9es \u00e0 l\u2019enfance\u00a0\u00bb, explique Laurent Aknin auteur du <a href=\"https:\/\/www.nouveau-monde.net\/catalogue\/dictionnaire-des-personnages-du-cinema-mondial\/\" target=\"_blank\" class=\"c-link c-link--is-underlined\" rel=\"noopener\">Dictionnaire des personnages du cin\u00e9ma mondial <\/a>aux \u00e9ditions Nouveau Monde. Son apparence clownesque est l\u2019une des raisons qui attache le public \u00e0 cette ic\u00f4ne si r\u00e9put\u00e9e qu\u2019il n\u2019est pas n\u00e9cessaire d\u2019avoir lu le livre ou vu les films pour la conna\u00eetre.<\/p>\n<p>\u00ab\u00a0Son apparence humaine fait peur bien davantage que quand on le voit en extraterrestre, confie Margaux, \u00e9tudiante en cin\u00e9ma de 18 ans. Le fait qu\u2019il appartienne encore un peu \u00e0 l\u2019humanit\u00e9 ajoute \u00e0 son c\u00f4t\u00e9 flippant\u00a0\u00bb. C\u2019est aussi ainsi que le voit Andy Muschietti, r\u00e9alisateur des films des ann\u00e9es\u00a02010 et showrunner de la s\u00e9rie. \u00ab\u00a0Un clown repr\u00e9sente la transgression, dit-il. Et Grippe-sou pousse le bouchon encore plus loin, parce qu\u2019on sait qu\u2019il ne s\u2019interdit rien dans l\u2019horreur\u00a0\u00bb.<\/p>\n<p>Comme chez soi (ou presque)<\/p>\n<p>La petite ville am\u00e9ricaine de Derry qui sert de toile de fond \u00e0 l\u2019action est typiquement am\u00e9ricaine mais elle parle aussi aux Fran\u00e7ais. \u00ab\u00a0Elle me rappelle ma banlieue, pr\u00e8s de Lyon, avoue Laura. Depuis que j\u2019ai vu \u00c7a, je me dis qu\u2019il n\u2019y a pas quand dans un d\u00e9cor gothique que l\u2019horreur peut vous surprendre\u00a0\u00bb. Le c\u00f4t\u00e9 ordinaire des h\u00e9ros confront\u00e9s \u00e0 la cr\u00e9ature joue aussi un r\u00f4le capital dans l\u2019identification des lecteurs et spectateurs.<\/p>\n<p>\u00ab\u00a0Cela pourrait \u00eatre chacun et chacune d\u2019entre nous. Je trouve que l\u2019une des grandes forces de Stephen King, c\u2019est de savoir transformer en terreur internationale des angoisses qu\u2019on pourrait croire ancr\u00e9es dans la r\u00e9alit\u00e9 am\u00e9ricaine\u00a0\u00bb, insiste Laura. Une voiture, un cin\u00e9ma ou une baignoire, lieux familiers, deviennent des d\u00e9cors terrifiants dans la s\u00e9rie qui ne fait que commencer.<\/p>\n<p>Confronter ses peurs<\/p>\n<p>La saga \u00c7a invite \u00e0 confronter ses peurs et ses traumatismes ce que Grippe-sou contraint \u00e0 faire quand il emm\u00e8ne ses victimes \u00ab\u00a0flotter\u00a0\u00bb dans son univers. Ses pouvoirs surnaturels donnent l\u2019impression qu\u2019il est indestructible. \u00ab\u00a0Il est comme un psy mal\u00e9fique, s\u2019amuse Gr\u00e9goire, 35 ans. Il plonge au plus profond de vous, prompt \u00e0 saisir la moindre faiblesse intime pour vous d\u00e9truire. C\u2019est cent fois pire qu\u2019un tueur en s\u00e9rie ou un zombie qui n\u2019en veulent qu\u2019\u00e0 votre physique\u00a0\u00bb.<\/p>\n<p><a href=\"https:\/\/www.20minutes.fr\/dossier\/film_d_horreur\" class=\"c-link c-btn c-btn--primary\" target=\"_blank\" rel=\"noopener\">Nos articles sur les films d&rsquo;horreur<\/a><\/p>\n<p>M\u00eame Stephen King a encore peur de lui. Il a<a href=\"https:\/\/www.imdb.com\/fr\/news\/ni65508337\/\" rel=\"nofollow noopener\" target=\"_blank\" class=\"c-link c-link--is-underlined\"> qualifi\u00e9<\/a> la s\u00e9rie de \u00ab\u00a0g\u00e9niale\u00a0\u00bb et le pilote de \u00ab\u00a0terrifiant\u00a0\u00bb. M\u00eame si on ne peut pas toujours<a href=\"https:\/\/www.20minutes.fr\/arts-stars\/cinema\/4178588-20251014-faut-suivre-yeux-fermes-recommandations-films-horreur-stephen-king\" class=\"c-link c-link--is-underlined\" target=\"_blank\" rel=\"noopener\"> avoir confiance en son avis<\/a>, le romancier semble avoir raison sur ce coup-l\u00e0. Grippe-sou n\u2019a pas fini de faire le clown dans les mauvais r\u00eaves des spectateurs.<\/p>\n","protected":false},"excerpt":{"rendered":"C\u2019est l\u2019un des personnages les plus fascinants du cin\u00e9ma d\u2019horreur, confiait Bill Skarsg\u00e5rd \u00e0 20 Minutes au moment&hellip;\n","protected":false},"author":2,"featured_media":500206,"comment_status":"","ping_status":"","sticky":false,"template":"","format":"standard","meta":{"footnotes":""},"categories":[1354],"tags":[650,251,58,59,32645,1346,1011,27,5547,1380,1360,521,27347],"class_list":{"0":"post-500205","1":"post","2":"type-post","3":"status-publish","4":"format-standard","5":"has-post-thumbnail","7":"category-films","8":"tag-cinema","9":"tag-culture","10":"tag-divertissement","11":"tag-entertainment","12":"tag-film-dhorreur","13":"tag-films","14":"tag-fr","15":"tag-france","16":"tag-hbo","17":"tag-livres","18":"tag-movies","19":"tag-serie","20":"tag-stephen-king"},"share_on_mastodon":{"url":"https:\/\/pubeurope.com\/@fr\/115463773552508074","error":""},"_links":{"self":[{"href":"https:\/\/www.europesays.com\/fr\/wp-json\/wp\/v2\/posts\/500205","targetHints":{"allow":["GET"]}}],"collection":[{"href":"https:\/\/www.europesays.com\/fr\/wp-json\/wp\/v2\/posts"}],"about":[{"href":"https:\/\/www.europesays.com\/fr\/wp-json\/wp\/v2\/types\/post"}],"author":[{"embeddable":true,"href":"https:\/\/www.europesays.com\/fr\/wp-json\/wp\/v2\/users\/2"}],"replies":[{"embeddable":true,"href":"https:\/\/www.europesays.com\/fr\/wp-json\/wp\/v2\/comments?post=500205"}],"version-history":[{"count":0,"href":"https:\/\/www.europesays.com\/fr\/wp-json\/wp\/v2\/posts\/500205\/revisions"}],"wp:featuredmedia":[{"embeddable":true,"href":"https:\/\/www.europesays.com\/fr\/wp-json\/wp\/v2\/media\/500206"}],"wp:attachment":[{"href":"https:\/\/www.europesays.com\/fr\/wp-json\/wp\/v2\/media?parent=500205"}],"wp:term":[{"taxonomy":"category","embeddable":true,"href":"https:\/\/www.europesays.com\/fr\/wp-json\/wp\/v2\/categories?post=500205"},{"taxonomy":"post_tag","embeddable":true,"href":"https:\/\/www.europesays.com\/fr\/wp-json\/wp\/v2\/tags?post=500205"}],"curies":[{"name":"wp","href":"https:\/\/api.w.org\/{rel}","templated":true}]}}