{"id":500209,"date":"2025-10-30T15:16:11","date_gmt":"2025-10-30T15:16:11","guid":{"rendered":"https:\/\/www.europesays.com\/fr\/500209\/"},"modified":"2025-10-30T15:16:11","modified_gmt":"2025-10-30T15:16:11","slug":"le-club-donne-des-nouvelles-de-bilal-nadir-apres-son-malaise-subi-contre-angers","status":"publish","type":"post","link":"https:\/\/www.europesays.com\/fr\/500209\/","title":{"rendered":"le club donne des nouvelles de Bilal Nadir apr\u00e8s son malaise subi contre Angers"},"content":{"rendered":"<p>Ce jeudi en fin de matin\u00e9e, l\u2019OM a donn\u00e9 des nouvelles de Nadir. \u00ab\u00a0L\u2019Olympique de Marseille souhaite donner des nouvelles rassurantes concernant Bilal Nadir, victime d\u2019un malaise survenu hier (mercredi) lors de la rencontre face au SCO d\u2019Angers. Le joueur n\u2019a pas perdu connaissance au moment de l\u2019incident. D\u00e8s sa prise en charge par le staff m\u00e9dical du club et les secours pr\u00e9sents sur place, l\u2019ensemble de ses constantes vitales se sont r\u00e9v\u00e9l\u00e9es normales, est-il \u00e9crit dans le communiqu\u00e9 publi\u00e9 par le club. Par mesure de pr\u00e9caution, Bilal Nadir a \u00e9t\u00e9 transf\u00e9r\u00e9 \u00e0 l\u2019h\u00f4pital afin d\u2019y effectuer un bilan m\u00e9dical complet. Son \u00e9tat de sant\u00e9 est bon, et il demeure actuellement en observation pour la poursuite de ce bilan. Le club remercie les \u00e9quipes m\u00e9dicales pour leur r\u00e9activit\u00e9, ainsi que les nombreux supporters pour leurs messages de soutien. De nouvelles informations seront communiqu\u00e9es en fonction de l\u2019\u00e9volution de la situation.\u00a0\u00bb<\/p>\n<p>Si on ne sait pas encore si le N. 26 Marseillais sera de la partie samedi soir (21h05) pour affronter Auxerre, les nouvelles sont donc plut\u00f4t rassurantes concernant son \u00e9tat de sant\u00e9.<\/p>\n","protected":false},"excerpt":{"rendered":"Ce jeudi en fin de matin\u00e9e, l\u2019OM a donn\u00e9 des nouvelles de Nadir. \u00ab\u00a0L\u2019Olympique de Marseille souhaite donner&hellip;\n","protected":false},"author":2,"featured_media":500210,"comment_status":"","ping_status":"","sticky":false,"template":"","format":"standard","meta":{"footnotes":""},"categories":[9],"tags":[17,61905,5244,154,7687,1011,27,62239,1113,149,60],"class_list":{"0":"post-500209","1":"post","2":"type-post","3":"status-publish","4":"format-standard","5":"has-post-thumbnail","7":"category-sports","8":"tag-17","9":"tag-bilal","10":"tag-club","11":"tag-des","12":"tag-donne","13":"tag-fr","14":"tag-france","15":"tag-nadir","16":"tag-nouvelles","17":"tag-om","18":"tag-sports"},"share_on_mastodon":{"url":"https:\/\/pubeurope.com\/@fr\/115463781677800893","error":""},"_links":{"self":[{"href":"https:\/\/www.europesays.com\/fr\/wp-json\/wp\/v2\/posts\/500209","targetHints":{"allow":["GET"]}}],"collection":[{"href":"https:\/\/www.europesays.com\/fr\/wp-json\/wp\/v2\/posts"}],"about":[{"href":"https:\/\/www.europesays.com\/fr\/wp-json\/wp\/v2\/types\/post"}],"author":[{"embeddable":true,"href":"https:\/\/www.europesays.com\/fr\/wp-json\/wp\/v2\/users\/2"}],"replies":[{"embeddable":true,"href":"https:\/\/www.europesays.com\/fr\/wp-json\/wp\/v2\/comments?post=500209"}],"version-history":[{"count":0,"href":"https:\/\/www.europesays.com\/fr\/wp-json\/wp\/v2\/posts\/500209\/revisions"}],"wp:featuredmedia":[{"embeddable":true,"href":"https:\/\/www.europesays.com\/fr\/wp-json\/wp\/v2\/media\/500210"}],"wp:attachment":[{"href":"https:\/\/www.europesays.com\/fr\/wp-json\/wp\/v2\/media?parent=500209"}],"wp:term":[{"taxonomy":"category","embeddable":true,"href":"https:\/\/www.europesays.com\/fr\/wp-json\/wp\/v2\/categories?post=500209"},{"taxonomy":"post_tag","embeddable":true,"href":"https:\/\/www.europesays.com\/fr\/wp-json\/wp\/v2\/tags?post=500209"}],"curies":[{"name":"wp","href":"https:\/\/api.w.org\/{rel}","templated":true}]}}