{"id":500211,"date":"2025-10-30T15:17:12","date_gmt":"2025-10-30T15:17:12","guid":{"rendered":"https:\/\/www.europesays.com\/fr\/500211\/"},"modified":"2025-10-30T15:17:12","modified_gmt":"2025-10-30T15:17:12","slug":"nos-terres-inconnues-enregistre-le-pire-score-de-son-histoire-avec-son-nouveau-presentateur","status":"publish","type":"post","link":"https:\/\/www.europesays.com\/fr\/500211\/","title":{"rendered":"\u00ab\u00a0Nos terres inconnues\u00a0\u00bb enregistre le pire score de son histoire avec son nouveau pr\u00e9sentateur"},"content":{"rendered":"<p>C\u2019est un record dont <a href=\"https:\/\/www.20minutes.fr\/television\/france_televisions\/\" class=\"c-link c-link--is-underlined\" rel=\"nofollow noopener\" target=\"_blank\">France T\u00e9l\u00e9visions<\/a> se serait pass\u00e9. D\u00e9sormais <a href=\"https:\/\/www.20minutes.fr\/arts-stars\/television\/4164111-20251029-terres-inconnues-france-2-pris-torgnole-reconnait-michael-jeremiasz\" class=\"c-link c-link--is-underlined\" rel=\"nofollow noopener\" target=\"_blank\">pr\u00e9sent\u00e9e par l\u2019aventurier qu\u00e9b\u00e9cois Samuel Ostiguy<\/a>, l\u2019\u00e9mission Nos terres inconnues (France 3) a v\u00e9cu une soir\u00e9e catastrophique mercredi 29\u00a0octobre 2025\u00a0: le programme a en effet enregistr\u00e9 la plus faible <a href=\"https:\/\/www.20minutes.fr\/arts-stars\/television\/audiences_tv\/\" class=\"c-link c-link--is-underlined\" rel=\"nofollow noopener\" target=\"_blank\">audience <\/a>de son histoire, rapporte <a href=\"https:\/\/www.leparisien.fr\/culture-loisirs\/tv\/audiences-tv-avec-son-nouveau-presentateur-nos-terres-inconnues-enregistre-la-pire-audience-de-son-histoire-30-10-2025-EGM4MBKECFDPTFNPITJYWVJ4T4.php\" rel=\"nofollow noopener\" target=\"_blank\" class=\"c-link c-link--is-underlined\">Le Parisien<\/a>.<\/p>\n<\/p>\n<p>Candice et le S.W.A.T. d\u00e9foncent tout<\/p>\n<p>La balade dans le <a href=\"https:\/\/www.20minutes.fr\/tempo\/escapade\/4153470-20250523-faire-luberon-grand-week-end\" class=\"c-link c-link--is-underlined\" rel=\"nofollow noopener\" target=\"_blank\">Luberon <\/a>du nouvel animateur (qui remplace <a href=\"https:\/\/www.20minutes.fr\/arts-stars\/television\/2476475-20190319-rendez-terre-inconnue-raphael-casabianca-remplacant-frederic-lopez\" class=\"c-link c-link--is-underlined\" rel=\"nofollow noopener\" target=\"_blank\">Rapha\u00ebl de Casabianca<\/a>) et de l\u2019<a href=\"https:\/\/www.20minutes.fr\/sport\/3021151-20210415-ombre-lumiere-film-choc-michael-jeremiasz-retrace-150-ans-histoire-sport-handicap\" class=\"c-link c-link--is-underlined\" rel=\"nofollow noopener\" target=\"_blank\">ancien joueur fran\u00e7ais de tennis-fauteuil Micha\u00ebl Jeremiasz<\/a> n\u2019a en effet \u00e9t\u00e9 suivie \u00ab\u00a0que\u00a0\u00bb par 1,25\u00a0million de personnes, ce qui repr\u00e9sente 7,3\u00a0% du public. Jamais le programme cr\u00e9\u00e9 par <a href=\"https:\/\/www.20minutes.fr\/dossier\/frederic_lopez\" class=\"c-link c-link--is-underlined\" rel=\"nofollow noopener\" target=\"_blank\">Fr\u00e9d\u00e9ric Lopez<\/a> n\u2019avait connu de tels chiffres.<\/p>\n<p>Il faut dire que la concurrence \u00e9tait solide\u00a0: sur <a href=\"https:\/\/www.20minutes.fr\/television\/france_2\/\" class=\"c-link c-link--is-underlined\" rel=\"nofollow noopener\" target=\"_blank\">France 2<\/a>, la rediffusion d\u2019un \u00e9pisode de <a href=\"https:\/\/www.20minutes.fr\/arts-stars\/television\/audiences_tv\/3221531-20220122-audiences-tv-final-beaute-candice-renoir-succes-hommage-gaspard-ulliel\" class=\"c-link c-link--is-underlined\" rel=\"nofollow noopener\" target=\"_blank\">Candice Renoir<\/a>, avec <a href=\"https:\/\/www.20minutes.fr\/arts-stars\/television\/2762587-20200417-candice-renoir-femme-murit-relation-homme-societe-travail-explique-cecile-bois\" class=\"c-link c-link--is-underlined\" rel=\"nofollow noopener\" target=\"_blank\">C\u00e9cile Blois<\/a>, est arriv\u00e9e en t\u00eate des audiences avec 2,61\u00a0millions de t\u00e9l\u00e9spectateurs (15,2\u00a0% de part de march\u00e9), talonn\u00e9e par <a href=\"https:\/\/www.20minutes.fr\/dossier\/tf1\" class=\"c-link c-link--is-underlined\" rel=\"nofollow noopener\" target=\"_blank\">TF1<\/a> qui proposait deux \u00e9pisodes de la huiti\u00e8me saison de <a href=\"https:\/\/www.20minutes.fr\/people\/4036508-20230513-ulcere-arret-w-shemar-moore-obtient-cbs-septieme-derniere-saison\" class=\"c-link c-link--is-underlined\" rel=\"nofollow noopener\" target=\"_blank\">la s\u00e9rie am\u00e9ricaine S.W.A.T.<\/a> (2,18\u00a0millions d\u2019aficionados, soit 13\u00a0% du public).<\/p>\n<p><a href=\"https:\/\/www.20minutes.fr\/dossier\/rendez_vous_en_terre_inconnue\" class=\"c-link c-btn c-btn--primary\" rel=\"nofollow noopener\" target=\"_blank\">Notre dossier \u00ab Rendez-vous en terre inconnue \u00bb<\/a><\/p>\n<p>Enfin, c\u2019est <a href=\"https:\/\/www.20minutes.fr\/dossier\/m6\" class=\"c-link c-link--is-underlined\" rel=\"nofollow noopener\" target=\"_blank\">M6 <\/a>qui est mont\u00e9e sur la derni\u00e8re marche du podium avec une soir\u00e9e sp\u00e9ciale <a href=\"https:\/\/www.20minutes.fr\/arts-stars\/television\/4137797-20250208-roue-fortune-m6-roue-train-tourner-jeu-eric-antoine\" class=\"c-link c-link--is-underlined\" rel=\"nofollow noopener\" target=\"_blank\">Roue de la Fortune anim\u00e9e par \u00c9ric Antoine<\/a>, qui avait pour l\u2019occasion invit\u00e9 neuf c\u00e9l\u00e9brit\u00e9s, dont <a href=\"https:\/\/www.20minutes.fr\/arts-stars\/television\/3226747-20220209-bienvenue-chez-bodin-humour-bon-sens-paysan-reunir-paris-province-m6\" class=\"c-link c-link--is-underlined\" rel=\"nofollow noopener\" target=\"_blank\">les Bodin\u2019s<\/a>, <a href=\"https:\/\/www.20minutes.fr\/sport\/handball\/4071447-20240119-euro-handball-mere-mis-pression-niko-karabatic-gratte-nouveau-record-force-admiration-tous\" class=\"c-link c-link--is-underlined\" rel=\"nofollow noopener\" target=\"_blank\">les fr\u00e8res Karabatic<\/a> et <a href=\"https:\/\/www.20minutes.fr\/arts-stars\/television\/4058037-20231024-france-incroyable-talent-nuit-avant-premier-tournage-pu-dormir-confie-juju-fitcats\" class=\"c-link c-link--is-underlined\" rel=\"nofollow noopener\" target=\"_blank\">Juju Fitcats<\/a> (1,34\u00a0million de t\u00e9l\u00e9spectateurs). Nos terres inconnues se contente donc, elle, de la m\u00e9daille en chocolat.<\/p>\n","protected":false},"excerpt":{"rendered":"C\u2019est un record dont France T\u00e9l\u00e9visions se serait pass\u00e9. D\u00e9sormais pr\u00e9sent\u00e9e par l\u2019aventurier qu\u00e9b\u00e9cois Samuel Ostiguy, l\u2019\u00e9mission Nos&hellip;\n","protected":false},"author":2,"featured_media":500212,"comment_status":"","ping_status":"","sticky":false,"template":"","format":"standard","meta":{"footnotes":""},"categories":[8],"tags":[6186,2369,58,4739,59,1011,27,2400,252,1364],"class_list":{"0":"post-500211","1":"post","2":"type-post","3":"status-publish","4":"format-standard","5":"has-post-thumbnail","7":"category-divertissement","8":"tag-audience","9":"tag-audience-tv","10":"tag-divertissement","11":"tag-emission-de-television","12":"tag-entertainment","13":"tag-fr","14":"tag-france","15":"tag-france-televisions","16":"tag-television","17":"tag-tv"},"share_on_mastodon":{"url":"https:\/\/pubeurope.com\/@fr\/115463785413632938","error":""},"_links":{"self":[{"href":"https:\/\/www.europesays.com\/fr\/wp-json\/wp\/v2\/posts\/500211","targetHints":{"allow":["GET"]}}],"collection":[{"href":"https:\/\/www.europesays.com\/fr\/wp-json\/wp\/v2\/posts"}],"about":[{"href":"https:\/\/www.europesays.com\/fr\/wp-json\/wp\/v2\/types\/post"}],"author":[{"embeddable":true,"href":"https:\/\/www.europesays.com\/fr\/wp-json\/wp\/v2\/users\/2"}],"replies":[{"embeddable":true,"href":"https:\/\/www.europesays.com\/fr\/wp-json\/wp\/v2\/comments?post=500211"}],"version-history":[{"count":0,"href":"https:\/\/www.europesays.com\/fr\/wp-json\/wp\/v2\/posts\/500211\/revisions"}],"wp:featuredmedia":[{"embeddable":true,"href":"https:\/\/www.europesays.com\/fr\/wp-json\/wp\/v2\/media\/500212"}],"wp:attachment":[{"href":"https:\/\/www.europesays.com\/fr\/wp-json\/wp\/v2\/media?parent=500211"}],"wp:term":[{"taxonomy":"category","embeddable":true,"href":"https:\/\/www.europesays.com\/fr\/wp-json\/wp\/v2\/categories?post=500211"},{"taxonomy":"post_tag","embeddable":true,"href":"https:\/\/www.europesays.com\/fr\/wp-json\/wp\/v2\/tags?post=500211"}],"curies":[{"name":"wp","href":"https:\/\/api.w.org\/{rel}","templated":true}]}}