{"id":500216,"date":"2025-10-30T15:20:16","date_gmt":"2025-10-30T15:20:16","guid":{"rendered":"https:\/\/www.europesays.com\/fr\/500216\/"},"modified":"2025-10-30T15:20:16","modified_gmt":"2025-10-30T15:20:16","slug":"interruptions-constantes-remarques-acerbes-ton-agressif-cinq-heures-dinterrogatoire-tendu-au-senat-espagnol-pour-pedro-sanchez","status":"publish","type":"post","link":"https:\/\/www.europesays.com\/fr\/500216\/","title":{"rendered":"Interruptions constantes, remarques acerbes, ton agressif&#8230; Cinq heures d\u2019interrogatoire tendu au S\u00e9nat espagnol pour Pedro S\u00e1nchez"},"content":{"rendered":"<p>\n    Sans se d\u00e9partir de son calme, et allant parfois jusqu\u2019\u00e0 exploser de rire pour r\u00e9agir \u00e0 des questions sur un scandale de corruption, le premier ministre n\u2019a pratiquement rien l\u00e2ch\u00e9 \u00e0 ses adversaires.<\/p>\n<p class=\"fig-paragraph\">Interruptions constantes, remarques acerbes et ton agressif\u00a0: le premier ministre espagnol\u00a0<a href=\"http:\/\/www.lefigaro.fr\/international\/espagne-l-independantiste-catalan-carles-puigdemont-annonce-rompre-son-accord-avec-les-socialistes-de-pedro-sanchez-20251027\" target=\"_blank\" data-fig-type=\"NewsFlash\" rel=\"noopener nofollow\" data-gtm-custom-categorie=\"navigation\" data-gtm-custom-action=\"crossclick\" data-gtm-custom-label=\"Contextuel\" data-gtm-event=\"customEventSPE\" data-fig-domain=\"LEFIGARO\">Pedro S\u00e1nchez<\/a>\u00a0a comparu devant\u00a0<a href=\"http:\/\/www.lefigaro.fr\/flash-actu\/affaires-de-corruption-presumee-en-espagne-pedro-sanchez-accuse-des-juges-de-faire-de-la-politique-20250901\" target=\"_blank\" data-fig-type=\"NewsFlash\" rel=\"noopener nofollow\" data-gtm-custom-categorie=\"navigation\" data-gtm-custom-action=\"crossclick\" data-gtm-custom-label=\"Contextuel\" data-gtm-event=\"customEventSPE\" data-fig-domain=\"LEFIGARO\">une commission<\/a>\u00a0d&rsquo;enqu\u00eate s\u00e9natoriale sur<a href=\"http:\/\/www.lefigaro.fr\/international\/espagne-nouvelle-requisition-de-renvoi-devant-un-jury-pour-l-epouse-de-pedro-sanchez-20251002\" target=\"_blank\" data-fig-type=\"NewsFlash\" rel=\"noopener nofollow\" data-gtm-custom-categorie=\"navigation\" data-gtm-custom-action=\"crossclick\" data-gtm-custom-label=\"Contextuel\" data-gtm-event=\"customEventSPE\" data-fig-domain=\"LEFIGARO\">\u00a0un scandale<\/a>\u00a0de corruption qui a donn\u00e9 lieu jeudi pendant cinq heures \u00e0 des \u00e9changes tr\u00e8s tendus, mais \u00e0 aucun aveu ou r\u00e9v\u00e9lation mettant en difficult\u00e9 le leader socialiste. Elle n&rsquo;aura en tout cas pas permis d&rsquo;en savoir plus sur \u00abl&rsquo;affaire Koldo\u00bb, du nom de Koldo Garc\u00eda Izaguirre, l&rsquo;assistant d&rsquo;un ancien ministre des Transports et ex-bras droit de Pedro S\u00e1nchez, Jos\u00e9 Luis \u00c1balos, une escroquerie sur des contrats publics dans laquelle est \u00e9galement impliqu\u00e9 un autre ancien haut responsable socialiste et ex-proche de Pedro S\u00e1nchez, Santos Cerd\u00e1n.<\/p>\n<p class=\"fig-paragraph\">\u00abOui ou non\u00a0? R\u00e9pondez\u00a0!\u00bb. Malgr\u00e9 les tentatives r\u00e9p\u00e9t\u00e9es de s\u00e9nateurs de droite de le d\u00e9stabiliser, le chef de l&rsquo;ex\u00e9cutif s&rsquo;en est tenu \u00e0 sa ligne de d\u00e9fense, assurant qu&rsquo;il ne savait rien des turpitudes des deux hommes. \u00abJe peux r\u00e9pondre\u00a0?\u00bb, a souvent lanc\u00e9 Pedro S\u00e1nchez alors qu&rsquo;il se faisait couper la parole par les diff\u00e9rents s\u00e9nateurs qui l&rsquo;ont pass\u00e9 sur le grill. Sans se d\u00e9partir de son calme, et allant parfois jusqu&rsquo;\u00e0 exploser de rire pour r\u00e9agir \u00e0 des questions qu&rsquo;il jugeait absurdes, il n&rsquo;a pratiquement rien l\u00e2ch\u00e9 \u00e0 ses adversaires.<\/p>\n<p>                                    <a class=\"fig-a11y-skip a11y-hidden\" href=\"#fig-a11y-skip-main-inarticle\"><br \/>\n        Passer la publicit\u00e9<br \/>\n    <\/a><\/p>\n<p class=\"fig-paragraph\">Tout juste a-t-il admis avoir per\u00e7u quelques fois de l&rsquo;argent liquide de la part du parti socialiste, dans sa fonction de secr\u00e9taire g\u00e9n\u00e9ral, en remboursement de frais professionnels et sur pr\u00e9sentation de factures, affirmant que cela n&rsquo;avait jamais d\u00e9pass\u00e9 1000 euros et qu&rsquo;il s&rsquo;agissait d&rsquo;une proc\u00e9dure l\u00e9gale. Mais il est aussi souvent parti \u00e0 l&rsquo;offensive, d\u00e9non\u00e7ant la commission d&rsquo;enqu\u00eate comme \u00abun cirque\u00bb et \u00abune commission inquisitoriale digne de Torquemada\u00bb, du nom du c\u00e9l\u00e8bre inquisiteur espagnol du XVe si\u00e8cle. \u00abCe n&rsquo;est pas une commission de diffamation comme vous dites\u00bb, l&rsquo;a rappel\u00e9 \u00e0 l&rsquo;ordre le pr\u00e9sident de la Commission, Eloy Su\u00e1rez, membre du Parti populaire (PP, droite), qui l&rsquo;a appel\u00e9 \u00e0 faire preuve de \u00abrespect\u00bb.<\/p>\n<p>\u00abUne instrumentalisation grossi\u00e8re\u00bb<\/p>\n<p class=\"fig-paragraph\">L&rsquo;audition avait commenc\u00e9 \u00e0 9h00 avec les questions tr\u00e8s incisives de la s\u00e9natrice Mar\u00eda Mar Caballero (UPN, droite). \u00abJusqu&rsquo;\u00e0 quand allez-vous pr\u00e9tendre que vous ne saviez rien de tout ce que faisaient tous ceux qui vous entouraient\u00a0? Vous avez nomm\u00e9 \u00c1balos, fait confiance \u00e0 Koldo (Garc\u00eda), nomm\u00e9 Cerd\u00e1n, propos\u00e9 un procureur g\u00e9n\u00e9ral qui est aujourd&rsquo;hui sur le banc des accus\u00e9s. Vous avez votre fr\u00e8re, votre femme mise en examen\u00bb, a \u00e9num\u00e9r\u00e9 la s\u00e9natrice, citant les diff\u00e9rentes affaires touchant l&rsquo;entourage du premier ministre. \u00abNous sommes face \u00e0 une instrumentalisation grossi\u00e8re d&rsquo;une institution n\u00e9cessaire \u00e0 notre d\u00e9mocratie, le S\u00e9nat, un autre abus finalement de la part du Parti Populaire et de Vox\u00bb (extr\u00eame-droite), a conclu Pedro S\u00e1nchez \u00e0 la fin de l&rsquo;audition.<\/p>\n<p class=\"fig-paragraph\">L&rsquo;audition avait \u00e9t\u00e9 r\u00e9clam\u00e9e par le PP, qui voulait prouver que le premier ministre \u00e9tait au courant des malversations au sein de son parti et \u00e9tait m\u00eame complice, et qu&rsquo;il ment depuis le d\u00e9but en affirmant ne rien savoir. Elle n&rsquo;aura finalement pas permis d&rsquo;en savoir plus sur \u00abl&rsquo;affaire Koldo\u00bb, du nom de Koldo Garc\u00eda Izaguirre, ex-assistant de Jos\u00e9 Luis \u00c1balos et acteur central de cette affaire.<\/p>\n<p>Des contrats \u00e0 53 millions d\u2019euros<\/p>\n<p class=\"fig-paragraph\">R\u00e9v\u00e9l\u00e9e au grand jour en f\u00e9vrier 2024 lors de l&rsquo;arrestation de Koldo Garc\u00eda, l&rsquo;affaire a mis au jour une escroquerie ayant permis \u00e0 une petite soci\u00e9t\u00e9 d&rsquo;obtenir pendant la pand\u00e9mie de Covid-19 des contrats d&rsquo;un montant de 53 millions d&rsquo;euros pour fournir des masques \u00e0 diverses administrations. Ces contrats avaient d\u00e9gag\u00e9 des commissions ill\u00e9gales de plusieurs millions d&rsquo;euros. La justice est vite remont\u00e9e jusqu&rsquo;\u00e0 Jos\u00e9 Luis \u00c1balos, qui, en plus d&rsquo;\u00eatre ministre, \u00e9tait secr\u00e9taire \u00e0 l&rsquo;Organisation du Parti socialiste, poste cl\u00e9 qui en faisait l&rsquo;homme de confiance de Pedro S\u00e1nchez. Expuls\u00e9 du Parti, il a \u00e9t\u00e9 remplac\u00e9 par Santos Cerd\u00e1n, mais celui-ci a \u00e9t\u00e9 mis en cause en juin dernier et emprisonn\u00e9 le mois suivant pour avoir touch\u00e9 des pots-de-vin en \u00e9change de contrats publics dans un autre volet de ce scandale tentaculaire.<\/p>\n<p class=\"fig-paragraph\">Face \u00e0 ce s\u00e9isme, Pedro S\u00e1nchez a demand\u00e9 pardon \u00e0 plusieurs reprises aux Espagnols, assurant qu&rsquo;il ignorait tout de l&rsquo;affaire et que le Parti socialiste, dont il est secr\u00e9taire g\u00e9n\u00e9ral depuis 2017, n&rsquo;avait jamais b\u00e9n\u00e9fici\u00e9 de financements ill\u00e9gaux. Outre cette affaire Koldo, Pedro S\u00e1nchez est englu\u00e9 dans d&rsquo;autres affaires judiciaires qui touchent son \u00e9pouse, Bego\u00f1a G\u00f3mez, qui devrait \u00eatre jug\u00e9e pour une affaire de corruption et trafic d&rsquo;influence, son fr\u00e8re David, qui le sera pour trafic d&rsquo;influence, et le procureur g\u00e9n\u00e9ral de l&rsquo;\u00c9tat, \u00c1lvaro Garc\u00eda Ortiz, qu&rsquo;il a nomm\u00e9, et dont le proc\u00e8s pour violation du secret judiciaire s&rsquo;ouvrira lundi.<\/p>\n","protected":false},"excerpt":{"rendered":"Sans se d\u00e9partir de son calme, et allant parfois jusqu\u2019\u00e0 exploser de rire pour r\u00e9agir \u00e0 des questions&hellip;\n","protected":false},"author":2,"featured_media":500217,"comment_status":"","ping_status":"","sticky":false,"template":"","format":"standard","meta":{"footnotes":""},"categories":[5],"tags":[11,123,1011,27,14,12,122,1747,28],"class_list":{"0":"post-500216","1":"post","2":"type-post","3":"status-publish","4":"format-standard","5":"has-post-thumbnail","7":"category-international","8":"tag-actualites","9":"tag-espagne","10":"tag-fr","11":"tag-france","12":"tag-international","13":"tag-news","14":"tag-pedro-sanchez","15":"tag-scandale","16":"tag-world"},"share_on_mastodon":{"url":"https:\/\/pubeurope.com\/@fr\/115463797130763254","error":""},"_links":{"self":[{"href":"https:\/\/www.europesays.com\/fr\/wp-json\/wp\/v2\/posts\/500216","targetHints":{"allow":["GET"]}}],"collection":[{"href":"https:\/\/www.europesays.com\/fr\/wp-json\/wp\/v2\/posts"}],"about":[{"href":"https:\/\/www.europesays.com\/fr\/wp-json\/wp\/v2\/types\/post"}],"author":[{"embeddable":true,"href":"https:\/\/www.europesays.com\/fr\/wp-json\/wp\/v2\/users\/2"}],"replies":[{"embeddable":true,"href":"https:\/\/www.europesays.com\/fr\/wp-json\/wp\/v2\/comments?post=500216"}],"version-history":[{"count":0,"href":"https:\/\/www.europesays.com\/fr\/wp-json\/wp\/v2\/posts\/500216\/revisions"}],"wp:featuredmedia":[{"embeddable":true,"href":"https:\/\/www.europesays.com\/fr\/wp-json\/wp\/v2\/media\/500217"}],"wp:attachment":[{"href":"https:\/\/www.europesays.com\/fr\/wp-json\/wp\/v2\/media?parent=500216"}],"wp:term":[{"taxonomy":"category","embeddable":true,"href":"https:\/\/www.europesays.com\/fr\/wp-json\/wp\/v2\/categories?post=500216"},{"taxonomy":"post_tag","embeddable":true,"href":"https:\/\/www.europesays.com\/fr\/wp-json\/wp\/v2\/tags?post=500216"}],"curies":[{"name":"wp","href":"https:\/\/api.w.org\/{rel}","templated":true}]}}