{"id":500220,"date":"2025-10-30T15:22:13","date_gmt":"2025-10-30T15:22:13","guid":{"rendered":"https:\/\/www.europesays.com\/fr\/500220\/"},"modified":"2025-10-30T15:22:13","modified_gmt":"2025-10-30T15:22:13","slug":"grosse-operation-de-police-en-cours","status":"publish","type":"post","link":"https:\/\/www.europesays.com\/fr\/500220\/","title":{"rendered":"grosse op\u00e9ration de police en cours"},"content":{"rendered":"<p>            Par<br \/>\n        <strong><br \/>\n            <a href=\"https:\/\/actu.fr\/auteur\/redaction-lyon\" title=\"Consulter tous les articles de R\u00e9daction Lyon\" target=\"_blank\" rel=\"noopener\">R\u00e9daction Lyon<\/a><br \/>\n        <\/strong><\/p>\n<p>        Publi\u00e9 le<\/p>\n<p>            30 oct. 2025 \u00e0 15h20<br \/>\n        ; mis \u00e0 jour le 30 oct. 2025 \u00e0 16h01    <\/p>\n<p>Un <strong>braquage violent<\/strong> a eu lieu peu avant 14h dans le 7e arrondissement de <a href=\"https:\/\/actu.fr\/auvergne-rhone-alpes\/lyon_69123\" target=\"_blank\" rel=\"noopener\">Lyon<\/a>, ce jeudi 30 octobre, visant le <strong>laboratoire Pourquery<\/strong>, qui traite des m\u00e9taux pr\u00e9cieux, notamment de l\u2019or, a appris actu Lyon de source s\u00e9curitaire, confirmant <a href=\"https:\/\/www.leprogres.fr\/faits-divers-justice\/2025\/10\/30\/une-explosion-des-homme-avec-de-faux-brassards-un-laboratoire-braque-avec-des-armes-de-guerre\" target=\"_blank\" rel=\"noopener\">Le Progr\u00e8s<\/a>.<\/p>\n<p class=\" wall-content\">Une importante op\u00e9ration de police est en cours dans le secteur, selon nos informations.<\/p>\n<p>Les cinq braqueurs arm\u00e9s d\u00e9j\u00e0 interpell\u00e9s<\/p>\n<p class=\" wall-content\">Les braqueurs lourdement arm\u00e9s ont fait usage de \u00ab\u00a0moyens explosifs\u00a0\u00bb et les individus \u00e9taient en possession \u00ab\u00a0d\u2019armes longues\u00a0\u00bb ou de guerre, selon nos informations. La Brigade de recherche et d\u2019intervention (BRI) a \u00e9t\u00e9 engag\u00e9e, ainsi que les pompiers et la police. Un v\u00e9hicule des d\u00e9mineurs est aussi sur place.<\/p>\n<p class=\" wall-content\">Selon nos informations, les suspects ont d\u00e9j\u00e0 \u00e9t\u00e9 interpell\u00e9s par la BRI. Cinq individus sont plac\u00e9s en garde \u00e0 vue. Le braquage a fait <strong>cinq bless\u00e9s l\u00e9gers en raison de l\u2019explosion<\/strong>.<\/p>\n<p class=\" wall-content\">Le butin a \u00e9t\u00e9 retrouv\u00e9 par la police.<\/p>\n<p class=\" wall-content\">\n<p>    <a href=\"https:\/\/www.google.com\/maps\/embed?pb=!1m18!1m12!1m3!1d20476.270094993175!2d4.833421314624095!3d45.726515007769784!2m3!1f0!2f0!3f0!3m2!1i1024!2i768!4f13.1!3m3!1m2!1s0x47f4ea21c2fdb049%3A0x71b7ac51b60b689d!2sBd%20du%20Parc%20d%27Artillerie%2C%2069007%20Lyon!5e1!3m2!1sfr!2sfr!4v1761833722544!5m2!1sfr!2sfr\" title=\"Ouvrie le lien\" target=\"_blank\" rel=\"noopener\">Cliquez ici pour visualiser le contenu<\/a><\/p>\n<p>Des individus lourdement arm\u00e9s en fuite<\/p>\n<p class=\" wall-content\">Sur des images publi\u00e9es sur X prises par des t\u00e9moins d\u2019une entreprise voisine, on voit les individus en train de s\u2019introduire au niveau du b\u00e2timent.<\/p>\n<p class=\" wall-content\">Une camionnette blanche avec un gyrophare est pr\u00e9sente, les suspects se seraient fait passer pour de faux policiers. Sur cette vid\u00e9o, on entend aussi les employ\u00e9s en train d\u2019appeler la police.<\/p>\n<p>Votre r\u00e9gion, votre actu !<\/p>\n<p>Recevez chaque jour les infos qui comptent pour vous.<\/p>\n<p>\t<a href=\"https:\/\/actu.fr\/newsletter\" class=\"ac-btn ac-btn--corner ac-btn--medium ac-btn--blue800\" target=\"_blank\" rel=\"noopener\">S&rsquo;incrire<\/a><\/p>\n<p class=\" wall-content\">\n<p class=\" wall-content\">\n<p class=\" wall-content\">\n<p>Un salari\u00e9 de l\u2019entreprise voisine filme la sc\u00e8ne et raconte<\/p>\n<p class=\" wall-content\">Cl\u00e9ment, salari\u00e9 de l\u2019entreprise voisine, a \u00e9t\u00e9 t\u00e9moin de la sc\u00e8ne. Il raconte le braquage aupr\u00e8s d\u2019actu Lyon : \u00ab\u00a0On mangeait tranquillement et d\u2019un coup, on a entendu une grosse d\u00e9tonation venant du laboratoire, on s\u2019est rang\u00e9 derri\u00e8re les fen\u00eatres et on a pu voir le braquage qui se d\u00e9roulait.\u00a0\u00bb<\/p>\n<p class=\" wall-content\">L\u2019explosion a \u00e9t\u00e9 si violente qu\u2019un barreau a \u00e9t\u00e9 projet\u00e9 dans la fen\u00eatre de son entreprise. \u00ab\u00a0On a vu quatre personnes arm\u00e9es d\u2019armes de guerre type Kalachnikov, vraiment lourdement arm\u00e9es, tr\u00e8s professionnelles, tr\u00e8s calmes et masqu\u00e9es\u00a0\u00bb, d\u00e9taille-t-il.\u00a0<\/p>\n<p class=\" wall-content\">Cl\u00e9ment ajoute : \u00ab\u00a0Ils ont vol\u00e9 de nombreux petits sacs, surement des m\u00e9taux pr\u00e9cieux. Ils avaient une \u00e9chelle t\u00e9lescopique pour escalader et ils\u00a0ont pris un extincteur pour effacer les preuves. <strong>\u00c7a a dur\u00e9 \u00e0 peine moins de dix minutes,<\/strong> mais c\u2019\u00e9tait long parce qu\u2019ils prenaient leur temps.\u00a0\u00bb<\/p>\n<p class=\" wall-content\">\n    <img   decoding=\"async\" loading=\"lazy\" src=\"https:\/\/www.europesays.com\/fr\/wp-content\/uploads\/2025\/10\/braquage-lyon-laboratoire-960x640.jpeg\" alt=\"Le v\u00e9hicule des d\u00e9mineurs sur les lieux de l'attaque.\" width=\"960\" height=\"640\"\/><br \/>\n    Le v\u00e9hicule des d\u00e9mineurs sur les lieux de l\u2019attaque. (\u00a9Julien Damboise\/ actu Lyon)<br \/>\n    <img   decoding=\"async\" loading=\"lazy\" src=\"https:\/\/www.europesays.com\/fr\/wp-content\/uploads\/2025\/10\/laboratoire-attaque-lyon-explosif-960x640.jpeg\" alt=\"Le laboratoire attaqu\u00e9. On constate des vitres souffl\u00e9es par l'explosion.\" width=\"960\" height=\"640\"\/><br \/>\n    Le laboratoire attaqu\u00e9. On constate des vitres souffl\u00e9es par l\u2019explosion. (\u00a9Julien Damboise\/ actu Lyon)<br \/>\n    <img   decoding=\"async\" loading=\"lazy\" src=\"https:\/\/www.europesays.com\/fr\/wp-content\/uploads\/2025\/10\/capture-decran-2025-10-30-a-151632-960x640.png\" alt=\"Un individu arm\u00e9 tente de braquer le laboratoire \u00e0 Lyon, dans le 7e arrondissement.\" width=\"960\" height=\"640\"\/><br \/>\n    Un individu arm\u00e9 tente de braquer le laboratoire \u00e0 Lyon, dans le 7e arrondissement. (\u00a9capture vid\u00e9o @ClemGrllt\/ X)<\/p>\n<p class=\" wall-content\">L\u2019entreprise vis\u00e9e avait <a href=\"https:\/\/actu.fr\/auvergne-rhone-alpes\/lyon_69123\/lyon-une-porsche-incendiee-par-des-hommes-cagoules-et-armes-en-pleine-journee_62641119.html\" target=\"_blank\" rel=\"noopener\">d\u00e9j\u00e0 \u00e9t\u00e9 l\u2019objet d\u2019un braquage rat\u00e9 le 15 mai 2025<\/a>. Les suspects n\u2019avaient pas r\u00e9ussi \u00e0 subtiliser de butin et une Porsche avait \u00e9t\u00e9 incendi\u00e9e dans le quartier.<\/p>\n<p class=\" wall-content\">Nicolas Zaugra avec Julien Damboise<\/p>\n<p class=\" wall-content\">Personnalisez votre actualit\u00e9 en ajoutant vos villes et m\u00e9dias en favori avec <a href=\"https:\/\/moncompte.actu.fr\" title=\"D\u00e9couvez Mon Actu\" rel=\"nofollow noopener\" data-trk=\"{&quot;cta&quot;:{&quot;action&quot;:&quot;https:\\\/\\\/moncompte.actu.fr&quot;,&quot;category&quot;:&quot;mon compte&quot;,&quot;from&quot;:&quot;article footer&quot;,&quot;name&quot;:&quot;Mon actu&quot;,&quot;type&quot;:&quot;cta&quot;}}\" target=\"_blank\">Mon Actu<\/a>.<\/p>\n","protected":false},"excerpt":{"rendered":"Par R\u00e9daction Lyon Publi\u00e9 le 30 oct. 2025 \u00e0 15h20 ; mis \u00e0 jour le 30 oct. 2025&hellip;\n","protected":false},"author":2,"featured_media":500221,"comment_status":"","ping_status":"","sticky":false,"template":"","format":"standard","meta":{"footnotes":""},"categories":[2],"tags":[11,118,1011,27,12,1072],"class_list":{"0":"post-500220","1":"post","2":"type-post","3":"status-publish","4":"format-standard","5":"has-post-thumbnail","7":"category-actualites","8":"tag-actualites","9":"tag-faits-divers","10":"tag-fr","11":"tag-france","12":"tag-news","13":"tag-police"},"share_on_mastodon":{"url":"https:\/\/pubeurope.com\/@fr\/115463806242281419","error":""},"_links":{"self":[{"href":"https:\/\/www.europesays.com\/fr\/wp-json\/wp\/v2\/posts\/500220","targetHints":{"allow":["GET"]}}],"collection":[{"href":"https:\/\/www.europesays.com\/fr\/wp-json\/wp\/v2\/posts"}],"about":[{"href":"https:\/\/www.europesays.com\/fr\/wp-json\/wp\/v2\/types\/post"}],"author":[{"embeddable":true,"href":"https:\/\/www.europesays.com\/fr\/wp-json\/wp\/v2\/users\/2"}],"replies":[{"embeddable":true,"href":"https:\/\/www.europesays.com\/fr\/wp-json\/wp\/v2\/comments?post=500220"}],"version-history":[{"count":0,"href":"https:\/\/www.europesays.com\/fr\/wp-json\/wp\/v2\/posts\/500220\/revisions"}],"wp:featuredmedia":[{"embeddable":true,"href":"https:\/\/www.europesays.com\/fr\/wp-json\/wp\/v2\/media\/500221"}],"wp:attachment":[{"href":"https:\/\/www.europesays.com\/fr\/wp-json\/wp\/v2\/media?parent=500220"}],"wp:term":[{"taxonomy":"category","embeddable":true,"href":"https:\/\/www.europesays.com\/fr\/wp-json\/wp\/v2\/categories?post=500220"},{"taxonomy":"post_tag","embeddable":true,"href":"https:\/\/www.europesays.com\/fr\/wp-json\/wp\/v2\/tags?post=500220"}],"curies":[{"name":"wp","href":"https:\/\/api.w.org\/{rel}","templated":true}]}}