{"id":500222,"date":"2025-10-30T15:23:12","date_gmt":"2025-10-30T15:23:12","guid":{"rendered":"https:\/\/www.europesays.com\/fr\/500222\/"},"modified":"2025-10-30T15:23:12","modified_gmt":"2025-10-30T15:23:12","slug":"la-prison-de-nouveau-face-au-juge","status":"publish","type":"post","link":"https:\/\/www.europesays.com\/fr\/500222\/","title":{"rendered":"la prison de nouveau face au juge"},"content":{"rendered":"<p>L\u2019Observatoire international des prisons (OIP) revient \u00e0 la charge concernant le centre p\u00e9nitentiaire de La Talaudi\u00e8re. \u00ab Malgr\u00e9 la r\u00e9novation d\u2019une partie des locaux, les personnes d\u00e9tenues demeurent soumises \u00e0 des conditions de vie attentatoires \u00e0 la dignit\u00e9 humaine, comme ont pu le constater ces derniers mois le b\u00e2tonnier du barreau de Saint-\u00c9tienne et la d\u00e9put\u00e9e <a href=\"https:\/\/www.leprogres.fr\/p\/andree-taurinya\" target=\"_blank\" rel=\"noopener\">Andr\u00e9e Taurinya<\/a> apr\u00e8s une nouvelle visite. \u00bb<\/p>\n<p>  Cours de promenade satur\u00e9es de d\u00e9chets<\/p>\n<p>Ont \u00e9t\u00e9 point\u00e9s du doigt \u00ab la v\u00e9tust\u00e9 du quartier femmes, ainsi que d\u2019une partie du quartier hommes : douches collectives insalubres, toilettes non suffisamment cloisonn\u00e9es, fen\u00eatres d\u00e9t\u00e9rior\u00e9es qui ne garantissent pas l\u2019isolation thermique des cellules, murs rong\u00e9s par l\u2019humidit\u00e9. De m\u00eame, un \u00e9tat d\u2019insalubrit\u00e9 r\u00e9pugnant est constat\u00e9 : cours de promenade satur\u00e9es de d\u00e9chets, espaces de circulation empestant l\u2019urine de rats, salles d\u2019attente de l\u2019unit\u00e9 sanitaire aux murs souill\u00e9s de traces d\u2019urine et autres d\u00e9jections s\u00e9ch\u00e9es. L\u2019\u00e9tat des \u00e9quipements \u00e9lectriques dans certaines cellules fait courir des dangers suppl\u00e9mentaires, tout comme l\u2019absence de syst\u00e8me d\u2019alarme dans les douches collectives, dans un contexte de violence aliment\u00e9 par la suroccupation des locaux.<\/p>\n<p>L\u2019OIP rappelle que \u00ab dans la Loire comme ailleurs, <a href=\"https:\/\/www.leprogres.fr\/faits-divers-justice\/2024\/11\/13\/surpopulation-carcerale-stephanoise-a-148-quelles-solutions\" target=\"_blank\" rel=\"noopener\">la surpopulation explose<\/a>. Au 1er septembre 2025, on comptait 425 personnes incarc\u00e9r\u00e9es pour 263 places. Ce taux d\u2019occupation de 161,6 % n\u00e9cessite de faire dormir plusieurs dizaines de personnes sur des matelas pos\u00e9s \u00e0 m\u00eame le sol, parfois \u00e0 proximit\u00e9 imm\u00e9diate des toilettes, dans des cellules exigu\u00ebs. L\u2019ann\u00e9e 2025 a aussi \u00e9t\u00e9 marqu\u00e9e <a href=\"https:\/\/www.leprogres.fr\/faits-divers-justice\/2025\/02\/15\/un-nouveau-detenu-s-est-donne-la-mort-dans-sa-cellule-a-la-prison-de-la-talaudiere\" target=\"_blank\" rel=\"noopener\">par les suicides de deux jeunes hommes<\/a> de 26 et 29 ans \u00e0 la prison de la Talaudi\u00e8re \u00bb.<\/p>\n<p>  D\u00e9j\u00e0 une d\u00e9cision en 2023<\/p>\n<p>L\u2019association a engag\u00e9 un nouveau r\u00e9f\u00e9r\u00e9-libert\u00e9 (proc\u00e9dure d\u2019urgence) contre la prison st\u00e9phanoise, l\u2019audience est annonc\u00e9e au tribunal administratif de Lyon le mardi 4 novembre \u00e0 14 heures. \u00ab Face \u00e0 la surpopulation et l\u2019\u00e9tat catastrophique des prisons fran\u00e7aises, le silence du garde des Sceaux r\u00e9sonne plus fort que les alertes r\u00e9p\u00e9t\u00e9es des juridictions, des associations et des institutions de contr\u00f4le \u00bb.<\/p>\n<p>En 2022, la Contr\u00f4leure g\u00e9n\u00e9rale des lieux de privation de libert\u00e9 tirait la sonnette d\u2019alarme concernant le centre p\u00e9nitentiaire de Loire Sud. Depuis, les alertes se multiplient. La d\u00e9put\u00e9e LFI Andr\u00e9e Taurinya <a href=\"https:\/\/www.leprogres.fr\/environnement\/2025\/06\/26\/jamais-vu-autant-de-matelas-au-sol-la-deputee-andree-taurinya-ne-lache-pas-la-prison-de-la-talaudiere\" target=\"_blank\" rel=\"noopener\">en a fait un cheval de bataille<\/a>. En mars 2023, le juge des r\u00e9f\u00e9r\u00e9s du tribunal administratif de Lyon a somm\u00e9 l\u2019administration d\u2019agir concernant le parafoudre de l\u2019\u00e9tablissement ainsi que la fourniture r\u00e9guli\u00e8re aux personnes d\u00e9tenues de produits de nettoyage. En mai suivant, le Conseil d\u2019\u00c9tat a ordonn\u00e9 sept mesures en urgence, dont la r\u00e9duction du risque incendie et \u00e9lectrique et l\u2019am\u00e9lioration des conditions d\u2019hygi\u00e8ne. En d\u00e9but d\u2019ann\u00e9e, une avocate st\u00e9phanoise <a href=\"https:\/\/www.leprogres.fr\/faits-divers-justice\/2025\/02\/24\/cellules-frigo-douches-crasseuses-une-avocate-fait-plier-la-prison\" target=\"_blank\" rel=\"noopener\">a fait reconna\u00eetre par un jug<\/a> e, dans deux cas, le \u00ab caract\u00e8re indigne \u00bb des conditions de d\u00e9tention \u00e0 La Talaudi\u00e8re. L\u2019administration p\u00e9nitentiaire n\u2019a pas souhait\u00e9 faire de commentaire.<\/p>\n<p class=\"note\">A lire aussi : <a href=\"https:\/\/www.leprogres.fr\/faits-divers-justice\/2023\/03\/17\/action-en-justice-contre-la-prison-de-la-talaudiere-audience-le-23-mars\" target=\"_blank\" rel=\"noopener\">https:\/\/c.leprogres.fr\/faits-divers-justice\/2023\/03\/17\/action-en-justice-contre-la-prison-de-la-talaudiere-audience-le-23-mars<\/a><\/p>\n","protected":false},"excerpt":{"rendered":"L\u2019Observatoire international des prisons (OIP) revient \u00e0 la charge concernant le centre p\u00e9nitentiaire de La Talaudi\u00e8re. \u00ab Malgr\u00e9&hellip;\n","protected":false},"author":2,"featured_media":500223,"comment_status":"","ping_status":"","sticky":false,"template":"","format":"standard","meta":{"footnotes":""},"categories":[9653],"tags":[1111,11,2430,271,272,7539,1777,674,274,1011,27,12053,3367,12,25,4001,9664],"class_list":{"0":"post-500222","1":"post","2":"type-post","3":"status-publish","4":"format-standard","5":"has-post-thumbnail","7":"category-saint-etienne","8":"tag-actu","9":"tag-actualites","10":"tag-auvergne-rhone-alpes","11":"tag-crime","12":"tag-delit-et-contravention","13":"tag-edition-loire-sud","14":"tag-eu","15":"tag-europe","16":"tag-faits-divers-justice","17":"tag-fr","18":"tag-france","19":"tag-la-talaudiere","20":"tag-loire","21":"tag-news","22":"tag-republique-francaise","23":"tag-saint-etienne","24":"tag-saint-etienne-bassin"},"share_on_mastodon":{"url":"https:\/\/pubeurope.com\/@fr\/115463809062984424","error":""},"_links":{"self":[{"href":"https:\/\/www.europesays.com\/fr\/wp-json\/wp\/v2\/posts\/500222","targetHints":{"allow":["GET"]}}],"collection":[{"href":"https:\/\/www.europesays.com\/fr\/wp-json\/wp\/v2\/posts"}],"about":[{"href":"https:\/\/www.europesays.com\/fr\/wp-json\/wp\/v2\/types\/post"}],"author":[{"embeddable":true,"href":"https:\/\/www.europesays.com\/fr\/wp-json\/wp\/v2\/users\/2"}],"replies":[{"embeddable":true,"href":"https:\/\/www.europesays.com\/fr\/wp-json\/wp\/v2\/comments?post=500222"}],"version-history":[{"count":0,"href":"https:\/\/www.europesays.com\/fr\/wp-json\/wp\/v2\/posts\/500222\/revisions"}],"wp:featuredmedia":[{"embeddable":true,"href":"https:\/\/www.europesays.com\/fr\/wp-json\/wp\/v2\/media\/500223"}],"wp:attachment":[{"href":"https:\/\/www.europesays.com\/fr\/wp-json\/wp\/v2\/media?parent=500222"}],"wp:term":[{"taxonomy":"category","embeddable":true,"href":"https:\/\/www.europesays.com\/fr\/wp-json\/wp\/v2\/categories?post=500222"},{"taxonomy":"post_tag","embeddable":true,"href":"https:\/\/www.europesays.com\/fr\/wp-json\/wp\/v2\/tags?post=500222"}],"curies":[{"name":"wp","href":"https:\/\/api.w.org\/{rel}","templated":true}]}}