{"id":500245,"date":"2025-10-30T15:36:12","date_gmt":"2025-10-30T15:36:12","guid":{"rendered":"https:\/\/www.europesays.com\/fr\/500245\/"},"modified":"2025-10-30T15:36:12","modified_gmt":"2025-10-30T15:36:12","slug":"les-billets-du-match-de-vannes-delocalise-a-rennes-ecoules-en-seulement-30-minutes","status":"publish","type":"post","link":"https:\/\/www.europesays.com\/fr\/500245\/","title":{"rendered":"les billets du match de Vannes d\u00e9localis\u00e9 \u00e0 Rennes \u00e9coul\u00e9s en seulement 30 minutes"},"content":{"rendered":"<p>\n    Tous les billets du match de Pro D2 opposant Vannes \u00e0 Grenoble d\u00e9localis\u00e9 au Roazhon Park \u00e0 Rennes ont \u00e9t\u00e9 vendus en 30 minutes.<\/p>\n<p class=\"fig-paragraph\">Toutes les places mises en vente pour le match de la 11e journ\u00e9e de Pro D2 de Vannes contre Grenoble,<a href=\"http:\/\/www.lefigaro.fr\/sports\/rugby\/pro-d2-le-rc-vannes-confirme-la-delocalisation-du-match-face-a-grenoble-au-roazhon-park-de-rennes-20251021\" data-fig-type=\"NewsFlash\" data-gtm-custom-categorie=\"navigation\" data-gtm-custom-action=\"crossclick\" data-gtm-custom-label=\"Contextuel\" data-gtm-event=\"customEventSPE\" data-fig-domain=\"LEFIGARO\" rel=\"nofollow noopener\" target=\"_blank\">\u00a0d\u00e9localis\u00e9 pour la premi\u00e8re fois au Roazhon Park \u00e0 Rennes,\u00a0<\/a>ont \u00e9t\u00e9 \u00e9puis\u00e9es en 30 minutes, s&rsquo;est r\u00e9joui jeudi le RCV.<\/p>\n<p class=\"fig-paragraph\">Les 30.000 places du Roazhon Park seront donc remplies pour cette rencontre qui aura lieu dimanche 16 novembre entre Vannes, rel\u00e9gu\u00e9 de Top 14 et Grenoble, finaliste malheureux de la deuxi\u00e8me division lors des trois derni\u00e8res saisons.<\/p>\n<p>                                    <a class=\"fig-a11y-skip a11y-hidden\" href=\"#fig-a11y-skip-main-inarticle\"><br \/>\n        Passer la publicit\u00e9<br \/>\n    <\/a><\/p>\n<p class=\"fig-paragraph\">\u00abMerci \u00e0 vous pour cet incroyable engouement derri\u00e8re notre club et avec nous l&rsquo;ensemble du rugby breton\u00bb, \u00e9crit le RCV sur ses r\u00e9seaux sociaux.<\/p>\n<p class=\"fig-paragraph\">Chaque abonn\u00e9 du club breton, le premier de la r\u00e9gion \u00e0 avoir acc\u00e9d\u00e9 \u00e0 l&rsquo;\u00e9lite du rugby, avait automatiquement un si\u00e8ge \u00e0 Rennes et les autres places ont \u00e9t\u00e9 mises en vente jeudi \u00e0 14h00. Le stade de Vannes, La Rabine, compte moins de 12.000 places et les rencontres sont \u00e0 guichets ferm\u00e9s chaque week-end.<\/p>\n<p class=\"fig-paragraph\">Vannes avait d\u00e9j\u00e0 accueilli en match de pr\u00e9paration avant le d\u00e9but de saison le Stade toulousain \u00e0 Guingamp, devant 17.000 supporteurs.<\/p>\n<p class=\"fig-paragraph\">Vannes, actuellement leader de la Pro D2, re\u00e7oit vendredi Valence-Romans, troisi\u00e8me.<\/p>\n","protected":false},"excerpt":{"rendered":"Tous les billets du match de Pro D2 opposant Vannes \u00e0 Grenoble d\u00e9localis\u00e9 au Roazhon Park \u00e0 Rennes&hellip;\n","protected":false},"author":2,"featured_media":500246,"comment_status":"","ping_status":"","sticky":false,"template":"","format":"standard","meta":{"footnotes":""},"categories":[2821],"tags":[1111,11,829,1777,674,1011,27,2731,12,2308,3164,584,25],"class_list":{"0":"post-500245","1":"post","2":"type-post","3":"status-publish","4":"format-standard","5":"has-post-thumbnail","7":"category-rennes","8":"tag-actu","9":"tag-actualites","10":"tag-bretagne","11":"tag-eu","12":"tag-europe","13":"tag-fr","14":"tag-france","15":"tag-grenoble","16":"tag-news","17":"tag-pro-d2","18":"tag-rc-vannes","19":"tag-rennes","20":"tag-republique-francaise"},"share_on_mastodon":{"url":"","error":""},"_links":{"self":[{"href":"https:\/\/www.europesays.com\/fr\/wp-json\/wp\/v2\/posts\/500245","targetHints":{"allow":["GET"]}}],"collection":[{"href":"https:\/\/www.europesays.com\/fr\/wp-json\/wp\/v2\/posts"}],"about":[{"href":"https:\/\/www.europesays.com\/fr\/wp-json\/wp\/v2\/types\/post"}],"author":[{"embeddable":true,"href":"https:\/\/www.europesays.com\/fr\/wp-json\/wp\/v2\/users\/2"}],"replies":[{"embeddable":true,"href":"https:\/\/www.europesays.com\/fr\/wp-json\/wp\/v2\/comments?post=500245"}],"version-history":[{"count":0,"href":"https:\/\/www.europesays.com\/fr\/wp-json\/wp\/v2\/posts\/500245\/revisions"}],"wp:featuredmedia":[{"embeddable":true,"href":"https:\/\/www.europesays.com\/fr\/wp-json\/wp\/v2\/media\/500246"}],"wp:attachment":[{"href":"https:\/\/www.europesays.com\/fr\/wp-json\/wp\/v2\/media?parent=500245"}],"wp:term":[{"taxonomy":"category","embeddable":true,"href":"https:\/\/www.europesays.com\/fr\/wp-json\/wp\/v2\/categories?post=500245"},{"taxonomy":"post_tag","embeddable":true,"href":"https:\/\/www.europesays.com\/fr\/wp-json\/wp\/v2\/tags?post=500245"}],"curies":[{"name":"wp","href":"https:\/\/api.w.org\/{rel}","templated":true}]}}