{"id":500257,"date":"2025-10-30T15:42:22","date_gmt":"2025-10-30T15:42:22","guid":{"rendered":"https:\/\/www.europesays.com\/fr\/500257\/"},"modified":"2025-10-30T15:42:22","modified_gmt":"2025-10-30T15:42:22","slug":"garcianda-va-renforcer-nantes","status":"publish","type":"post","link":"https:\/\/www.europesays.com\/fr\/500257\/","title":{"rendered":"Garcianda va renforcer Nantes"},"content":{"rendered":"<p><strong>D\u00e9j\u00e0 pass\u00e9 par la Liqui Moly<br \/>\nStarLigue avec Aix lors de la saison 2020-2021, l\u2019arri\u00e8re droit<br \/>\ninternational espagnol Imanol Garcianda va retrouver le championnat<br \/>\nde France d\u00e8s la saison prochaine. Il a sign\u00e9 pour les trois<br \/>\nprochaines ann\u00e9es en faveur de Nantes.<\/strong><\/p>\n<p><strong>La colonie espagnole va s\u2019agrandir \u00e0 Nantes.<\/strong><br \/>\nAlors qu\u2019Ignacio Biosca, Kauldi Odriozola et Ian Tarrafeta portent<br \/>\nd\u00e9j\u00e0 les couleurs du \u00ab H \u00bb, aux c\u00f4t\u00e9s de Valero Rivera qui mettra<br \/>\nun terme \u00e0 sa carri\u00e8re en fin de saison, un nouvel international<br \/>\nvenu de l\u2019autre c\u00f4t\u00e9 des Pyr\u00e9n\u00e9es se pr\u00e9pare \u00e0 rallier la<br \/>\nLoire-Atlantique. En effet, par l\u2019interm\u00e9diaire d\u2019un communiqu\u00e9,<br \/>\n<strong>le vice-champion de France a officialis\u00e9 la signature de<br \/>\nl\u2019arri\u00e8re droit Imanol Garcianda pour les trois prochaines saisons,<br \/>\nsoit jusqu\u2019en juin 2029<\/strong>. Membre de l\u2019\u00e9quipe d\u2019Espagne<br \/>\nm\u00e9daill\u00e9e de bronze lors du Mondial 2023 puis des Jeux d\u2019\u00e9t\u00e9<br \/>\norganis\u00e9s \u00e0 Paris en 2024, le natif d\u2019Urretxu conna\u00eet d\u00e9j\u00e0 le<br \/>\nchampionnat de France pour y avoir d\u00e9j\u00e0 pass\u00e9 quelques mois.<\/p>\n<p>Garcianda en qu\u00eate d\u2019un \u00ab nouveau<br \/>\nchallenge \u00bb<\/p>\n<p>S\u2019il a fait ses d\u00e9buts professionnels du c\u00f4t\u00e9 de Logro\u00f1o, il a<br \/>\npass\u00e9 la saison 2020-2021 sous les couleurs d\u2019Aix avant de prendre<br \/>\nla direction de Szeged. <strong>Un passage en Hongrie long de cinq<br \/>\nsaisons qui va ainsi prendre fin d\u2019ici quelques mois<\/strong>.<br \/>\nAffirmant \u00eatre \u00ab tr\u00e8s heureux et motiv\u00e9 \u00bb en vue de son arriv\u00e9e \u00e0<br \/>\nNantes, Imanol Garcianda compte trouver sa place le plus rapidement<br \/>\npossible dans le groupe dirig\u00e9 par Gr\u00e9gory Cojean. \u00ab<br \/>\n<strong>J\u2019esp\u00e8re m\u2019adapter le plus rapidement possible et pouvoir<br \/>\napporter mon exp\u00e9rience \u00e0 l\u2019\u00e9quipe<\/strong>, a-t-il ajout\u00e9 dans le<br \/>\ncommuniqu\u00e9 de son futur club. C\u2019\u2019est le bon moment pour moi de me<br \/>\nlancer un nouveau challenge et cr\u00e9er une nouvelle belle histoire<br \/>\navec un autre club. \u00bb<\/p>\n<p>Garcianda va remplacer Bos aux<br \/>\nc\u00f4t\u00e9s d\u2019Abdi<\/p>\n<p>Vu par le pr\u00e9sident du \u00ab H \u00bb Ga\u00ebl Pelletier comme \u00ab <strong>un<br \/>\njoueur complet, de tr\u00e8s haut niveau, reconnu pour son engagement et<br \/>\nsa polyvalence<\/strong> \u00bb, l\u2019international espagnol va apporter \u00ab<br \/>\nune belle compl\u00e9mentarit\u00e9 sur le poste avec Ayoub Abdi et<br \/>\ns\u2019inscrira dans une dynamique collective ambitieuse \u00bb. En effet,<br \/>\nImanol Garcianda va arriver pour mettre en concurrence<br \/>\nl\u2019international alg\u00e9rien alors que Julien Bos va quitter Nantes au<br \/>\nterme de la saison pour prendre la direction de la Pologne et du<br \/>\nclub de Kielce pour sa premi\u00e8re exp\u00e9rience \u00e0 l\u2019\u00e9tranger. En tout<br \/>\ncas, le pr\u00e9sident du \u00ab H \u00bb ne s\u2019inqui\u00e8te pas concernant l\u2019arriv\u00e9e<br \/>\nde son futur joueur. \u00ab <strong>Les joueurs espagnols ont toujours<br \/>\nsu s\u2019int\u00e9grer parfaitement \u00e0 notre environnement<\/strong>, a-t-il<br \/>\nconclu. Nous n\u2019avons aucun doute qu\u2019il en sera de m\u00eame avec Imanol,<br \/>\nque nous aurons le plaisir d\u2019accueillir d\u00e8s l\u2019\u00e9t\u00e9 prochain. \u00bb<\/p>\n","protected":false},"excerpt":{"rendered":"D\u00e9j\u00e0 pass\u00e9 par la Liqui Moly StarLigue avec Aix lors de la saison 2020-2021, l\u2019arri\u00e8re droit international espagnol&hellip;\n","protected":false},"author":2,"featured_media":500258,"comment_status":"","ping_status":"","sticky":false,"template":"","format":"standard","meta":{"footnotes":""},"categories":[2818],"tags":[11854,1111,11,1777,674,1011,27,62242,1792,12132,766,12,2636,25,57681],"class_list":{"0":"post-500257","1":"post","2":"type-post","3":"status-publish","4":"format-standard","5":"has-post-thumbnail","7":"category-nantes","8":"tag-11854","9":"tag-actu","10":"tag-actualites","11":"tag-eu","12":"tag-europe","13":"tag-fr","14":"tag-france","15":"tag-garcianda","16":"tag-handball","17":"tag-liqui-moly-starligue","18":"tag-nantes","19":"tag-news","20":"tag-pays-de-la-loire","21":"tag-republique-francaise","22":"tag-sport365-fr"},"share_on_mastodon":{"url":"https:\/\/pubeurope.com\/@fr\/115463883625526242","error":""},"_links":{"self":[{"href":"https:\/\/www.europesays.com\/fr\/wp-json\/wp\/v2\/posts\/500257","targetHints":{"allow":["GET"]}}],"collection":[{"href":"https:\/\/www.europesays.com\/fr\/wp-json\/wp\/v2\/posts"}],"about":[{"href":"https:\/\/www.europesays.com\/fr\/wp-json\/wp\/v2\/types\/post"}],"author":[{"embeddable":true,"href":"https:\/\/www.europesays.com\/fr\/wp-json\/wp\/v2\/users\/2"}],"replies":[{"embeddable":true,"href":"https:\/\/www.europesays.com\/fr\/wp-json\/wp\/v2\/comments?post=500257"}],"version-history":[{"count":0,"href":"https:\/\/www.europesays.com\/fr\/wp-json\/wp\/v2\/posts\/500257\/revisions"}],"wp:featuredmedia":[{"embeddable":true,"href":"https:\/\/www.europesays.com\/fr\/wp-json\/wp\/v2\/media\/500258"}],"wp:attachment":[{"href":"https:\/\/www.europesays.com\/fr\/wp-json\/wp\/v2\/media?parent=500257"}],"wp:term":[{"taxonomy":"category","embeddable":true,"href":"https:\/\/www.europesays.com\/fr\/wp-json\/wp\/v2\/categories?post=500257"},{"taxonomy":"post_tag","embeddable":true,"href":"https:\/\/www.europesays.com\/fr\/wp-json\/wp\/v2\/tags?post=500257"}],"curies":[{"name":"wp","href":"https:\/\/api.w.org\/{rel}","templated":true}]}}