{"id":500261,"date":"2025-10-30T15:44:11","date_gmt":"2025-10-30T15:44:11","guid":{"rendered":"https:\/\/www.europesays.com\/fr\/500261\/"},"modified":"2025-10-30T15:44:11","modified_gmt":"2025-10-30T15:44:11","slug":"le-point-sur-les-horaires-du-1er-novembre-a-bordeaux","status":"publish","type":"post","link":"https:\/\/www.europesays.com\/fr\/500261\/","title":{"rendered":"le point sur les horaires du 1er novembre \u00e0 Bordeaux"},"content":{"rendered":"<p>            Par<br \/>\n        <strong><br \/>\n            <a href=\"https:\/\/actu.fr\/auteur\/redaction-bordeaux\" title=\"Consulter tous les articles de R\u00e9daction Bordeaux\" rel=\"nofollow noopener\" target=\"_blank\">R\u00e9daction Bordeaux<\/a><br \/>\n        <\/strong><\/p>\n<p>        Publi\u00e9 le<\/p>\n<p>            30 oct. 2025 \u00e0 16h34        <\/p>\n<p>Ce samedi 1er\u00a0novembre 2025 est f\u00e9ri\u00e9 \u00e0 l\u2019occasion de la <a href=\"https:\/\/actu.fr\/societe\/on-connait-deja-les-dates-des-vacances-scolaires-pour-2026-2027-voici-qui-sont-les-gagnants-et-les-perdants_63354841.html\" rel=\"nofollow noopener\" target=\"_blank\">Toussaint<\/a>. Des <strong>fermetures<\/strong> et des <strong>changements d\u2019horaires<\/strong> sont alors pr\u00e9vus pour certains services \u00e0 Bordeaux. \u00c0 l\u2019approche de cette date, <a href=\"https:\/\/actu.fr\/bordeaux\/\" rel=\"nofollow noopener\" target=\"_blank\">actu Bordeaux<\/a> fait le point sur la situation.<\/p>\n<p>Transports et d\u00e9chets<\/p>\n<p class=\" wall-content\">Comme pour chaque jour f\u00e9ri\u00e9, le r\u00e9seau <a href=\"https:\/\/actu.fr\/tag\/tbm\" rel=\"nofollow noopener\" target=\"_blank\">TBM<\/a> fonctionnera avec les horaires du dimanche.<\/p>\n<p class=\" wall-content\">Concernant les d\u00e9chets, les centres de recyclage seront ferm\u00e9s. Toutefois, la collecte de nuit sera assur\u00e9e mais elle ne concernera que l\u2019hypercentre de Bordeaux.<\/p>\n<p>Les parcs et jardins restent ouverts<\/p>\n<p class=\" wall-content\">Les parcs et <a href=\"https:\/\/actu.fr\/nouvelle-aquitaine\/bordeaux_33063\/arbres-plantes-cani-parc-aire-de-jeux-ce-jardin-transforme-par-la-mairie-de-bordeaux-rouvre-au-public_63126580.html\" rel=\"nofollow noopener\" target=\"_blank\">jardins<\/a> de Bordeaux restent ouverts aux horaires habituels. Pour la Toussaint et ce dimanche 2\u00a0novembre, Les horaires sont <strong>\u00e9largis<\/strong> dans les cimeti\u00e8res Bordeaux nord, de la Chartreuse et Pins Francs. Ils seront ouverts de 8h30 \u00e0 18h.<\/p>\n<p>Les services et \u00e9tablissements municipaux ferm\u00e9s<\/p>\n<p class=\" wall-content\">Enfin, les divers services et \u00e9tablissements municipaux (H\u00f4tel de ville, Cit\u00e9 municipale, mairies de quartier, \u00e9tablissements culturels et sportifs pour ne citer qu\u2019eux) seront <strong>ferm\u00e9s<\/strong> pour la Toussaint.<\/p>\n<p class=\" wall-content\">Personnalisez votre actualit\u00e9 en ajoutant vos villes et m\u00e9dias en favori avec <a href=\"https:\/\/moncompte.actu.fr\" title=\"D\u00e9couvez Mon Actu\" rel=\"nofollow noopener\" data-trk=\"{&quot;cta&quot;:{&quot;action&quot;:&quot;https:\\\/\\\/moncompte.actu.fr&quot;,&quot;category&quot;:&quot;mon compte&quot;,&quot;from&quot;:&quot;article footer&quot;,&quot;name&quot;:&quot;Mon actu&quot;,&quot;type&quot;:&quot;cta&quot;}}\" target=\"_blank\">Mon Actu<\/a>.<\/p>\n","protected":false},"excerpt":{"rendered":"Par R\u00e9daction Bordeaux Publi\u00e9 le 30 oct. 2025 \u00e0 16h34 Ce samedi 1er\u00a0novembre 2025 est f\u00e9ri\u00e9 \u00e0 l\u2019occasion&hellip;\n","protected":false},"author":2,"featured_media":215392,"comment_status":"","ping_status":"","sticky":false,"template":"","format":"standard","meta":{"footnotes":""},"categories":[2817],"tags":[1111,11,1997,1777,674,1011,27,12,2219,25,104,7952],"class_list":{"0":"post-500261","1":"post","2":"type-post","3":"status-publish","4":"format-standard","5":"has-post-thumbnail","7":"category-bordeaux","8":"tag-actu","9":"tag-actualites","10":"tag-bordeaux","11":"tag-eu","12":"tag-europe","13":"tag-fr","14":"tag-france","15":"tag-news","16":"tag-nouvelle-aquitaine","17":"tag-republique-francaise","18":"tag-societe","19":"tag-tbm"},"share_on_mastodon":{"url":"https:\/\/pubeurope.com\/@fr\/115463891481197972","error":""},"_links":{"self":[{"href":"https:\/\/www.europesays.com\/fr\/wp-json\/wp\/v2\/posts\/500261","targetHints":{"allow":["GET"]}}],"collection":[{"href":"https:\/\/www.europesays.com\/fr\/wp-json\/wp\/v2\/posts"}],"about":[{"href":"https:\/\/www.europesays.com\/fr\/wp-json\/wp\/v2\/types\/post"}],"author":[{"embeddable":true,"href":"https:\/\/www.europesays.com\/fr\/wp-json\/wp\/v2\/users\/2"}],"replies":[{"embeddable":true,"href":"https:\/\/www.europesays.com\/fr\/wp-json\/wp\/v2\/comments?post=500261"}],"version-history":[{"count":0,"href":"https:\/\/www.europesays.com\/fr\/wp-json\/wp\/v2\/posts\/500261\/revisions"}],"wp:featuredmedia":[{"embeddable":true,"href":"https:\/\/www.europesays.com\/fr\/wp-json\/wp\/v2\/media\/215392"}],"wp:attachment":[{"href":"https:\/\/www.europesays.com\/fr\/wp-json\/wp\/v2\/media?parent=500261"}],"wp:term":[{"taxonomy":"category","embeddable":true,"href":"https:\/\/www.europesays.com\/fr\/wp-json\/wp\/v2\/categories?post=500261"},{"taxonomy":"post_tag","embeddable":true,"href":"https:\/\/www.europesays.com\/fr\/wp-json\/wp\/v2\/tags?post=500261"}],"curies":[{"name":"wp","href":"https:\/\/api.w.org\/{rel}","templated":true}]}}