{"id":500266,"date":"2025-10-30T15:47:25","date_gmt":"2025-10-30T15:47:25","guid":{"rendered":"https:\/\/www.europesays.com\/fr\/500266\/"},"modified":"2025-10-30T15:47:25","modified_gmt":"2025-10-30T15:47:25","slug":"salon-jobfest-lille-lomme-jeudi-5-fevrier-2026","status":"publish","type":"post","link":"https:\/\/www.europesays.com\/fr\/500266\/","title":{"rendered":"Salon JobFest \u2013 Lille\/ Lomme Jeudi 5 f\u00e9vrier 2026"},"content":{"rendered":"\n<p data-start=\"0\" data-end=\"71\">\ud83c\udfaf <strong data-start=\"3\" data-end=\"69\">Le Jobfest revient \u00e0 Kin\u00e9polis Lomme le jeudi 5 f\u00e9vrier 2026 !<\/strong><\/p>\n<p data-start=\"73\" data-end=\"268\">Organis\u00e9 par <strong data-start=\"86\" data-end=\"93\">L4M<\/strong>, cet \u00e9v\u00e9nement repense le salon de recrutement avec des <strong data-start=\"150\" data-end=\"177\">rencontres authentiques<\/strong>, des <strong data-start=\"183\" data-end=\"223\">\u00e9changes directs avec les recruteurs<\/strong> et de nombreux <strong data-start=\"239\" data-end=\"265\">conseils personnalis\u00e9s<\/strong>.<\/p>\n<p data-start=\"270\" data-end=\"502\">\ud83d\udcbc Plus de <strong data-start=\"281\" data-end=\"306\">500 postes \u00e0 pourvoir<\/strong> dans divers secteurs : sant\u00e9, logistique, commerce, transport, informatique, m\u00e9dias, banque, distribution, agroalimentaire\u2026 Tous types de contrats sont propos\u00e9s (CDI, CDD, int\u00e9rim, alternance).<\/p>\n<p data-start=\"504\" data-end=\"697\">\ud83d\udcf1 Gr\u00e2ce \u00e0 l\u2019application web, pr\u00e9sentez facilement votre profil et transmettez votre CV num\u00e9rique. Vous pourrez aussi obtenir des informations sur la <strong data-start=\"654\" data-end=\"694\">formation, la reconversion ou la VAE<\/strong>.<\/p>\n<p data-start=\"699\" data-end=\"886\" data-is-last-node=\"\" data-is-only-node=\"\">\u2705 <strong data-start=\"701\" data-end=\"752\">Entr\u00e9e gratuite et ouverte \u00e0 tous les profils !<\/strong><br data-start=\"752\" data-end=\"755\"\/>\u2139\ufe0f Infos et inscriptions : <a class=\"decorated-link\" href=\"https:\/\/www.24h-emploi-formation.com\/lille-lomme-2026#\/\" rel=\"noopener nofollow\" target=\"_new\" data-start=\"782\" data-end=\"886\" data-is-last-node=\"\">www.24h-emploi-formation.com\/lille-lomme-2026<\/a><\/p>\n","protected":false},"excerpt":{"rendered":"\ud83c\udfaf Le Jobfest revient \u00e0 Kin\u00e9polis Lomme le jeudi 5 f\u00e9vrier 2026 ! Organis\u00e9 par L4M, cet \u00e9v\u00e9nement&hellip;\n","protected":false},"author":2,"featured_media":500267,"comment_status":"","ping_status":"","sticky":false,"template":"","format":"standard","meta":{"footnotes":""},"categories":[2815],"tags":[1111,11,62251,62249,215,31291,62250,46233,1777,674,62252,1011,27,811,311,62243,13736,1307,2726,62248,12,62246,7099,62245,62244,25,71,62247,2803],"class_list":{"0":"post-500266","1":"post","2":"type-post","3":"status-publish","4":"format-standard","5":"has-post-thumbnail","7":"category-lille","8":"tag-actu","9":"tag-actualites","10":"tag-application-web-cv-numerique","11":"tag-banque-et-finance","12":"tag-commerce","13":"tag-conseils-personnalises","14":"tag-contrats-cdi-cdd-interim-alternance","15":"tag-distribution-alimentaire","16":"tag-eu","17":"tag-europe","18":"tag-formation-reconversion-vae","19":"tag-fr","20":"tag-france","21":"tag-hauts-de-france","22":"tag-informatique","23":"tag-jobfest","24":"tag-kinepolis-lomme","25":"tag-lille","26":"tag-logistique","27":"tag-metiers-des-medias","28":"tag-news","29":"tag-postes-a-pourvoir","30":"tag-recrutement","31":"tag-recruteurs","32":"tag-rencontres-authentiques","33":"tag-republique-francaise","34":"tag-sante","35":"tag-secteurs-diversifies","36":"tag-transport"},"share_on_mastodon":{"url":"https:\/\/pubeurope.com\/@fr\/115463903399645209","error":""},"_links":{"self":[{"href":"https:\/\/www.europesays.com\/fr\/wp-json\/wp\/v2\/posts\/500266","targetHints":{"allow":["GET"]}}],"collection":[{"href":"https:\/\/www.europesays.com\/fr\/wp-json\/wp\/v2\/posts"}],"about":[{"href":"https:\/\/www.europesays.com\/fr\/wp-json\/wp\/v2\/types\/post"}],"author":[{"embeddable":true,"href":"https:\/\/www.europesays.com\/fr\/wp-json\/wp\/v2\/users\/2"}],"replies":[{"embeddable":true,"href":"https:\/\/www.europesays.com\/fr\/wp-json\/wp\/v2\/comments?post=500266"}],"version-history":[{"count":0,"href":"https:\/\/www.europesays.com\/fr\/wp-json\/wp\/v2\/posts\/500266\/revisions"}],"wp:featuredmedia":[{"embeddable":true,"href":"https:\/\/www.europesays.com\/fr\/wp-json\/wp\/v2\/media\/500267"}],"wp:attachment":[{"href":"https:\/\/www.europesays.com\/fr\/wp-json\/wp\/v2\/media?parent=500266"}],"wp:term":[{"taxonomy":"category","embeddable":true,"href":"https:\/\/www.europesays.com\/fr\/wp-json\/wp\/v2\/categories?post=500266"},{"taxonomy":"post_tag","embeddable":true,"href":"https:\/\/www.europesays.com\/fr\/wp-json\/wp\/v2\/tags?post=500266"}],"curies":[{"name":"wp","href":"https:\/\/api.w.org\/{rel}","templated":true}]}}