{"id":500268,"date":"2025-10-30T15:48:24","date_gmt":"2025-10-30T15:48:24","guid":{"rendered":"https:\/\/www.europesays.com\/fr\/500268\/"},"modified":"2025-10-30T15:48:24","modified_gmt":"2025-10-30T15:48:24","slug":"dans-le-metro-il-touche-les-fesses-dune-policiere","status":"publish","type":"post","link":"https:\/\/www.europesays.com\/fr\/500268\/","title":{"rendered":"Dans le m\u00e9tro, il touche les fesses\u2026 d\u2019une polici\u00e8re"},"content":{"rendered":"<p class=\"mb-4 text-lg md:leading-8 break-words\"><strong>agression sexuelle &#8211; Une polici\u00e8re r\u00e9serviste de 25 ans a \u00e9t\u00e9 agress\u00e9e sexuellement dans les transports en commun alors qu\u2019elle se rendait sur son lieu de travail. Un suspect a \u00e9t\u00e9 interpell\u00e9<\/strong><\/p>\n<p class=\"mb-4 text-lg md:leading-8 break-words\">Lundi, une jeune <a href=\"https:\/\/www.20minutes.fr\/dossier\/police?at_medium=RSS%20feed&amp;at_campaign=ynews&amp;utm_source=yahoo&amp;utm_medium=rss&amp;utm_campaign=news_feed&amp;utm_content=in_article_link\" rel=\"nofollow noopener\" target=\"_blank\" data-ylk=\"slk:polici\u00e8re;elm:context_link;itc:0;sec:content-canvas\" class=\"link \">polici\u00e8re <\/a>r\u00e9serviste a \u00e9t\u00e9 agress\u00e9e dans le m\u00e9tro, \u00e0 <a href=\"https:\/\/www.20minutes.fr\/lille\/?at_medium=RSS%20feed&amp;at_campaign=ynews&amp;utm_source=yahoo&amp;utm_medium=rss&amp;utm_campaign=news_feed&amp;utm_content=in_article_link\" rel=\"nofollow noopener\" target=\"_blank\" data-ylk=\"slk:Lille;elm:context_link;itc:0;sec:content-canvas\" class=\"link \">Lille<\/a>, alors qu\u2019elle se rendait au commissariat pour y prendre son service. Une agression sexuelle selon <a href=\"https:\/\/actu17.fr\/faits-divers\/lille-une-policiere-reserviste-agressee-sexuellement-dans-le-metro-un-suspect-arme-interpelle.html?at_medium=RSS%20feed&amp;at_campaign=ynews&amp;utm_source=yahoo&amp;utm_medium=rss&amp;utm_campaign=news_feed&amp;utm_content=in_article_link\" rel=\"nofollow noopener\" target=\"_blank\" data-ylk=\"slk:Actu 17;elm:context_link;itc:0;sec:content-canvas\" class=\"link \">Actu 17<\/a>, qui pr\u00e9cise qu\u2019un suspect arm\u00e9 a \u00e9t\u00e9 interpell\u00e9.<\/p>\n<p class=\"mb-4 text-lg md:leading-8 break-words\">Lundi, en fin de journ\u00e9e, la jeune femme rejoignait le commissariat o\u00f9 elle devait prendre son service en tant que polici\u00e8re r\u00e9serviste. Selon nos confr\u00e8res, elle \u00e9tait assise dans une rame de m\u00e9tro lorsqu\u2019un homme est venu prendre la place \u00e0 c\u00f4t\u00e9 d\u2019elle. C\u2019est l\u00e0 que ce dernier lui a touch\u00e9 les fesses \u00e0 plusieurs reprises. Seule et en civil, la jeune femme a pr\u00e9f\u00e9r\u00e9 changer de place plut\u00f4t que de risquer la confrontation.<\/p>\n<p>L\u2019agresseur dissimulait une arme blanche<\/p>\n<p class=\"mb-4 text-lg md:leading-8 break-words\">Sauf qu\u2019une fois arriv\u00e9e au poste de police, elle a d\u00e9pos\u00e9 plainte et donn\u00e9 \u00e0 ses coll\u00e8gues une description tr\u00e8s pr\u00e9cise de son agresseur. Et il n\u2019aura pas fallu longtemps aux policiers pour retrouver l\u2019homme gr\u00e2ce \u00e0 la vid\u00e9osurveillance du m\u00e9tro. A peine plus d\u2019une heure plus tard, l\u2019agresseur pr\u00e9sum\u00e9 \u00e9tait rep\u00e9r\u00e9 et interpell\u00e9 alors qu\u2019il venait de sortir des transports.<\/p>\n<p class=\"mb-4 text-lg md:leading-8 break-words\">La suite prouve que la polici\u00e8re a bien fait de ne pas intervenir seule. Au moment de son interpellation, l\u2019individu a tent\u00e9 de se saisir d\u2019un couteau de boucher dont il \u00e9tait porteur. Mais les agents ne lui en ont pas laiss\u00e9 le temps et il a \u00e9t\u00e9 plac\u00e9 en garde \u00e0 vue. Il a ensuite \u00e9t\u00e9 d\u00e9f\u00e9r\u00e9 au parquet, mercredi, selon <a href=\"https:\/\/www.lavoixdunord.fr\/1641142\/article\/2025-10-30\/lille-une-policiere-agressee-sexuellement-dans-le-metro?at_medium=RSS%20feed&amp;at_campaign=ynews&amp;utm_source=yahoo&amp;utm_medium=rss&amp;utm_campaign=news_feed&amp;utm_content=in_article_link\" rel=\"nofollow noopener\" target=\"_blank\" data-ylk=\"slk:La Voix du Nord;elm:context_link;itc:0;sec:content-canvas\" class=\"link \">La Voix du Nord<\/a>, puis rel\u00e2ch\u00e9 sous contr\u00f4le judiciaire en vue d\u2019une comparution en avril prochain.<\/p>\n<p class=\"mb-4 text-lg md:leading-8 break-words\"><a href=\"https:\/\/www.20minutes.fr\/lille\/4182556-20251030-lille-metro-touche-fesses-policiere?at_medium=RSS%20feed&amp;at_campaign=ynews&amp;utm_source=yahoo&amp;utm_medium=rss&amp;utm_campaign=news_feed&amp;utm_content=read_more_link&quot;\" rel=\"nofollow noopener\" target=\"_blank\" data-ylk=\"slk:Lire la suite sur 20minutes;elm:context_link;itc:0;sec:content-canvas\" class=\"link \">Lire la suite sur 20minutes<\/a><\/p>\n<p>\u00c0 lire aussi :<br \/><a href=\"https:\/\/www.20minutes.fr\/sport\/football\/4174455-20250922-paraguay-gardien-expulse-apres-avoir-mis-doigt-fesses-adversaire?at_medium=RSS%20feed&amp;at_campaign=ynews&amp;utm_source=yahoo&amp;utm_medium=rss&amp;utm_campaign=news_feed&amp;utm_content=related_content_link\" rel=\"nofollow noopener\" target=\"_blank\" data-ylk=\"slk:Paraguay\u00a0: Un gardien expuls\u00e9 apr\u00e8s avoir mis un doigt dans les fesses de son adversaire;elm:context_link;itc:0;sec:content-canvas\" class=\"link \">Paraguay\u00a0: Un gardien expuls\u00e9 apr\u00e8s avoir mis un doigt dans les fesses de son adversaire<\/a><br \/><a href=\"https:\/\/www.20minutes.fr\/faits_divers\/4168551-20250819-oise-homme-condamne-apres-avoir-agresse-policiere-chat-commissariat?at_medium=RSS%20feed&amp;at_campaign=ynews&amp;utm_source=yahoo&amp;utm_medium=rss&amp;utm_campaign=news_feed&amp;utm_content=related_content_link\" rel=\"nofollow noopener\" target=\"_blank\" data-ylk=\"slk:Oise\u00a0: Un homme condamn\u00e9 apr\u00e8s avoir agress\u00e9 une polici\u00e8re et\u2026 le chat du commissariat;elm:context_link;itc:0;sec:content-canvas\" class=\"link \">Oise\u00a0: Un homme condamn\u00e9 apr\u00e8s avoir agress\u00e9 une polici\u00e8re et\u2026 le chat du commissariat<\/a><\/p>\n","protected":false},"excerpt":{"rendered":"agression sexuelle &#8211; Une polici\u00e8re r\u00e9serviste de 25 ans a \u00e9t\u00e9 agress\u00e9e sexuellement dans les transports en commun&hellip;\n","protected":false},"author":2,"featured_media":500269,"comment_status":"","ping_status":"","sticky":false,"template":"","format":"standard","meta":{"footnotes":""},"categories":[2815],"tags":[1111,11,1267,1777,674,1011,27,811,1307,12,62253,25],"class_list":{"0":"post-500268","1":"post","2":"type-post","3":"status-publish","4":"format-standard","5":"has-post-thumbnail","7":"category-lille","8":"tag-actu","9":"tag-actualites","10":"tag-agression-sexuelle","11":"tag-eu","12":"tag-europe","13":"tag-fr","14":"tag-france","15":"tag-hauts-de-france","16":"tag-lille","17":"tag-news","18":"tag-policiere-reserviste","19":"tag-republique-francaise"},"share_on_mastodon":{"url":"https:\/\/pubeurope.com\/@fr\/115463907232374164","error":""},"_links":{"self":[{"href":"https:\/\/www.europesays.com\/fr\/wp-json\/wp\/v2\/posts\/500268","targetHints":{"allow":["GET"]}}],"collection":[{"href":"https:\/\/www.europesays.com\/fr\/wp-json\/wp\/v2\/posts"}],"about":[{"href":"https:\/\/www.europesays.com\/fr\/wp-json\/wp\/v2\/types\/post"}],"author":[{"embeddable":true,"href":"https:\/\/www.europesays.com\/fr\/wp-json\/wp\/v2\/users\/2"}],"replies":[{"embeddable":true,"href":"https:\/\/www.europesays.com\/fr\/wp-json\/wp\/v2\/comments?post=500268"}],"version-history":[{"count":0,"href":"https:\/\/www.europesays.com\/fr\/wp-json\/wp\/v2\/posts\/500268\/revisions"}],"wp:featuredmedia":[{"embeddable":true,"href":"https:\/\/www.europesays.com\/fr\/wp-json\/wp\/v2\/media\/500269"}],"wp:attachment":[{"href":"https:\/\/www.europesays.com\/fr\/wp-json\/wp\/v2\/media?parent=500268"}],"wp:term":[{"taxonomy":"category","embeddable":true,"href":"https:\/\/www.europesays.com\/fr\/wp-json\/wp\/v2\/categories?post=500268"},{"taxonomy":"post_tag","embeddable":true,"href":"https:\/\/www.europesays.com\/fr\/wp-json\/wp\/v2\/tags?post=500268"}],"curies":[{"name":"wp","href":"https:\/\/api.w.org\/{rel}","templated":true}]}}