{"id":500272,"date":"2025-10-30T15:50:13","date_gmt":"2025-10-30T15:50:13","guid":{"rendered":"https:\/\/www.europesays.com\/fr\/500272\/"},"modified":"2025-10-30T15:50:13","modified_gmt":"2025-10-30T15:50:13","slug":"les-galeries-lafayette-fermeront-definitivement-15-jours-plus-tot-que-prevu","status":"publish","type":"post","link":"https:\/\/www.europesays.com\/fr\/500272\/","title":{"rendered":"les Galeries Lafayette fermeront d\u00e9finitivement 15 jours plus t\u00f4t que pr\u00e9vu"},"content":{"rendered":"<p>\n    Les deux magasins fermeront d\u00e9finitivement leurs portes le 15 novembre et non le 30 novembre comme initialement annonc\u00e9 par l\u2019enseigne. On ignore encore comment ces locaux laiss\u00e9s vacants seront ensuite occup\u00e9s.<\/p>\n<p class=\"fig-paragraph\">Les\u00a0<a href=\"http:\/\/www.lefigaro.fr\/marseille\/fermeture-des-galeries-lafayette-a-marseille-incertitude-autour-de-la-plus-grande-friche-commerciale-d-europe-20251021\" data-fig-type=\"NewsFlash\" data-gtm-custom-categorie=\"navigation\" data-gtm-custom-action=\"crossclick\" data-gtm-custom-label=\"Contextuel\" data-gtm-event=\"customEventSPE\" data-fig-domain=\"LEFIGARO\" target=\"_blank\" rel=\"noopener\">Galeries Lafayette<\/a>\u00a0vont quitter Marseille le 15 novembre prochain, et non le 30 novembre comme initialement annonc\u00e9 par l\u2019enseigne, a appris Le Figaro de source syndicale, confirmant une information\u00a0<a href=\"https:\/\/www.francebleu.fr\/infos\/economie-social\/info-ici-provence-les-deux-magasins-des-galeries-lafayette-de-marseille-vont-fermer-definitivement-le-15-novembre-5349520\" target=\"_blank\" rel=\"sponsored noopener\" data-gtm-custom-categorie=\"navigation\" data-gtm-custom-action=\"crossclick\" data-gtm-custom-label=\"Contextuel\" data-gtm-event=\"customEventSPE\">d\u2019Ici Provence<\/a>.<\/p>\n<p>145 emplois menac\u00e9s<\/p>\n<p class=\"fig-paragraph\">En d\u00e9but d\u2019ann\u00e9e, le groupe Galeries Lafayette avait annonc\u00e9 la\u00a0<a href=\"http:\/\/www.lefigaro.fr\/marseille\/c-est-une-catastrophe-a-marseille-le-depart-ineluctable-des-galeries-lafayette-20250521\" data-fig-type=\"NewsFlash\" data-gtm-custom-categorie=\"navigation\" data-gtm-custom-action=\"crossclick\" data-gtm-custom-label=\"Contextuel\" data-gtm-event=\"customEventSPE\" data-fig-domain=\"LEFIGARO\" target=\"_blank\" rel=\"noopener\">fermeture\u00a0<\/a>de ces deux magasins marseillais pour le 29 novembre, au regard \u00abdes pertes r\u00e9currentes depuis plusieurs ann\u00e9es\u00bb enregistr\u00e9es par ces boutiques situ\u00e9es dans le centre commercial Centre Bourse, pr\u00e8s du Vieux-Port, et celui de Prado Shopping, attenant au stade V\u00e9lodrome. Pas moins de 145 emplois sont menac\u00e9s.<\/p>\n<p>                                    <a class=\"fig-a11y-skip a11y-hidden\" href=\"#fig-a11y-skip-main-inarticle\"><br \/>\n        Passer la publicit\u00e9<br \/>\n    <\/a><\/p>\n<p class=\"fig-paragraph\">Selon Ici Provence, cette fermeture anticip\u00e9e est li\u00e9e au succ\u00e8s d\u2019une op\u00e9ration de liquidation des articles des magasins, qui avait entra\u00een\u00e9 des\u00a0<a href=\"http:\/\/www.lefigaro.fr\/marseille\/marseille-les-galeries-lafayette-fermees-apres-des-debordements-lies-a-de-fortes-promotions-20251016\" data-fig-type=\"NewsFlash\" data-gtm-custom-categorie=\"navigation\" data-gtm-custom-action=\"crossclick\" data-gtm-custom-label=\"Contextuel\" data-gtm-event=\"customEventSPE\" data-fig-domain=\"LEFIGARO\" target=\"_blank\" rel=\"noopener\">mouvements de foule houleux<\/a>. Un policier avait m\u00eame \u00e9t\u00e9 bless\u00e9. On ignore encore ce qu\u2019il adviendra de ces immenses locaux commerciaux laiss\u00e9s vacants.<\/p>\n","protected":false},"excerpt":{"rendered":"Les deux magasins fermeront d\u00e9finitivement leurs portes le 15 novembre et non le 30 novembre comme initialement annonc\u00e9&hellip;\n","protected":false},"author":2,"featured_media":500273,"comment_status":"","ping_status":"","sticky":false,"template":"","format":"standard","meta":{"footnotes":""},"categories":[2814],"tags":[1111,11,1777,674,13407,1011,27,4238,884,12,882,25],"class_list":{"0":"post-500272","1":"post","2":"type-post","3":"status-publish","4":"format-standard","5":"has-post-thumbnail","7":"category-marseille","8":"tag-actu","9":"tag-actualites","10":"tag-eu","11":"tag-europe","12":"tag-fermeture","13":"tag-fr","14":"tag-france","15":"tag-galeries-lafayette","16":"tag-marseille","17":"tag-news","18":"tag-provence-alpes-cote-dazur","19":"tag-republique-francaise"},"share_on_mastodon":{"url":"https:\/\/pubeurope.com\/@fr\/115463915117233602","error":""},"_links":{"self":[{"href":"https:\/\/www.europesays.com\/fr\/wp-json\/wp\/v2\/posts\/500272","targetHints":{"allow":["GET"]}}],"collection":[{"href":"https:\/\/www.europesays.com\/fr\/wp-json\/wp\/v2\/posts"}],"about":[{"href":"https:\/\/www.europesays.com\/fr\/wp-json\/wp\/v2\/types\/post"}],"author":[{"embeddable":true,"href":"https:\/\/www.europesays.com\/fr\/wp-json\/wp\/v2\/users\/2"}],"replies":[{"embeddable":true,"href":"https:\/\/www.europesays.com\/fr\/wp-json\/wp\/v2\/comments?post=500272"}],"version-history":[{"count":0,"href":"https:\/\/www.europesays.com\/fr\/wp-json\/wp\/v2\/posts\/500272\/revisions"}],"wp:featuredmedia":[{"embeddable":true,"href":"https:\/\/www.europesays.com\/fr\/wp-json\/wp\/v2\/media\/500273"}],"wp:attachment":[{"href":"https:\/\/www.europesays.com\/fr\/wp-json\/wp\/v2\/media?parent=500272"}],"wp:term":[{"taxonomy":"category","embeddable":true,"href":"https:\/\/www.europesays.com\/fr\/wp-json\/wp\/v2\/categories?post=500272"},{"taxonomy":"post_tag","embeddable":true,"href":"https:\/\/www.europesays.com\/fr\/wp-json\/wp\/v2\/tags?post=500272"}],"curies":[{"name":"wp","href":"https:\/\/api.w.org\/{rel}","templated":true}]}}