{"id":500274,"date":"2025-10-30T15:51:16","date_gmt":"2025-10-30T15:51:16","guid":{"rendered":"https:\/\/www.europesays.com\/fr\/500274\/"},"modified":"2025-10-30T15:51:16","modified_gmt":"2025-10-30T15:51:16","slug":"ses-feux-defectueux-menent-les-policiers-a-une-decouverte-inattendue","status":"publish","type":"post","link":"https:\/\/www.europesays.com\/fr\/500274\/","title":{"rendered":"ses feux d\u00e9fectueux m\u00e8nent les policiers \u00e0 une d\u00e9couverte inattendue"},"content":{"rendered":"<p itemprop=\"description\"><strong><br \/>&#13;<br \/>\nCe qui devait \u00eatre un simple contr\u00f4le routier a rapidement pris une autre tournure ce 27 octobre.<br \/>&#13;<br \/>\n<\/strong><\/p>\n<p>Lundi soir, les policiers de la Brigade anticriminalit\u00e9 (BAC) ont remarqu\u00e9 un v\u00e9hicule dont les feux \u00e9taient d\u00e9fectueux, rue de la Barre, dans le 2e arrondissement de Lyon. En proc\u00e9dant au contr\u00f4le, ils ont constat\u00e9 que le conducteur ne poss\u00e9dait pas d\u2019assurance.<\/p>\n<p>Lors de la v\u00e9rification, l\u2019homme a spontan\u00e9ment remis aux agents un sachet contenant deux grammes de coca\u00efne. Une fouille plus approfondie du v\u00e9hicule a permis de d\u00e9couvrir deux autres sachets renfermant au total neuf grammes suppl\u00e9mentaires, ainsi que 150 euros en esp\u00e8ces.<\/p>\n<p>Le conducteur, \u00e2g\u00e9 de 25 ans et d\u00e9j\u00e0 connu des services de police avec plus de vingt-cinq ant\u00e9c\u00e9dents, a \u00e9t\u00e9 plac\u00e9 en garde \u00e0 vue. Une perquisition men\u00e9e \u00e0 son domicile a conduit \u00e0 la d\u00e9couverte de cinq faux billets de 500 euros, Pr\u00e9cise le Progr\u00e8s.<\/p>\n<p>Entendu par les enqu\u00eateurs, il a reconnu les faits et expliqu\u00e9 livrer de la drogue pour rembourser une dette. Il a \u00e9t\u00e9 pr\u00e9sent\u00e9 ce mercredi au parquet de Lyon pour une comparution sur reconnaissance pr\u00e9alable de culpabilit\u00e9 (CRPC), notamment pour d\u00e9tention de stup\u00e9fiants, fausse monnaie et d\u00e9faut d\u2019assurance.<\/p>\n","protected":false},"excerpt":{"rendered":"&#13; Ce qui devait \u00eatre un simple contr\u00f4le routier a rapidement pris une autre tournure ce 27 octobre.&#13;&hellip;\n","protected":false},"author":2,"featured_media":500275,"comment_status":"","ping_status":"","sticky":false,"template":"","format":"standard","meta":{"footnotes":""},"categories":[1889],"tags":[1111,11,2813,2190,2430,1109,251,1112,2811,1777,674,118,1011,27,1922,1110,1114,2428,2810,12,241,316,25,2812,517,800],"class_list":{"0":"post-500274","1":"post","2":"type-post","3":"status-publish","4":"format-standard","5":"has-post-thumbnail","7":"category-lyon","8":"tag-actu","9":"tag-actualites","10":"tag-article","11":"tag-asvel","12":"tag-auvergne-rhone-alpes","13":"tag-breves","14":"tag-culture","15":"tag-depeches","16":"tag-economique","17":"tag-eu","18":"tag-europe","19":"tag-faits-divers","20":"tag-fr","21":"tag-france","22":"tag-info","23":"tag-informations","24":"tag-infos","25":"tag-lyon","26":"tag-lyonmag","27":"tag-news","28":"tag-ol","29":"tag-politique","30":"tag-republique-francaise","31":"tag-sociale","32":"tag-sport","33":"tag-transports"},"share_on_mastodon":{"url":"https:\/\/pubeurope.com\/@fr\/115463919096263297","error":""},"_links":{"self":[{"href":"https:\/\/www.europesays.com\/fr\/wp-json\/wp\/v2\/posts\/500274","targetHints":{"allow":["GET"]}}],"collection":[{"href":"https:\/\/www.europesays.com\/fr\/wp-json\/wp\/v2\/posts"}],"about":[{"href":"https:\/\/www.europesays.com\/fr\/wp-json\/wp\/v2\/types\/post"}],"author":[{"embeddable":true,"href":"https:\/\/www.europesays.com\/fr\/wp-json\/wp\/v2\/users\/2"}],"replies":[{"embeddable":true,"href":"https:\/\/www.europesays.com\/fr\/wp-json\/wp\/v2\/comments?post=500274"}],"version-history":[{"count":0,"href":"https:\/\/www.europesays.com\/fr\/wp-json\/wp\/v2\/posts\/500274\/revisions"}],"wp:featuredmedia":[{"embeddable":true,"href":"https:\/\/www.europesays.com\/fr\/wp-json\/wp\/v2\/media\/500275"}],"wp:attachment":[{"href":"https:\/\/www.europesays.com\/fr\/wp-json\/wp\/v2\/media?parent=500274"}],"wp:term":[{"taxonomy":"category","embeddable":true,"href":"https:\/\/www.europesays.com\/fr\/wp-json\/wp\/v2\/categories?post=500274"},{"taxonomy":"post_tag","embeddable":true,"href":"https:\/\/www.europesays.com\/fr\/wp-json\/wp\/v2\/tags?post=500274"}],"curies":[{"name":"wp","href":"https:\/\/api.w.org\/{rel}","templated":true}]}}