{"id":500276,"date":"2025-10-30T15:52:13","date_gmt":"2025-10-30T15:52:13","guid":{"rendered":"https:\/\/www.europesays.com\/fr\/500276\/"},"modified":"2025-10-30T15:52:13","modified_gmt":"2025-10-30T15:52:13","slug":"trois-suspects-mis-en-examen-dont-un-pour-assassinat","status":"publish","type":"post","link":"https:\/\/www.europesays.com\/fr\/500276\/","title":{"rendered":"Trois suspects mis en examen dont un pour assassinat"},"content":{"rendered":"<p>Ce jeudi, un suspect a \u00e9t\u00e9 mis en examen et \u00e9crou\u00e9 pour assassinat, apr\u00e8s la mort de quatre personnes dans l\u2019<a href=\"https:\/\/www.20minutes.fr\/dossier\/incendie\" class=\"c-link c-link--is-underlined\" rel=\"nofollow noopener\" target=\"_blank\">incendie<\/a> d\u2019un <a href=\"https:\/\/www.20minutes.fr\/dossier\/squat\" class=\"c-link c-link--is-underlined\" rel=\"nofollow noopener\" target=\"_blank\">squat<\/a> d\u2019immeuble \u00e0 <a href=\"https:\/\/www.20minutes.fr\/lyon\/\" class=\"c-link c-link--is-underlined\" rel=\"nofollow noopener\" target=\"_blank\">Lyon<\/a>. Deux autres personnes l\u2019ont aussi \u00e9t\u00e9 pour non assistance \u00e0 personne en danger, et plac\u00e9s sous contr\u00f4le judiciaire.<\/p>\n<p>Lundi 20\u00a0octobre, deux femmes et deux hommes, probablement des squatteurs, sont d\u00e9c\u00e9d\u00e9s dans l\u2019incendie, d\u00e9clench\u00e9 vers 5 heures du matin, d\u2019un local d\u2019une vingtaine de m2 am\u00e9nag\u00e9 pour vivre, au sous-sol d\u2019un immeuble de dix \u00e9tages du 3e\u00a0arrondissement de Lyon. Ag\u00e9es d\u2019une quarantaine d\u2019ann\u00e9es, les victimes ne pr\u00e9sentaient pas de br\u00fblures et se trouvaient en arr\u00eat cardio-respiratoire \u00e0 l\u2019arriv\u00e9e de secours, leur d\u00e9c\u00e8s ayant \u00e9t\u00e9 caus\u00e9 par la fum\u00e9e du sinistre, avaient pr\u00e9cis\u00e9 les autorit\u00e9s.<\/p>\n<p>La maire du 3e\u00a0arrondissement de Lyon, Marion Sessiecq, avait indiqu\u00e9 sur place que ces quatre personnes \u00ab\u00a0a priori, squattaient des caves de ce b\u00e2timent\u00a0\u00bb, propri\u00e9t\u00e9 d\u2019un bailleur social. Pr\u00e8s de 80 sapeurs-pompiers et 34 engins avaient \u00e9t\u00e9 d\u00e9p\u00each\u00e9s sur les lieux, permettant de rapidement \u00e9teindre l\u2019incendie et d\u2019emp\u00eacher qu\u2019il ne se propage au rez-de-chauss\u00e9e et aux \u00e9tages sup\u00e9rieurs de l\u2019immeuble.<\/p>\n","protected":false},"excerpt":{"rendered":"Ce jeudi, un suspect a \u00e9t\u00e9 mis en examen et \u00e9crou\u00e9 pour assassinat, apr\u00e8s la mort de quatre&hellip;\n","protected":false},"author":2,"featured_media":500277,"comment_status":"","ping_status":"","sticky":false,"template":"","format":"standard","meta":{"footnotes":""},"categories":[1889],"tags":[1111,47,11,2430,1777,674,118,3561,1011,27,1310,2428,12,25,2429,2431,5221],"class_list":{"0":"post-500276","1":"post","2":"type-post","3":"status-publish","4":"format-standard","5":"has-post-thumbnail","7":"category-lyon","8":"tag-actu","9":"tag-actualite","10":"tag-actualites","11":"tag-auvergne-rhone-alpes","12":"tag-eu","13":"tag-europe","14":"tag-faits-divers","15":"tag-faits-divers-lyon","16":"tag-fr","17":"tag-france","18":"tag-incendie","19":"tag-lyon","20":"tag-news","21":"tag-republique-francaise","22":"tag-rhone","23":"tag-rhone-alpes","24":"tag-squat"},"share_on_mastodon":{"url":"https:\/\/pubeurope.com\/@fr\/115463922867025519","error":""},"_links":{"self":[{"href":"https:\/\/www.europesays.com\/fr\/wp-json\/wp\/v2\/posts\/500276","targetHints":{"allow":["GET"]}}],"collection":[{"href":"https:\/\/www.europesays.com\/fr\/wp-json\/wp\/v2\/posts"}],"about":[{"href":"https:\/\/www.europesays.com\/fr\/wp-json\/wp\/v2\/types\/post"}],"author":[{"embeddable":true,"href":"https:\/\/www.europesays.com\/fr\/wp-json\/wp\/v2\/users\/2"}],"replies":[{"embeddable":true,"href":"https:\/\/www.europesays.com\/fr\/wp-json\/wp\/v2\/comments?post=500276"}],"version-history":[{"count":0,"href":"https:\/\/www.europesays.com\/fr\/wp-json\/wp\/v2\/posts\/500276\/revisions"}],"wp:featuredmedia":[{"embeddable":true,"href":"https:\/\/www.europesays.com\/fr\/wp-json\/wp\/v2\/media\/500277"}],"wp:attachment":[{"href":"https:\/\/www.europesays.com\/fr\/wp-json\/wp\/v2\/media?parent=500276"}],"wp:term":[{"taxonomy":"category","embeddable":true,"href":"https:\/\/www.europesays.com\/fr\/wp-json\/wp\/v2\/categories?post=500276"},{"taxonomy":"post_tag","embeddable":true,"href":"https:\/\/www.europesays.com\/fr\/wp-json\/wp\/v2\/tags?post=500276"}],"curies":[{"name":"wp","href":"https:\/\/api.w.org\/{rel}","templated":true}]}}