{"id":500303,"date":"2025-10-30T16:07:12","date_gmt":"2025-10-30T16:07:12","guid":{"rendered":"https:\/\/www.europesays.com\/fr\/500303\/"},"modified":"2025-10-30T16:07:12","modified_gmt":"2025-10-30T16:07:12","slug":"braquage-a-lexplosif-dune-raffinerie-dor-cinq-auteurs-presumes-arretes","status":"publish","type":"post","link":"https:\/\/www.europesays.com\/fr\/500303\/","title":{"rendered":"braquage \u00e0 l\u2019explosif d\u2019une raffinerie d\u2019or, cinq auteurs pr\u00e9sum\u00e9s arr\u00eat\u00e9s"},"content":{"rendered":"<p>\n    Peu avant 14h00, des individus \u00e9quip\u00e9s notamment \u00abd\u2019armes \u00e0 feu longues\u00bb ont attaqu\u00e9 une raffinerie de m\u00e9taux pr\u00e9cieux, principalement de l\u2019or, \u00abau moyen d\u2019explosifs\u00bb, avant de prendre la fuite en voiture, a d\u00e9taill\u00e9 la pr\u00e9fecture.<\/p>\n<p class=\"fig-paragraph\">Cinq auteurs pr\u00e9sum\u00e9s d\u2019un\u00a0<a href=\"http:\/\/www.lefigaro.fr\/flash-actu\/bresil-un-braquage-spectaculaire-avec-des-explosifs-et-des-otages-dans-une-banque-20201201\" data-fig-type=\"NewsFlash\" data-gtm-custom-categorie=\"navigation\" data-gtm-custom-action=\"crossclick\" data-gtm-custom-label=\"Contextuel\" data-gtm-event=\"customEventSPE\" data-fig-domain=\"LEFIGARO\" rel=\"nofollow noopener\" target=\"_blank\">braquage \u00e0 l\u2019explosif<\/a>\u00a0d\u2019un laboratoire de raffinerie d\u2019or situ\u00e9 dans le quartier de Gerland Lyon, o\u00f9 se concentrent les entreprises industrielles techno-chimiques et m\u00e9dicales, ont \u00e9t\u00e9 arr\u00eat\u00e9s jeudi au terme d\u2019une course-poursuite avec la police et leur butin r\u00e9cup\u00e9r\u00e9, a annonc\u00e9 la pr\u00e9fecture \u00e0 l\u2019AFP.<\/p>\n<p class=\"fig-paragraph\">Peu avant 14h00, des individus \u00e9quip\u00e9s notamment \u00abd\u2019armes \u00e0 feu longues\u00bb ont attaqu\u00e9 le laboratoire Pourquery, situ\u00e9 dans le 7e arrondissement de Lyon, une raffinerie de m\u00e9taux pr\u00e9cieux, principalement de l\u2019or, \u00abau moyen d\u2019explosifs\u00bb, avant de prendre la fuite en voiture, a d\u00e9taill\u00e9 la pr\u00e9fecture, confirmant\u00a0<a href=\"https:\/\/www.leprogres.fr\/faits-divers-justice\/2025\/10\/30\/une-explosion-des-homme-avec-de-faux-brassards-un-laboratoire-braque-avec-des-armes-de-guerre\" target=\"_blank\" rel=\"sponsored noopener nofollow\" data-gtm-custom-categorie=\"navigation\" data-gtm-custom-action=\"crossclick\" data-gtm-custom-label=\"Contextuel\" data-gtm-event=\"customEventSPE\">une information du quotidien Le Progr\u00e8s<\/a>.<\/p>\n<p>                                    <a class=\"fig-a11y-skip a11y-hidden\" href=\"#fig-a11y-skip-main-inarticle\"><br \/>\n        Passer la publicit\u00e9<br \/>\n    <\/a><\/p>\n<p class=\"fig-paragraph\">Au terme d\u2019une course-poursuite avec des policiers de la Brigade de Recherche et d\u2019Intervention (BRI), \u00abcinq auteurs du braquage\u00bb ont \u00e9t\u00e9 interpell\u00e9s et leur butin r\u00e9cup\u00e9r\u00e9, selon la pr\u00e9fecture.<\/p>\n<p>Des \u00e9quipages de policiers ont alors \u00e9t\u00e9 \u00abrapidement\u00bb d\u00e9p\u00each\u00e9s sur place<\/p>\n<p class=\"fig-paragraph\">Sur une vid\u00e9o diffus\u00e9e sur les r\u00e9seaux sociaux, des voisins ont film\u00e9 peu apr\u00e8s une violente explosion, le b\u00e2timent sigl\u00e9 Laboratoires Pourquery devant lequel stationne une fourgonnette blanche surmont\u00e9e d\u2019un gyrophare bleu.<\/p>\n<p class=\"fig-paragraph\">Sur les images, on peut voir trois individus arm\u00e9s sortir du b\u00e2timent, dont l\u2019un porte une casquette et un brassard orange, et un autre, cagoul\u00e9, muni d\u2019une \u00e9chelle avec laquelle ils commencent \u00e0 escalader le grillage m\u00e9tallique de l\u2019entreprise.<\/p>\n<p class=\"fig-paragraph\">Dans le document vid\u00e9o des voisins, on entend une personne qui donne l\u2019alerte aux services de secours. Des \u00e9quipages de policiers ont alors \u00e9t\u00e9 \u00abrapidement\u00bb d\u00e9p\u00each\u00e9s sur place, dont la BRI de Lyon qui a re\u00e7u des renforts de la BRI de Dijon et d\u2019effectifs de la BRI nationale bas\u00e9s dans la r\u00e9gion, a pr\u00e9cis\u00e9 la pr\u00e9fecture. Une enqu\u00eate a \u00e9t\u00e9 confi\u00e9e \u00e0 la police judiciaire.<\/p>\n","protected":false},"excerpt":{"rendered":"Peu avant 14h00, des individus \u00e9quip\u00e9s notamment \u00abd\u2019armes \u00e0 feu longues\u00bb ont attaqu\u00e9 une raffinerie de m\u00e9taux pr\u00e9cieux,&hellip;\n","protected":false},"author":2,"featured_media":500304,"comment_status":"","ping_status":"","sticky":false,"template":"","format":"standard","meta":{"footnotes":""},"categories":[2],"tags":[11,2441,6941,1011,27,12,5190,25],"class_list":{"0":"post-500303","1":"post","2":"type-post","3":"status-publish","4":"format-standard","5":"has-post-thumbnail","7":"category-actualites","8":"tag-actualites","9":"tag-arrestation","10":"tag-braquage","11":"tag-fr","12":"tag-france","13":"tag-news","14":"tag-or","15":"tag-republique-francaise"},"share_on_mastodon":{"url":"https:\/\/pubeurope.com\/@fr\/115463981966634820","error":""},"_links":{"self":[{"href":"https:\/\/www.europesays.com\/fr\/wp-json\/wp\/v2\/posts\/500303","targetHints":{"allow":["GET"]}}],"collection":[{"href":"https:\/\/www.europesays.com\/fr\/wp-json\/wp\/v2\/posts"}],"about":[{"href":"https:\/\/www.europesays.com\/fr\/wp-json\/wp\/v2\/types\/post"}],"author":[{"embeddable":true,"href":"https:\/\/www.europesays.com\/fr\/wp-json\/wp\/v2\/users\/2"}],"replies":[{"embeddable":true,"href":"https:\/\/www.europesays.com\/fr\/wp-json\/wp\/v2\/comments?post=500303"}],"version-history":[{"count":0,"href":"https:\/\/www.europesays.com\/fr\/wp-json\/wp\/v2\/posts\/500303\/revisions"}],"wp:featuredmedia":[{"embeddable":true,"href":"https:\/\/www.europesays.com\/fr\/wp-json\/wp\/v2\/media\/500304"}],"wp:attachment":[{"href":"https:\/\/www.europesays.com\/fr\/wp-json\/wp\/v2\/media?parent=500303"}],"wp:term":[{"taxonomy":"category","embeddable":true,"href":"https:\/\/www.europesays.com\/fr\/wp-json\/wp\/v2\/categories?post=500303"},{"taxonomy":"post_tag","embeddable":true,"href":"https:\/\/www.europesays.com\/fr\/wp-json\/wp\/v2\/tags?post=500303"}],"curies":[{"name":"wp","href":"https:\/\/api.w.org\/{rel}","templated":true}]}}