{"id":500309,"date":"2025-10-30T16:11:21","date_gmt":"2025-10-30T16:11:21","guid":{"rendered":"https:\/\/www.europesays.com\/fr\/500309\/"},"modified":"2025-10-30T16:11:21","modified_gmt":"2025-10-30T16:11:21","slug":"la-princesse-charlene-accompagne-les-jeunes-talents-du-rugby-monegasque-en-georgie","status":"publish","type":"post","link":"https:\/\/www.europesays.com\/fr\/500309\/","title":{"rendered":"La princesse Charl\u00e8ne accompagne les jeunes talents du rugby mon\u00e9gasque en G\u00e9orgie"},"content":{"rendered":"<p>La princesse Charl\u00e8ne s\u2019est envol\u00e9e pour la G\u00e9orgie ce mercredi. La princesse de Monaco \u00e9tait accompagn\u00e9e de son fr\u00e8re lors de ce voyage en soutien \u00e0 l\u2019\u00e9quipe nationale de rugby form\u00e9e par des adolescents mon\u00e9gasques de moins de 16 ans.<\/p>\n<p><strong>Lire aussi : <a href=\"https:\/\/histoiresroyales.fr\/prince-albert-ii-princesse-charlene-recompensent-jeunes-rugbymen-tournoi-sainte-devote\/\" target=\"_blank\" rel=\"noopener\">La princesse Charl\u00e8ne r\u00e9compense les jeunes rugbymen du Tournoi Sainte-D\u00e9vote<\/a><\/strong><\/p>\n<p>La princesse Charl\u00e8ne Centre d\u2019entra\u00eenement de la F\u00e9d\u00e9ration g\u00e9orgienne de rugby \u00e0 Martkopi<\/p>\n<p>La <a href=\"https:\/\/histoiresroyales.fr\/famille-princiere-monegasque\/charlene-de-monaco\/\" target=\"_blank\" rel=\"noopener\">princesse Charl\u00e8ne<\/a>, 47 ans, est n\u00e9e au sein d\u2019une famille de sportifs. Si Charl\u00e8ne a suivi la passion de sa m\u00e8re pour la natation, ses fr\u00e8res ont suivi la passion de leur p\u00e8re pour le rugby. La princesse Charl\u00e8ne affectionne aussi ce sport et \u0153uvre \u00e0 la promotion du rugby en Principaut\u00e9. Ce mercredi 29 octobre 2025, le rugby a guid\u00e9 Charl\u00e8ne et son fr\u00e8re Gareth Wittstock jusqu\u2019en G\u00e9orgie. <\/p>\n<p><img fetchpriority=\"high\" decoding=\"async\" width=\"1300\" height=\"957\" src=\"https:\/\/www.europesays.com\/fr\/wp-content\/uploads\/2025\/10\/princesse-charlene-de-monaco-rugby-martkopi.jpg\" alt=\"\" class=\"wp-image-226399 lazyload\" data-  \/>La princesse Charl\u00e8ne accompagne les jeunes rugbymen mon\u00e9gasques jusqu\u2019en G\u00e9orgie (Photo : Ana Demetrashvili \/ Georgian Rugby Union)<\/p>\n<p><strong>Lire aussi : <a href=\"https:\/\/histoiresroyales.fr\/prince-albert-princesse-charlene-similaires-smoking-soutenir-joueurs-de-rugby\/\" target=\"_blank\" rel=\"noopener\">Le prince Albert et la princesse Charl\u00e8ne similaires en smoking pour une soir\u00e9e au George V \u00e0 Paris en soutien aux joueurs de rugby<\/a><\/strong><\/p>\n<p>Charl\u00e8ne et Gareth ont pris la direction de Martkopi, une bourgade de moins de 8000 habitants, \u00e0 l\u2019est du pays. La princesse Charl\u00e8ne souhaitait accompagner les jeunes rugbymen mon\u00e9gasques qui participaient \u00e0 un stage de pr\u00e9paration. La princesse Charl\u00e8ne a visit\u00e9 le Centre d\u2019entra\u00eenement de la F\u00e9d\u00e9ration g\u00e9orgienne de rugby, un site reconnu pour l\u2019excellence de ses infrastructures, avant de soutenir les rugbymen mon\u00e9gasques depuis les tribunes.<\/p>\n<p><img loading=\"lazy\" decoding=\"async\" width=\"1300\" height=\"951\" src=\"https:\/\/www.europesays.com\/fr\/wp-content\/uploads\/2025\/10\/princesse-charlene-georgie-fondation-croix-rouge-rugby.jpg\" alt=\"\" class=\"wp-image-226400 lazyload\" data-  \/>En marge du stage, la Croix-Rouge g\u00e9orgienne organisait un atelier de formation aux premiers secours (Photo : Ana Demetrashvili \/ Georgian Rugby Union)<\/p>\n<p><img loading=\"lazy\" decoding=\"async\" width=\"1400\" height=\"1025\" src=\"https:\/\/www.europesays.com\/fr\/wp-content\/uploads\/2025\/10\/princesse-charlene-de-monaco-rugby-georgie.jpg\" alt=\"\" class=\"wp-image-226398 lazyload\" data-  \/>La princesse Charl\u00e8ne de Monaco salue les joueurs avant un match amical, suivie par Davit Kacharava, pr\u00e9sident de la F\u00e9d\u00e9ration g\u00e9orgienne de rugby (Photo : Ana Demetrashvili \/ Georgian Rugby Union)<\/p>\n<p><strong>Lire aussi : <a href=\"https:\/\/histoiresroyales.fr\/princesse-charlene-sacre-antoine-dupont-meilleur-joueur-de-rugby-au-monde\/\" target=\"_blank\" rel=\"noopener\">La princesse Charl\u00e8ne sacre Antoine Dupont meilleur joueur de rugby au monde<\/a><\/strong><\/p>\n<p>La princesse Charl\u00e8ne encourage les jeunes talents du rugby jusqu\u2019en G\u00e9orgie<\/p>\n<p>La princesse Charl\u00e8ne voyageait aussi dans le cadre de ses fonctions de vice-pr\u00e9sidente de la Croix-Rouge mon\u00e9gasque. Un atelier de formation aux premiers secours \u00e9tait aussi organis\u00e9 par la Croix-Rouge g\u00e9orgienne, en marge du stage de rugby. Le Palais princier souligne que cette formation aux premiers secours \u00e9tait organis\u00e9e en collaboration avec la Fondation Princesse Charl\u00e8ne, dont Gareth est le secr\u00e9taire g\u00e9n\u00e9ral.<\/p>\n<p><img loading=\"lazy\" decoding=\"async\" width=\"1400\" height=\"1030\" src=\"https:\/\/www.europesays.com\/fr\/wp-content\/uploads\/2025\/10\/princesse-charlene-de-monaco-rugby-georgie-nationale-U16.jpg\" alt=\"\" class=\"wp-image-226397 lazyload\" data-  \/>Davit Kacharava, la princesse Charl\u00e8ne et Gareth Wittstock assistent \u00e0 un match amical (Photo : Ana Demetrashvili \/ Georgian Rugby Union)<\/p>\n<p><img loading=\"lazy\" decoding=\"async\" width=\"1300\" height=\"951\" src=\"https:\/\/www.europesays.com\/fr\/wp-content\/uploads\/2025\/10\/princesse-charlene-de-monaco-enfants-jeunes-monegasques-u16.jpg\" alt=\"\" class=\"wp-image-226396 lazyload\" data-  \/>La princesse Charl\u00e8ne pose avec l\u2019\u00e9quipe nationale U16 (Photo : Ana Demetrashvili \/ Georgian Rugby Union)<\/p>\n<p>L\u2019\u00e9quipe nationale U16 (under 16) est form\u00e9e de jeunes de moins de 16 ans. Ces  jeunes rugbymen ont d\u2019ailleurs prouv\u00e9 leur talent, en participant \u00e0 deux matchs amicaux qu\u2019ils ont remport\u00e9s. Ce stage intensif vise \u00e0 renforcer l\u2019exp\u00e9rience des jeunes sportifs avant le Tournoi international de rugby \u00e0 7 pr\u00e9vu fin novembre, qui aura lieu \u00e0 Duba\u00ef.\u00a0<a href=\"https:\/\/www.monaco-tribune.com\/2025\/10\/la-princesse-charlene-en-georgie-pour-soutenir-les-jeunes-rugbymen-monegasques\/\" target=\"_blank\" rel=\"noreferrer noopener nofollow\">Monaco Tribune<\/a> explique que la G\u00e9orgie est une nation montante dans le rugby et que ce stage \u00ab constitue un terrain d\u2019apprentissage id\u00e9al pour les jeunes Mon\u00e9gasques qui peuvent se confronter \u00e0 une \u00e9cole de rugby r\u00e9put\u00e9e pour sa robustesse et son engagement physique. \u00bb<\/p>\n<p>\t\t\t\t<img loading=\"lazy\" alt=\"Avatar photo\" src=\"https:\/\/www.europesays.com\/fr\/wp-content\/uploads\/2025\/04\/1516945716303-164x164.jpeg\"  class=\"avatar avatar-164 photo lazyload\" height=\"164\" width=\"164\" decoding=\"async\"\/><br \/>\n\t\t<a href=\"https:\/\/histoiresroyales.fr\/author\/royaliste123\/\" target=\"_blank\" rel=\"noopener\">Nicolas Fontaine<\/a><br \/>\n\t\t\t\t\tR\u00e9dacteur en chef<\/p>\n<p>Nicolas Fontaine a \u00e9t\u00e9 concepteur-r\u00e9dacteur et auteur pour de nombreuses marques et m\u00e9dias belges et fran\u00e7ais. Sp\u00e9cialiste de l&rsquo;actualit\u00e9 des familles royales, Nicolas a fond\u00e9 le site Histoires royales dont il est le r\u00e9dacteur en chef.&#13;<br \/>\n&#13;<br \/>\nnicolas@histoiresroyales.fr<\/p>\n<p>\t\t\t\t\t\t\t<a href=\"https:\/\/twitter.com\/ActusRoyales\" class=\"boxed-icon fill twitter\" target=\"_blank\" rel=\"noopener\"><\/a><br \/>\n\t\t\t\t\t\t\t\t\t<a href=\"https:\/\/www.instagram.com\/histoiresroyales.fr\/\" class=\"boxed-icon fill instagram\" target=\"_blank\" rel=\"noopener\"><\/a><\/p>\n<p>\t\t\t\t\t\t\t\t\t\t\t\t\t<script async src=\"https:\/\/platform.twitter.com\/widgets.js\" charset=\"utf-8\"><\/script><script async src=\"\/\/www.instagram.com\/embed.js\"><\/script><\/p>\n","protected":false},"excerpt":{"rendered":"La princesse Charl\u00e8ne s\u2019est envol\u00e9e pour la G\u00e9orgie ce mercredi. La princesse de Monaco \u00e9tait accompagn\u00e9e de son&hellip;\n","protected":false},"author":2,"featured_media":500310,"comment_status":"","ping_status":"","sticky":false,"template":"","format":"standard","meta":{"footnotes":""},"categories":[1416],"tags":[25250,1011,27,62254,36912,479,1468,60],"class_list":{"0":"post-500309","1":"post","2":"type-post","3":"status-publish","4":"format-standard","5":"has-post-thumbnail","7":"category-rugby","8":"tag-charlu00e8ne-de-monaco","9":"tag-fr","10":"tag-france","11":"tag-gareth-wittstock","12":"tag-gu00e9orgie","13":"tag-rugby","14":"tag-rugby-football","15":"tag-sports"},"share_on_mastodon":{"url":"https:\/\/pubeurope.com\/@fr\/115463998350594313","error":""},"_links":{"self":[{"href":"https:\/\/www.europesays.com\/fr\/wp-json\/wp\/v2\/posts\/500309","targetHints":{"allow":["GET"]}}],"collection":[{"href":"https:\/\/www.europesays.com\/fr\/wp-json\/wp\/v2\/posts"}],"about":[{"href":"https:\/\/www.europesays.com\/fr\/wp-json\/wp\/v2\/types\/post"}],"author":[{"embeddable":true,"href":"https:\/\/www.europesays.com\/fr\/wp-json\/wp\/v2\/users\/2"}],"replies":[{"embeddable":true,"href":"https:\/\/www.europesays.com\/fr\/wp-json\/wp\/v2\/comments?post=500309"}],"version-history":[{"count":0,"href":"https:\/\/www.europesays.com\/fr\/wp-json\/wp\/v2\/posts\/500309\/revisions"}],"wp:featuredmedia":[{"embeddable":true,"href":"https:\/\/www.europesays.com\/fr\/wp-json\/wp\/v2\/media\/500310"}],"wp:attachment":[{"href":"https:\/\/www.europesays.com\/fr\/wp-json\/wp\/v2\/media?parent=500309"}],"wp:term":[{"taxonomy":"category","embeddable":true,"href":"https:\/\/www.europesays.com\/fr\/wp-json\/wp\/v2\/categories?post=500309"},{"taxonomy":"post_tag","embeddable":true,"href":"https:\/\/www.europesays.com\/fr\/wp-json\/wp\/v2\/tags?post=500309"}],"curies":[{"name":"wp","href":"https:\/\/api.w.org\/{rel}","templated":true}]}}