{"id":50031,"date":"2025-04-24T20:27:18","date_gmt":"2025-04-24T20:27:18","guid":{"rendered":"https:\/\/www.europesays.com\/fr\/50031\/"},"modified":"2025-04-24T20:27:18","modified_gmt":"2025-04-24T20:27:18","slug":"des-rendez-vous-reguliers-roubaixxl","status":"publish","type":"post","link":"https:\/\/www.europesays.com\/fr\/50031\/","title":{"rendered":"Des rendez-vous r\u00e9guliers &#8211; ROUBAIXXL"},"content":{"rendered":"<p>Partenaires pr\u00e9sents : ADIL, Action Logement, AMELIO, MEL, Soliha, GRAAL, Urbanis, Compagnons B\u00e2tisseurs) et les services de la Ville de Roubaix (Habitat, Hygi\u00e8ne, Brigade de lutte contre les logements vacants, Urbanisme, D\u00e9veloppement Durable).<\/p>\n<p><strong>Atelier Copropri\u00e9t\u00e9s \u00ab La gestion des sinistres en copropri\u00e9t\u00e9s \u00bb<\/strong><\/p>\n<p><strong style=\"font-size: 16px;\">mercredi 4 juin 2025 \u00e0 18h<br \/><\/strong><strong style=\"font-size: 16px;\">Maison de l\u2019Habitat (9-11 rue des Fabricants)<\/strong><br \/>La Maison de l\u2019Habitat poursuit son cycle d\u2019ateliers consacr\u00e9s aux copropri\u00e9t\u00e9s avec un atelier d\u00e9di\u00e9 \u00e0 la gestion des sinistres anim\u00e9 par une juriste de l\u2019ARC \u2013 Association des responsables de Copropri\u00e9t\u00e9s.<\/p>\n<p>La participation se fait sur inscription par t\u00e9l\u00e9phone au 03 20 66 48 70 ou par mail sur la bo\u00eete <a href=\"https:\/\/www.roubaixxl.fr\/rendez-vous-reguliers-maison-habitat\/mailto:pha@ville-roubaix.fr\" rel=\"nofollow noopener\" target=\"_blank\">pha@ville-roubaix.fr<\/a>.<\/p>\n<p>Les permanences de la Maison de l\u2019Habitat<\/p>\n<p>La Maison de l\u2019Habitat est un lieu ressource \u00e0 destination de l\u2019ensemble des roubaisiens pour toutes les questions li\u00e9es \u00e0 leur logement. La Maison de l\u2019Habitat est ouverte tous les matins et vous propose de rencontrer gratuitement des professionnels afin de vous accompagner dans vos d\u00e9marches et projets\u00a0:<\/p>\n<ul>\n<li><strong>Le service Communal d\u2019Hygi\u00e8ne et de Sant\u00e9<\/strong>\u00a0: le mardi et jeudi de 9h \u00e0 12h et le samedi de 9h \u00e0 11h30\u00a0;<\/li>\n<li>Le Service Am\u00e9lioration de l\u2019Habitat\u00a0: le vendredi matin de 9h \u00e0 12h\u00a0;<\/li>\n<li><strong>Les juristes de France victimes \u2013 S.I.A.VIC 59<\/strong>\u00a0: Les trois premiers jeudis du mois de 9h \u00e0 12h sur rendez-vous au 03 20 45 05 55\u00a0;<\/li>\n<li><strong>Un avocat sp\u00e9cialis\u00e9 dans le logement et l\u2019habitat indigne<\/strong>\u00a0: Le quatri\u00e8me jeudi du mois de 10h \u00e0 12h sur rendez-vous au 03 20 66 48 59\u00a0;<\/li>\n<li><strong>Un architecte<\/strong>\u00a0: Tous les premiers vendredis du mois de 9h \u00e0 12h sur rendez-vous au 03 20 66 48 59.<\/li>\n<\/ul>\n<p>Pour vos travaux de r\u00e9novation, les \u00e9quipes de Soliha sont pr\u00e9sentes pour vous conseiller tous les vendredis de 9h \u00e0 12h sans rendez-vous.<\/p>\n","protected":false},"excerpt":{"rendered":"Partenaires pr\u00e9sents : ADIL, Action Logement, AMELIO, MEL, Soliha, GRAAL, Urbanis, Compagnons B\u00e2tisseurs) et les services de la&hellip;\n","protected":false},"author":2,"featured_media":50032,"comment_status":"","ping_status":"","sticky":false,"template":"","format":"standard","meta":{"footnotes":""},"categories":[2815],"tags":[1111,11,1777,674,1011,27,4250,811,1307,14132,12,25],"class_list":{"0":"post-50031","1":"post","2":"type-post","3":"status-publish","4":"format-standard","5":"has-post-thumbnail","7":"category-lille","8":"tag-actu","9":"tag-actualites","10":"tag-eu","11":"tag-europe","12":"tag-fr","13":"tag-france","14":"tag-habitat","15":"tag-hauts-de-france","16":"tag-lille","17":"tag-maison-de-lhabitat","18":"tag-news","19":"tag-republique-francaise"},"share_on_mastodon":{"url":"https:\/\/pubeurope.com\/@fr\/114394827573423128","error":""},"_links":{"self":[{"href":"https:\/\/www.europesays.com\/fr\/wp-json\/wp\/v2\/posts\/50031","targetHints":{"allow":["GET"]}}],"collection":[{"href":"https:\/\/www.europesays.com\/fr\/wp-json\/wp\/v2\/posts"}],"about":[{"href":"https:\/\/www.europesays.com\/fr\/wp-json\/wp\/v2\/types\/post"}],"author":[{"embeddable":true,"href":"https:\/\/www.europesays.com\/fr\/wp-json\/wp\/v2\/users\/2"}],"replies":[{"embeddable":true,"href":"https:\/\/www.europesays.com\/fr\/wp-json\/wp\/v2\/comments?post=50031"}],"version-history":[{"count":0,"href":"https:\/\/www.europesays.com\/fr\/wp-json\/wp\/v2\/posts\/50031\/revisions"}],"wp:featuredmedia":[{"embeddable":true,"href":"https:\/\/www.europesays.com\/fr\/wp-json\/wp\/v2\/media\/50032"}],"wp:attachment":[{"href":"https:\/\/www.europesays.com\/fr\/wp-json\/wp\/v2\/media?parent=50031"}],"wp:term":[{"taxonomy":"category","embeddable":true,"href":"https:\/\/www.europesays.com\/fr\/wp-json\/wp\/v2\/categories?post=50031"},{"taxonomy":"post_tag","embeddable":true,"href":"https:\/\/www.europesays.com\/fr\/wp-json\/wp\/v2\/tags?post=50031"}],"curies":[{"name":"wp","href":"https:\/\/api.w.org\/{rel}","templated":true}]}}