{"id":500317,"date":"2025-10-30T16:18:11","date_gmt":"2025-10-30T16:18:11","guid":{"rendered":"https:\/\/www.europesays.com\/fr\/500317\/"},"modified":"2025-10-30T16:18:11","modified_gmt":"2025-10-30T16:18:11","slug":"jetais-a-deux-doigts-de-laccident-vasculaire","status":"publish","type":"post","link":"https:\/\/www.europesays.com\/fr\/500317\/","title":{"rendered":"\u00ab\u00a0J&rsquo;\u00e9tais \u00e0 deux doigts de l&rsquo;accident vasculaire\u00a0\u00bb"},"content":{"rendered":"<p>De retour \u00e0 la pr\u00e9sentation du \u00ab\u00a0Bigdil\u00a0\u00bb depuis janvier\u00a02025 sur <a href=\"https:\/\/www.20minutes.fr\/dossier\/rmc\" class=\"c-link c-link--is-underlined\" rel=\"nofollow noopener\" target=\"_blank\">RMC Story<\/a>, Vincent Lagaf&rsquo; a fr\u00f4l\u00e9 la mort cet \u00e9t\u00e9. \u00c0 \u00ab\u00a0deux doigts de l\u2019accident vasculaire\u00a0\u00bb, l\u2019animateur de 65 ans a subi un quintuple pontage en <a href=\"https:\/\/www.20minutes.fr\/dossier\/urgence\" class=\"c-link c-link--is-underlined\" rel=\"nofollow noopener\" target=\"_blank\">urgence<\/a> fin juillet, a-t-il racont\u00e9 au\u00a0<a href=\"https:\/\/www.leparisien.fr\/culture-loisirs\/tv\/jai-failli-mourir-opere-du-coeur-cet-ete-vincent-lagaf-retrouve-la-tete-du-bigdil-desormais-le-jeudi-29-10-2025-4W6RWMZNMZBK7GG33EUJUH2RSY.php\" target=\"_blank\" class=\"c-link c-link--is-underlined\" rel=\"nofollow noopener\">Parisien<\/a>.<\/p>\n<p>Au d\u00e9but de l\u2019\u00e9t\u00e9, le sexag\u00e9naire a ressenti une grande fatigue alors qu\u2019il terminait sa saison de <a href=\"https:\/\/www.20minutes.fr\/dossier\/tournage\" class=\"c-link c-link--is-underlined\" rel=\"nofollow noopener\" target=\"_blank\">tournage<\/a>. \u00ab\u00a0Mes proches s\u2019inqui\u00e9taient mais je refusais d\u2019y pr\u00eater attention\u00a0\u00bb, confie Vincent Lagaf&rsquo;. Sur les conseils de son fils, il a alors consult\u00e9 un <a href=\"https:\/\/www.20minutes.fr\/dossier\/cardiologie\" class=\"c-link c-link--is-underlined\" rel=\"nofollow noopener\" target=\"_blank\">cardiologue<\/a> qui lui a fait passer plusieurs examens. R\u00e9sultat\u00a0: une op\u00e9ration cardiaque a \u00e9t\u00e9 planifi\u00e9e en urgence.<\/p>\n<p>Des art\u00e8res bouch\u00e9es \u00e0 95 et 97\u00a0%<\/p>\n<p>Croyant \u00e0 une blague, <a href=\"https:\/\/www.20minutes.fr\/arts-stars\/people\/4180000-20251017-vincent-lagaf-donne-nouvelles-sante-apres-pronostic-vital-engage\" class=\"c-link c-link--is-underlined\" rel=\"nofollow noopener\" target=\"_blank\">le pr\u00e9sentateur s\u2019entend pourtant dire que son pronostic vital est engag\u00e9<\/a>. \u00ab\u00a0J\u2019avais une art\u00e8re bouch\u00e9e \u00e0 97\u00a0%, l\u2019autre \u00e0 95\u00a0%\u00a0\u00bb, explique-t-il. \u00ab\u00a0J\u2019\u00e9tais \u00e0 deux doigts de l\u2019<a href=\"https:\/\/www.20minutes.fr\/dossier\/avc\" class=\"c-link c-link--is-underlined\" rel=\"nofollow noopener\" target=\"_blank\">accident vasculaire<\/a>.\u00a0\u00bb Fin juillet, il a subi un quintuple pontage \u00e0 Paris, l\u2019occasion pour lui de voir aux premi\u00e8res loges le \u00ab\u00a0scandaleux manque de moyens\u00a0\u00bb de <a href=\"https:\/\/www.20minutes.fr\/dossier\/hopital\" class=\"c-link c-link--is-underlined\" rel=\"nofollow noopener\" target=\"_blank\">l\u2019h\u00f4pital public<\/a>.<\/p>\n<p>Une semaine plus tard, l\u2019animateur a \u00e9t\u00e9\u00a0transf\u00e9r\u00e9 en r\u00e9\u00e9ducation cardiaque. Il en est sorti juste \u00e0 temps pour rencontrer son petit-fils \u00e0 peine n\u00e9, un \u00ab\u00a0signe\u00a0\u00bb de la vie selon lui. Vincent Lagaf&rsquo; n\u2019est pas totalement tir\u00e9 d\u2019affaire mais\u00a0refuse de s\u2019interdire de vivre. \u00ab\u00a0Je suis heureux d\u2019\u00eatre l\u00e0, de pouvoir jouer avec mes chiens, de profiter de mon petit-fils, de dire des conneries avec ma ch\u00e9rie, de reprendre mon buggy et de rouler comme un d\u00e9rat\u00e9\u00a0\u00bb, confie-t-il.<\/p>\n<\/p>\n<p>Depuis la rentr\u00e9e, il est de nouveau aux manettes du \u00ab\u00a0Bigdil\u00a0\u00bb, une fois par semaine sur RMC Story. La production a cette fois-ci pr\u00e9vu des \u00e9missions th\u00e9matiques, tourn\u00e9es en direct, avec des plateaux et d\u00e9cors nouveaux \u00e0 chaque fois. Malgr\u00e9 sa passion pour le travail, Vincent Lagaf&rsquo; s\u2019est d\u00e9sormais engag\u00e9 \u00e0 davantage \u00e9couter son corps et s\u2019arr\u00eater quand il est fatigu\u00e9.<\/p>\n","protected":false},"excerpt":{"rendered":"De retour \u00e0 la pr\u00e9sentation du \u00ab\u00a0Bigdil\u00a0\u00bb depuis janvier\u00a02025 sur RMC Story, Vincent Lagaf&rsquo; a fr\u00f4l\u00e9 la mort&hellip;\n","protected":false},"author":2,"featured_media":500318,"comment_status":"","ping_status":"","sticky":false,"template":"","format":"standard","meta":{"footnotes":""},"categories":[1359],"tags":[9827,29934,860,58,4739,59,1011,27,100,973,10319,252],"class_list":{"0":"post-500317","1":"post","2":"type-post","3":"status-publish","4":"format-standard","5":"has-post-thumbnail","7":"category-people","8":"tag-animateur","9":"tag-arret-cardiaque","10":"tag-avc","11":"tag-divertissement","12":"tag-emission-de-television","13":"tag-entertainment","14":"tag-fr","15":"tag-france","16":"tag-hopital","17":"tag-people","18":"tag-rmc","19":"tag-television"},"share_on_mastodon":{"url":"https:\/\/pubeurope.com\/@fr\/115464025214511061","error":""},"_links":{"self":[{"href":"https:\/\/www.europesays.com\/fr\/wp-json\/wp\/v2\/posts\/500317","targetHints":{"allow":["GET"]}}],"collection":[{"href":"https:\/\/www.europesays.com\/fr\/wp-json\/wp\/v2\/posts"}],"about":[{"href":"https:\/\/www.europesays.com\/fr\/wp-json\/wp\/v2\/types\/post"}],"author":[{"embeddable":true,"href":"https:\/\/www.europesays.com\/fr\/wp-json\/wp\/v2\/users\/2"}],"replies":[{"embeddable":true,"href":"https:\/\/www.europesays.com\/fr\/wp-json\/wp\/v2\/comments?post=500317"}],"version-history":[{"count":0,"href":"https:\/\/www.europesays.com\/fr\/wp-json\/wp\/v2\/posts\/500317\/revisions"}],"wp:featuredmedia":[{"embeddable":true,"href":"https:\/\/www.europesays.com\/fr\/wp-json\/wp\/v2\/media\/500318"}],"wp:attachment":[{"href":"https:\/\/www.europesays.com\/fr\/wp-json\/wp\/v2\/media?parent=500317"}],"wp:term":[{"taxonomy":"category","embeddable":true,"href":"https:\/\/www.europesays.com\/fr\/wp-json\/wp\/v2\/categories?post=500317"},{"taxonomy":"post_tag","embeddable":true,"href":"https:\/\/www.europesays.com\/fr\/wp-json\/wp\/v2\/tags?post=500317"}],"curies":[{"name":"wp","href":"https:\/\/api.w.org\/{rel}","templated":true}]}}