{"id":500319,"date":"2025-10-30T16:19:29","date_gmt":"2025-10-30T16:19:29","guid":{"rendered":"https:\/\/www.europesays.com\/fr\/500319\/"},"modified":"2025-10-30T16:19:29","modified_gmt":"2025-10-30T16:19:29","slug":"ce-livre-est-lanti-selfie-absolu","status":"publish","type":"post","link":"https:\/\/www.europesays.com\/fr\/500319\/","title":{"rendered":"\u00ab\u200aCe livre est l\u2019anti-selfie absolu\u200a\u00bb"},"content":{"rendered":"<p>\n    <strong>ENTRETIEN<\/strong> &#8211; L\u2019\u00e9crivain a \u00e9t\u00e9 fascin\u00e9 par Laurent Mallet, qui photographie des visiteurs de mus\u00e9es. De la rencontre entre les deux hommes d\u00e9coule cet univers pictural.<\/p>\n<p class=\"fig-paragraph\">\u00c0\u00a0<a href=\"http:\/\/www.lefigaro.fr\/culture\/le-centre-pompidou-sera-inscrit-aux-monuments-historiques-laurent-le-bon-revele-les-dessous-du-chantier-de-beaubourg-20250910\" data-fig-type=\"Article\" data-gtm-custom-categorie=\"navigation\" data-gtm-custom-action=\"crossclick\" data-gtm-custom-label=\"Contextuel\" data-gtm-event=\"customEventSPE\" data-fig-domain=\"LEFIGARO\" target=\"_blank\" rel=\"noopener\">Beaubourg<\/a>, un jour,\u00a0<a href=\"http:\/\/www.lefigaro.fr\/livres\/mon-assassin-de-daniel-pennac-le-patriarche-vous-salue-bien-20241121\" data-fig-type=\"Article\" data-gtm-custom-categorie=\"navigation\" data-gtm-custom-action=\"crossclick\" data-gtm-custom-label=\"Contextuel\" data-gtm-event=\"customEventSPE\" data-fig-domain=\"LEFIGARO\" target=\"_blank\" rel=\"noopener\">Daniel Pennac<\/a>\u00a0aper\u00e7oit un homme qui photographie les visiteurs des mus\u00e9es de dos \u00e0 l\u2019instant o\u00f9 ils se penchent sur une toile. Quelque temps plus tard, il consulte un gastro-ent\u00e9rologue bient\u00f4t \u00e0 la retraite, le Dr\u00a0Laurent Mallet, qui n\u2019est autre que ce photographe. \u00ab\u200aCe genre de truc n\u2019arrive qu\u2019\u00e0 moi\u00a0\u00bb, \u00e9crit le p\u00e8re de la saga\u00a0<a href=\"http:\/\/www.lefigaro.fr\/livres\/daniel-pennac-met-le-point-final-a-la-serie-des-malaussene-20221117\" data-fig-type=\"NewsFlash\" data-gtm-custom-categorie=\"navigation\" data-gtm-custom-action=\"crossclick\" data-gtm-custom-label=\"Contextuel\" data-gtm-event=\"customEventSPE\" data-fig-domain=\"LEFIGARO\" target=\"_blank\" rel=\"noopener\">Malauss\u00e8ne<\/a>.<\/p>\n<p class=\"fig-paragraph\">De cette rencontre est n\u00e9e une v\u00e9ritable complicit\u00e9 qui vient de donner naissance au Roman des regards, publi\u00e9 par Philippe Rey\u00a0: aux 59\u00a0chapitres de Pennac r\u00e9pondent 80 photographies de Laurent Mallet pr\u00e9sent\u00e9es en vis-\u00e0-vis sur une double page. Cela donne un livre savoureux, une sorte d\u2019ovni litt\u00e9raire, pictural et photographique. La magie provient sans doute de cette harmonie que l\u2019on remarque sur presque tous les clich\u00e9s entre la visiteuse ou le visiteur et l\u2019\u0153uvre. \u00ab\u200aL\u2019art et la vie se rejoignent\u00a0\u00bb, dit Pennac.<\/p>\n<p class=\"fig-paragraph\"><strong>LE FIGARO. &#8211; Comment est n\u00e9 ce <\/strong><strong>Roman des regards<\/strong> <strong>\u00a0?<\/strong><\/p>\n<p class=\"fig-paragraph\"><strong>DANIEL PENNAC.<\/strong> &#8211; La premi\u00e8re fois que j\u2019ai remarqu\u00e9\u2026<\/p>\n<p class=\"fig-premium-paywall__infos\">\n        Cet article est r\u00e9serv\u00e9 aux abonn\u00e9s.        Il vous reste 79% \u00e0 d\u00e9couvrir.\n    <\/p>\n<p>                <img  data- alt=\"Le Figaro\" class=\"fig-img--complete fig-img\"\/><\/p>\n<p class=\"fig-premium-paywall__title\">Vous avez envie de lire la suite ?<\/p>\n<p class=\"fig-premium-paywall__subtitle\">D\u00e9bloquez tous les articles imm\u00e9diatement.<\/p>\n<p class=\"fig-premium-paywall__connect\">\n                D\u00e9j\u00e0 abonn\u00e9\u00a0?                <a class=\"fig-premium-paywall__connect-link\" href=\"https:\/\/connect.lefigaro.fr\/login?client=horizon_web&amp;type=main&amp;redirect_uri=https%3A%2F%2Fwww.lefigaro.fr%2Flivres%2Fdaniel-pennac-ce-livre-est-l-anti-selfie-absolu-20251030\" data-js-gtm=\"{&quot;customCategorie&quot;: &quot;conversion&quot;, &quot;customAction&quot;: &quot;before_Landing_Connexion_paywall_auto&quot;, &quot;customLabel&quot;: &quot;bGVmaWdhcm8uZnJfXzFmMGI0YzUzLTZmNDMtNjU0Mi05ODY4LWZkOWUxNmZjZjQ4NV9fQXJ0aWNsZQ==_Daniel Pennac\u00a0: \u00ab\u200aCe livre est l\u2019anti-selfie absolu\u00a0\u00bb_43&quot;, &quot;customIDSPE&quot;: &quot;bGVmaWdhcm8uZnJfXzFmMGI0YzUzLTZmNDMtNjU0Mi05ODY4LWZkOWUxNmZjZjQ4NV9fQXJ0aWNsZQ==&quot;, &quot;event&quot;: &quot;customEventSPE&quot;}\" target=\"_blank\" rel=\"noopener\"><br \/>\n                    Connectez-vous<br \/>\n                <\/a>\n            <\/p>\n","protected":false},"excerpt":{"rendered":"ENTRETIEN &#8211; L\u2019\u00e9crivain a \u00e9t\u00e9 fascin\u00e9 par Laurent Mallet, qui photographie des visiteurs de mus\u00e9es. De la rencontre&hellip;\n","protected":false},"author":2,"featured_media":500320,"comment_status":"","ping_status":"","sticky":false,"template":"","format":"standard","meta":{"footnotes":""},"categories":[1358],"tags":[1348,1384,1385,1386,58,59,1011,27,1380],"class_list":{"0":"post-500319","1":"post","2":"type-post","3":"status-publish","4":"format-standard","5":"has-post-thumbnail","7":"category-arts-et-design","8":"tag-arts","9":"tag-arts-and-design","10":"tag-arts-et-design","11":"tag-design","12":"tag-divertissement","13":"tag-entertainment","14":"tag-fr","15":"tag-france","16":"tag-livres"},"share_on_mastodon":{"url":"https:\/\/pubeurope.com\/@fr\/115464029007289502","error":""},"_links":{"self":[{"href":"https:\/\/www.europesays.com\/fr\/wp-json\/wp\/v2\/posts\/500319","targetHints":{"allow":["GET"]}}],"collection":[{"href":"https:\/\/www.europesays.com\/fr\/wp-json\/wp\/v2\/posts"}],"about":[{"href":"https:\/\/www.europesays.com\/fr\/wp-json\/wp\/v2\/types\/post"}],"author":[{"embeddable":true,"href":"https:\/\/www.europesays.com\/fr\/wp-json\/wp\/v2\/users\/2"}],"replies":[{"embeddable":true,"href":"https:\/\/www.europesays.com\/fr\/wp-json\/wp\/v2\/comments?post=500319"}],"version-history":[{"count":0,"href":"https:\/\/www.europesays.com\/fr\/wp-json\/wp\/v2\/posts\/500319\/revisions"}],"wp:featuredmedia":[{"embeddable":true,"href":"https:\/\/www.europesays.com\/fr\/wp-json\/wp\/v2\/media\/500320"}],"wp:attachment":[{"href":"https:\/\/www.europesays.com\/fr\/wp-json\/wp\/v2\/media?parent=500319"}],"wp:term":[{"taxonomy":"category","embeddable":true,"href":"https:\/\/www.europesays.com\/fr\/wp-json\/wp\/v2\/categories?post=500319"},{"taxonomy":"post_tag","embeddable":true,"href":"https:\/\/www.europesays.com\/fr\/wp-json\/wp\/v2\/tags?post=500319"}],"curies":[{"name":"wp","href":"https:\/\/api.w.org\/{rel}","templated":true}]}}