{"id":500323,"date":"2025-10-30T16:22:14","date_gmt":"2025-10-30T16:22:14","guid":{"rendered":"https:\/\/www.europesays.com\/fr\/500323\/"},"modified":"2025-10-30T16:22:14","modified_gmt":"2025-10-30T16:22:14","slug":"80-dun-couple-cest-le","status":"publish","type":"post","link":"https:\/\/www.europesays.com\/fr\/500323\/","title":{"rendered":"80% d\u2019un couple, c\u2019est le\u2026"},"content":{"rendered":"<p>Aya Nakamura n\u2019est plus vraiment \u00e0 pr\u00e9senter. Beaucoup l\u2019aiment,<br \/>\nd\u2019autres pas du tout, mais cela ne change pas le fait qu\u2019elle<br \/>\ncontinue son ascension. Depuis quelques ann\u00e9es, la chanteuse ne<br \/>\ncesse de faire vibrer des millions de fans \u00e0 travers le monde avec<br \/>\ndes titres toujours plus accrocheurs les uns que les autres. Gr\u00e2ce<br \/>\ndes tubes comme Djadja, Pookie, Copines ou encore<br \/>\nJolie Nana, la jeune femme est parvenue \u00e0 se hisser au<br \/>\nrang des artistes francophones les plus \u00e9cout\u00e9es dans le monde. Une<br \/>\npopularit\u00e9 qui ne risque pas de baisser avec le temps puisque la<br \/>\nchanteuse revient avec un nouveau projet.<\/p>\n<p>La chanteuse arrive avec un nouvel album<\/p>\n<p>Une nouvelle qui a ravi ses nombreux fans. En effet, <strong>la<br \/>\nchanteuse pr\u00e9pare la sortie de son cinqui\u00e8me album intitul\u00e9<br \/>\nDestin\u00e9e<\/strong>. Un opus pr\u00e9vu pour le 21 novembre<br \/>\nprochain et qui marque un tournant important dans la carri\u00e8re d\u2019Aya<br \/>\nNakamura. Puisqu\u2019il sera le premier \u00e0 sortir sur son propre label<br \/>\nNakamura Industrie.<\/p>\n<p>Toutefois, les fans ont d\u00e9j\u00e0 d\u00e9couvert quelques sons de ce<br \/>\nnouvel album. \u00c0 savoir Chimiy\u00e9, Baddies en collaboration<br \/>\navec Jo\u00e9 Dwet Fil\u00e9 et D\u00e9sarmer r\u00e9cemment sorti. Des tubes<br \/>\nqui rencontrent d\u00e9j\u00e0 le succ\u00e8s. De quoi \u00eatre de bon augure pour les<br \/>\nautres titres de l\u2019album. Mais ce n\u2019est pas la seule bonne<br \/>\nnouvelle. Aya Nakamura pr\u00e9pare \u00e9galement une tourn\u00e9e exceptionnelle<br \/>\navec <strong>deux concerts pr\u00e9vus les 29 et 30 mai prochain au<br \/>\nStade de France<\/strong>.<\/p>\n<p>\u201cIl y a toujours du bon, du mauvais\u201d<\/p>\n<p>Concr\u00e8tement \u00e0 certaines personnalit\u00e9s, Aya Nakamura n\u2019est pas<br \/>\ndu genre \u00e0 trop se penser sur sa vie priv\u00e9e. Tr\u00e8s suivie sur les<br \/>\nr\u00e9seaux sociaux, cette derni\u00e8re essaye de mettre une barri\u00e8re entre<br \/>\nles deux mondes. Cependant, cela n\u2019emp\u00eache pas l\u2019interpr\u00e8te de<br \/>\nDjadja de faire quelques confidences. Comme c\u2019\u00e9tait le cas<br \/>\nlors de son passage dans l\u2019\u00e9mission Clique diffus\u00e9e sur Canal+.<\/p>\n<p>Face \u00e0 Mouloud Achour, <a href=\"https:\/\/www.melty.fr\/people\/aya-nakamura-brutalement-honnete-sur-la-religion-je-pense-que-la-france-2242674.html\" target=\"_blank\" rel=\"noopener\"><br \/>\nla chanteuse \u00e9tait revenue sur sa religion<\/a>. Une foi musulmane<br \/>\nqui joue un r\u00f4le important dans sa vie. D\u2019ailleurs, d\u2019apr\u00e8s elle,<br \/>\nla soci\u00e9t\u00e9 fran\u00e7aise gagnerait \u00e0 apaiser les tensions et \u00e0 se<br \/>\nrecentrer sur l\u2019essentiel. \u201c<strong>On a tendance \u00e0 oublier que<br \/>\nc\u2019est une religion d\u2019amour<\/strong>, une religion de paix. Il y a<br \/>\ntoujours du bon, du mauvais, mais certains pr\u00e9f\u00e8rent voir que le<br \/>\nmal\u201d, avait-elle r\u00e9v\u00e9l\u00e9. Des mots simples qui en disent long<br \/>\nsur la mentalit\u00e9 de l\u2019artiste.<\/p>\n<p>Aya Nakamura surprend avec sa vision du<br \/>\ncouple<\/p>\n<p>Lorsque l\u00a0\u00bboccasion se pr\u00e9sente, Aya Nakamura ne manque pas de<br \/>\ndonner son point de vue sur un sujet. Toujours lors d\u2019un passage<br \/>\ndans l\u2019\u00e9mission Clique en 2020, <a href=\"https:\/\/www.melty.fr\/people\/agacee-aya-nakamura-fait-le-point-sur-ses-origines-je-suis-nee-2242974.html\" target=\"_blank\" rel=\"noopener\"><br \/>\nla chanteuse qui a \u00e9voqu\u00e9 ses origines<\/a> s\u2019\u00e9tait confi\u00e9e sur un<br \/>\nsujet que certains voient comme tabou : la sexualit\u00e9. Face \u00e0<br \/>\nl\u2019animateur, la jeune femme a donn\u00e9 sa vision du couple. Et il faut<br \/>\ndire que pour cette derni\u00e8re, l\u2019acte charnel occupe une place<br \/>\nimportante. \u201c<strong>Pour moi \u00e7a repr\u00e9sente 80 % de la<br \/>\nrelation<\/strong>. Apr\u00e8s ton mec \u00e7a doit \u00eatre ton meilleur ami pour<br \/>\nmoi aussi\u201d, avait-elle confi\u00e9.<\/p>\n<p>Une d\u00e9claration qui n\u2019avait pas manqu\u00e9 de surprendre Mouloud<br \/>\nAchour. \u201cEt si \u00e7a se passe mal ?\u201d, avait-il demand\u00e9. Ce \u00e0<br \/>\nquoi Aya Nakamura a r\u00e9pondu : \u201c<strong>Bah tu lui apprends. Je<br \/>\nme dis, il faut communiquer.<\/strong> Si ce n\u2019est pas \u00e7a, tu lui<br \/>\ndis : \u2018Bon l\u00e0 j\u2019ai pas trop aim\u00e9, va falloir qu\u2019on r\u00e9essaye\u2019\u201d<br \/>\nUne vision des choses tr\u00e8s claire pour une personne qui a une vie<br \/>\namoureuse particuli\u00e8rement mouvement\u00e9e. Du coup, elle parle avec un<br \/>\npeu d\u2019exp\u00e9rience.<\/p>\n","protected":false},"excerpt":{"rendered":"Aya Nakamura n\u2019est plus vraiment \u00e0 pr\u00e9senter. Beaucoup l\u2019aiment, d\u2019autres pas du tout, mais cela ne change pas&hellip;\n","protected":false},"author":2,"featured_media":500324,"comment_status":"","ping_status":"","sticky":false,"template":"","format":"standard","meta":{"footnotes":""},"categories":[1355],"tags":[905,11774,58,59,1011,27,1361,873],"class_list":{"0":"post-500323","1":"post","2":"type-post","3":"status-publish","4":"format-standard","5":"has-post-thumbnail","7":"category-musique","8":"tag-a-la-une-melty","9":"tag-aya-nakamura","10":"tag-divertissement","11":"tag-entertainment","12":"tag-fr","13":"tag-france","14":"tag-music","15":"tag-musique"},"share_on_mastodon":{"url":"https:\/\/pubeurope.com\/@fr\/115464040923665736","error":""},"_links":{"self":[{"href":"https:\/\/www.europesays.com\/fr\/wp-json\/wp\/v2\/posts\/500323","targetHints":{"allow":["GET"]}}],"collection":[{"href":"https:\/\/www.europesays.com\/fr\/wp-json\/wp\/v2\/posts"}],"about":[{"href":"https:\/\/www.europesays.com\/fr\/wp-json\/wp\/v2\/types\/post"}],"author":[{"embeddable":true,"href":"https:\/\/www.europesays.com\/fr\/wp-json\/wp\/v2\/users\/2"}],"replies":[{"embeddable":true,"href":"https:\/\/www.europesays.com\/fr\/wp-json\/wp\/v2\/comments?post=500323"}],"version-history":[{"count":0,"href":"https:\/\/www.europesays.com\/fr\/wp-json\/wp\/v2\/posts\/500323\/revisions"}],"wp:featuredmedia":[{"embeddable":true,"href":"https:\/\/www.europesays.com\/fr\/wp-json\/wp\/v2\/media\/500324"}],"wp:attachment":[{"href":"https:\/\/www.europesays.com\/fr\/wp-json\/wp\/v2\/media?parent=500323"}],"wp:term":[{"taxonomy":"category","embeddable":true,"href":"https:\/\/www.europesays.com\/fr\/wp-json\/wp\/v2\/categories?post=500323"},{"taxonomy":"post_tag","embeddable":true,"href":"https:\/\/www.europesays.com\/fr\/wp-json\/wp\/v2\/tags?post=500323"}],"curies":[{"name":"wp","href":"https:\/\/api.w.org\/{rel}","templated":true}]}}