{"id":500339,"date":"2025-10-30T16:30:16","date_gmt":"2025-10-30T16:30:16","guid":{"rendered":"https:\/\/www.europesays.com\/fr\/500339\/"},"modified":"2025-10-30T16:30:16","modified_gmt":"2025-10-30T16:30:16","slug":"les-indiscretions-du-figaro-magazine-2","status":"publish","type":"post","link":"https:\/\/www.europesays.com\/fr\/500339\/","title":{"rendered":"les indiscr\u00e9tions du Figaro Magazine"},"content":{"rendered":"<p>\n    <strong>CHRONIQUE <\/strong>&#8211; Petites phrases et coulisses de la semaine politique, avec le choix de Renaissance de soutenir finalement Pierre-Yves Bournazel, le candidat d\u2019Horizons, face \u00e0 Rachida Dati dans la course \u00e0 la mairie de Paris.<\/p>\n<p class=\"fig-paragraph\">Le paysage politique parisien \u00e9volue \u00e0 l\u2019approche des<a href=\"http:\/\/www.lefigaro.fr\/politique\/la-perspective-d-une-nouvelle-dissolution-fait-craindre-des-elections-municipales-invisibilisees-20250902\" data-fig-type=\"Article\" data-gtm-custom-categorie=\"navigation\" data-gtm-custom-action=\"crossclick\" data-gtm-custom-label=\"Contextuel\" data-gtm-event=\"customEventSPE\" data-fig-domain=\"LEFIGARO\" target=\"_blank\" rel=\"noopener\">\u00a0\u00e9lections municipales<\/a>\u00a0de mars prochain. Cette semaine, il a connu un de ces changements notables qui peuvent modifier la donne\u00a0: mardi,\u00a0<a href=\"http:\/\/www.lefigaro.fr\/politique\/municipales-2026-a-paris-renaissance-va-lacher-dati-pour-bournazel-20251024\" data-fig-type=\"Article\" data-gtm-custom-categorie=\"navigation\" data-gtm-custom-action=\"crossclick\" data-gtm-custom-label=\"Contextuel\" data-gtm-event=\"customEventSPE\" data-fig-domain=\"LEFIGARO\" target=\"_blank\" rel=\"noopener\">Renaissance<\/a>, le parti pr\u00e9sid\u00e9 par<a href=\"http:\/\/www.lefigaro.fr\/politique\/retraites-avant-la-presidentielle-comment-gabriel-attal-enterre-prudemment-la-reforme-borne-20251027\" data-fig-type=\"Article\" data-gtm-custom-categorie=\"navigation\" data-gtm-custom-action=\"crossclick\" data-gtm-custom-label=\"Contextuel\" data-gtm-event=\"customEventSPE\" data-fig-domain=\"LEFIGARO\" target=\"_blank\" rel=\"noopener\">\u00a0Gabriel Attal<\/a>, a annonc\u00e9 soutenir\u00a0<a href=\"http:\/\/www.lefigaro.fr\/politique\/municipales-a-paris-le-challenger-pierre-yves-bournazel-croit-son-heure-venue-face-a-rachida-dati-20251028\" data-fig-type=\"Article\" data-gtm-custom-categorie=\"navigation\" data-gtm-custom-action=\"crossclick\" data-gtm-custom-label=\"Contextuel\" data-gtm-event=\"customEventSPE\" data-fig-domain=\"LEFIGARO\" target=\"_blank\" rel=\"noopener\">Pierre-Yves Bournazel<\/a>, candidat du parti d\u2019<a href=\"http:\/\/www.lefigaro.fr\/politique\/guillaume-tabard-edouard-philippe-vs-emmanuel-macron-une-faute-ou-une-chance-20251017\" data-fig-type=\"Article\" data-gtm-custom-categorie=\"navigation\" data-gtm-custom-action=\"crossclick\" data-gtm-custom-label=\"Contextuel\" data-gtm-event=\"customEventSPE\" data-fig-domain=\"LEFIGARO\" target=\"_blank\" rel=\"noopener\">\u00c9douard Philippe<\/a>,\u00a0<a href=\"http:\/\/www.lefigaro.fr\/nantes\/municipales-2026-a-la-baule-horizons-ne-soutiendra-pas-sa-candidate-adherente-et-misera-sur-franck-louvrier-20251009\" data-fig-type=\"NewsFlash\" data-gtm-custom-categorie=\"navigation\" data-gtm-custom-action=\"crossclick\" data-gtm-custom-label=\"Contextuel\" data-gtm-event=\"customEventSPE\" data-fig-domain=\"LEFIGARO\" target=\"_blank\" rel=\"noopener\">Horizons<\/a>, pour la conqu\u00eate de la mairie de Paris. Cette d\u00e9cision bouleverse l\u2019\u00e9chiquier politique parisien, au moins dans sa partie de centre droit. Jusqu\u2019ici, il semblait acquis que le mouvement cr\u00e9\u00e9 par le pr\u00e9sident de la R\u00e9publique,\u00a0<a href=\"http:\/\/www.lefigaro.fr\/actualite-france\/j-ai-besoin-de-vous-emmanuel-macron-appelle-a-la-resistance-face-aux-menaces-des-reseaux-sociaux-sur-la-democratie-20251028\" data-fig-type=\"NewsFlash\" data-gtm-custom-categorie=\"navigation\" data-gtm-custom-action=\"crossclick\" data-gtm-custom-label=\"Contextuel\" data-gtm-event=\"customEventSPE\" data-fig-domain=\"LEFIGARO\" target=\"_blank\" rel=\"noopener\">Emmanuel Macron<\/a>, rallierait d\u00e8s le premier tour la candidature de\u00a0<a href=\"http:\/\/www.lefigaro.fr\/politique\/municipales-a-paris-rachida-dati-n-est-plus-certaine-du-soutien-de-gabriel-attal-20251002\" data-fig-type=\"Article\" data-gtm-custom-categorie=\"navigation\" data-gtm-custom-action=\"crossclick\" data-gtm-custom-label=\"Contextuel\" data-gtm-event=\"customEventSPE\" data-fig-domain=\"LEFIGARO\" target=\"_blank\" rel=\"noopener\">Rachida Dati<\/a>, d\u00e9j\u00e0 soutenue par les R\u00e9publicains.<\/p>\n<p class=\"fig-paragraph\">Mais en politique, rien ne se passe comme pr\u00e9vu, surtout quand certains s\u2019estiment trahis par d\u2019autres. Gabriel Attal n\u2019a pas appr\u00e9ci\u00e9 que Rachida Dati ne prenne finalement pas sa carte \u00e0 Renaissance, puis qu\u2019elle soutienne\u00a0<a href=\"http:\/\/www.lefigaro.fr\/politique\/michel-barnier-au-figaro-les-francais-nous-demandent-de-nous-mettre-d-accord-20250929\" data-fig-type=\"Article\" data-gtm-custom-categorie=\"navigation\" data-gtm-custom-action=\"crossclick\" data-gtm-custom-label=\"Contextuel\" data-gtm-event=\"customEventSPE\" data-fig-domain=\"LEFIGARO\" target=\"_blank\" rel=\"noopener\">Michel Barnier\u00a0<\/a>pour l\u2019\u00e9lection l\u00e9gislative partielle \u00e0 la rentr\u00e9e. \u00ab\u00a0Si elle nous a menti pour les l\u00e9gislatives\u2026<\/p>\n<p class=\"fig-premium-paywall__infos\">\n        Cet article est r\u00e9serv\u00e9 aux abonn\u00e9s.        Il vous reste 67% \u00e0 d\u00e9couvrir.\n    <\/p>\n<p>                <img  data- alt=\"Le Figaro\" class=\"fig-img--complete fig-img\"\/><\/p>\n<p class=\"fig-premium-paywall__title\">Vous avez envie de lire la suite ?<\/p>\n<p class=\"fig-premium-paywall__subtitle\">D\u00e9bloquez tous les articles imm\u00e9diatement.<\/p>\n<p class=\"fig-premium-paywall__connect\">\n                D\u00e9j\u00e0 abonn\u00e9\u00a0?                <a class=\"fig-premium-paywall__connect-link\" href=\"https:\/\/connect.lefigaro.fr\/login?client=horizon_web&amp;type=main&amp;redirect_uri=https%3A%2F%2Fwww.lefigaro.fr%2Fpolitique%2Fsi-elle-nous-a-menti-pour-les-legislatives-elle-nous-mentira-aux-municipales-les-indiscretions-du-figaro-magazine-20251030\" data-js-gtm=\"{&quot;customCategorie&quot;: &quot;conversion&quot;, &quot;customAction&quot;: &quot;before_Landing_Connexion_paywall_auto&quot;, &quot;customLabel&quot;: &quot;bGVmaWdhcm8uZnJfXzFmMGI0Y2YyLTVmY2YtNjBkMC1iMTk0LWZmYTZhMGFiOWM4NF9fQXJ0aWNsZQ==_\u00ab\u00a0Si Rachida Dati nous a menti pour les l\u00e9gislatives, elle nous mentira aux municipales\u00a0\u00bb\u00a0: les indiscr\u00e9tions du &lt;i&gt;Figaro Magazine&lt;\/i&gt;_325&quot;, &quot;customIDSPE&quot;: &quot;bGVmaWdhcm8uZnJfXzFmMGI0Y2YyLTVmY2YtNjBkMC1iMTk0LWZmYTZhMGFiOWM4NF9fQXJ0aWNsZQ==&quot;, &quot;event&quot;: &quot;customEventSPE&quot;}\" target=\"_blank\" rel=\"noopener\"><br \/>\n                    Connectez-vous<br \/>\n                <\/a>\n            <\/p>\n","protected":false},"excerpt":{"rendered":"CHRONIQUE &#8211; Petites phrases et coulisses de la semaine politique, avec le choix de Renaissance de soutenir finalement&hellip;\n","protected":false},"author":2,"featured_media":500340,"comment_status":"","ping_status":"","sticky":false,"template":"","format":"standard","meta":{"footnotes":""},"categories":[4],"tags":[11,4188,1011,27,12,626,59616,417,25],"class_list":{"0":"post-500339","1":"post","2":"type-post","3":"status-publish","4":"format-standard","5":"has-post-thumbnail","7":"category-france","8":"tag-actualites","9":"tag-elections-municipales","10":"tag-fr","11":"tag-france","12":"tag-news","13":"tag-paris","14":"tag-pierre-yves-bournazel","15":"tag-rachida-dati","16":"tag-republique-francaise"},"share_on_mastodon":{"url":"https:\/\/pubeurope.com\/@fr\/115464072344795422","error":""},"_links":{"self":[{"href":"https:\/\/www.europesays.com\/fr\/wp-json\/wp\/v2\/posts\/500339","targetHints":{"allow":["GET"]}}],"collection":[{"href":"https:\/\/www.europesays.com\/fr\/wp-json\/wp\/v2\/posts"}],"about":[{"href":"https:\/\/www.europesays.com\/fr\/wp-json\/wp\/v2\/types\/post"}],"author":[{"embeddable":true,"href":"https:\/\/www.europesays.com\/fr\/wp-json\/wp\/v2\/users\/2"}],"replies":[{"embeddable":true,"href":"https:\/\/www.europesays.com\/fr\/wp-json\/wp\/v2\/comments?post=500339"}],"version-history":[{"count":0,"href":"https:\/\/www.europesays.com\/fr\/wp-json\/wp\/v2\/posts\/500339\/revisions"}],"wp:featuredmedia":[{"embeddable":true,"href":"https:\/\/www.europesays.com\/fr\/wp-json\/wp\/v2\/media\/500340"}],"wp:attachment":[{"href":"https:\/\/www.europesays.com\/fr\/wp-json\/wp\/v2\/media?parent=500339"}],"wp:term":[{"taxonomy":"category","embeddable":true,"href":"https:\/\/www.europesays.com\/fr\/wp-json\/wp\/v2\/categories?post=500339"},{"taxonomy":"post_tag","embeddable":true,"href":"https:\/\/www.europesays.com\/fr\/wp-json\/wp\/v2\/tags?post=500339"}],"curies":[{"name":"wp","href":"https:\/\/api.w.org\/{rel}","templated":true}]}}