{"id":500345,"date":"2025-10-30T16:33:17","date_gmt":"2025-10-30T16:33:17","guid":{"rendered":"https:\/\/www.europesays.com\/fr\/500345\/"},"modified":"2025-10-30T16:33:17","modified_gmt":"2025-10-30T16:33:17","slug":"saint-etienne-une-escort-girl-saute-du-deuxieme-etage-dun-immeuble-son-client-condamne","status":"publish","type":"post","link":"https:\/\/www.europesays.com\/fr\/500345\/","title":{"rendered":"Saint-\u00c9tienne\u00a0: une escort girl saute du deuxi\u00e8me \u00e9tage d\u2019un immeuble, son client condamn\u00e9"},"content":{"rendered":"<p>Un homme de 34\u00a0ans a \u00e9t\u00e9\u00a0condamn\u00e9 par le tribunal de <a href=\"https:\/\/vichy.maville.com\/\/\" target=\"_blank\" rel=\"noopener\">Saint-\u00c9tienne<\/a>\u00a0(Loire), mardi 28\u00a0octobre 2025. D\u2019abord suspect\u00e9 d\u2019avoir voulu tuer\u00a0une escort girl, il \u00e9tait finalement poursuivi pour non-assistance \u00e0 personne en danger, rapporte  <a href=\"https:\/\/www.leprogres.fr\/faits-divers-justice\/2025\/10\/29\/escort-tombee-du-deuxieme-etage-son-client-condamne-pour-non-assistance\" target=\"_blank\" rel=\"noopener\">Le Progr\u00e8s<\/a> .<\/p>\n<p>En d\u00e9cembre\u00a02020, \u00e0 Saint-\u00c9tienne, une femme avait \u00e9t\u00e9 retrouv\u00e9e nue dans la cour d\u2019un immeuble alors qu\u2019elle venait de chuter du deuxi\u00e8me\u00a0\u00e9tage. Plac\u00e9e dans le coma \u00e0 cause de lourdes blessures, elle a finalement surv\u00e9cu.<\/p>\n<p>18\u00a0mois de prison ferme<\/p>\n<p>Rapidement, les enqu\u00eateurs ont suspect\u00e9 l\u2019homme qui avait lou\u00e9 le logement pour profiter des services de la jeune femme. Absent \u00e0 l\u2019arriv\u00e9e de la police, le suspect s\u2019\u00e9tait finalement rendu le lendemain.<\/p>\n<p>Dans un premier temps, le trentenaire a \u00e9t\u00e9 mis en examen et \u00e9crou\u00e9 pendant un an pour tentative de meurtre. Toutefois, la reconstitution a permis de r\u00e9v\u00e9ler que\u00a0la jeune femme avait\u00a0tent\u00e9 de se suicider. Le tribunal a retenu la non-assistance \u00e0 personne en danger et a estim\u00e9 que le pr\u00e9venu aurait d\u00fb tenter d\u2019arr\u00eater la victime. Le pr\u00e9venu a \u00e9t\u00e9 condamn\u00e9 \u00e0 36\u00a0mois de prison, dont 18\u00a0mois avec sursis probatoire.\u00a0\u00a0<\/p>\n<p>Pour en savoir plus\u00a0:\u00a0lire l\u2019article du\u00a0 <a href=\"https:\/\/www.leprogres.fr\/faits-divers-justice\/2025\/10\/29\/escort-tombee-du-deuxieme-etage-son-client-condamne-pour-non-assistance\" target=\"_blank\" rel=\"noopener\">Progr\u00e8s<\/a>.<\/p>\n<p>\u00a0<\/p>\n","protected":false},"excerpt":{"rendered":"Un homme de 34\u00a0ans a \u00e9t\u00e9\u00a0condamn\u00e9 par le tribunal de Saint-\u00c9tienne\u00a0(Loire), mardi 28\u00a0octobre 2025. D\u2019abord suspect\u00e9 d\u2019avoir voulu&hellip;\n","protected":false},"author":2,"featured_media":500346,"comment_status":"","ping_status":"","sticky":false,"template":"","format":"standard","meta":{"footnotes":""},"categories":[9653],"tags":[1111,11,2430,18294,8652,62264,8990,1777,674,1011,27,29334,5480,2047,12,25,4001,62265],"class_list":{"0":"post-500345","1":"post","2":"type-post","3":"status-publish","4":"format-standard","5":"has-post-thumbnail","7":"category-saint-etienne","8":"tag-actu","9":"tag-actualites","10":"tag-auvergne-rhone-alpes","11":"tag-client","12":"tag-condamne","13":"tag-escort","14":"tag-etage","15":"tag-eu","16":"tag-europe","17":"tag-fr","18":"tag-france","19":"tag-girl","20":"tag-immeuble","21":"tag-mans","22":"tag-news","23":"tag-republique-francaise","24":"tag-saint-etienne","25":"tag-saute"},"share_on_mastodon":{"url":"https:\/\/pubeurope.com\/@fr\/115464084100207232","error":""},"_links":{"self":[{"href":"https:\/\/www.europesays.com\/fr\/wp-json\/wp\/v2\/posts\/500345","targetHints":{"allow":["GET"]}}],"collection":[{"href":"https:\/\/www.europesays.com\/fr\/wp-json\/wp\/v2\/posts"}],"about":[{"href":"https:\/\/www.europesays.com\/fr\/wp-json\/wp\/v2\/types\/post"}],"author":[{"embeddable":true,"href":"https:\/\/www.europesays.com\/fr\/wp-json\/wp\/v2\/users\/2"}],"replies":[{"embeddable":true,"href":"https:\/\/www.europesays.com\/fr\/wp-json\/wp\/v2\/comments?post=500345"}],"version-history":[{"count":0,"href":"https:\/\/www.europesays.com\/fr\/wp-json\/wp\/v2\/posts\/500345\/revisions"}],"wp:featuredmedia":[{"embeddable":true,"href":"https:\/\/www.europesays.com\/fr\/wp-json\/wp\/v2\/media\/500346"}],"wp:attachment":[{"href":"https:\/\/www.europesays.com\/fr\/wp-json\/wp\/v2\/media?parent=500345"}],"wp:term":[{"taxonomy":"category","embeddable":true,"href":"https:\/\/www.europesays.com\/fr\/wp-json\/wp\/v2\/categories?post=500345"},{"taxonomy":"post_tag","embeddable":true,"href":"https:\/\/www.europesays.com\/fr\/wp-json\/wp\/v2\/tags?post=500345"}],"curies":[{"name":"wp","href":"https:\/\/api.w.org\/{rel}","templated":true}]}}