{"id":500357,"date":"2025-10-30T16:41:12","date_gmt":"2025-10-30T16:41:12","guid":{"rendered":"https:\/\/www.europesays.com\/fr\/500357\/"},"modified":"2025-10-30T16:41:12","modified_gmt":"2025-10-30T16:41:12","slug":"un-trentenaire-condamne-pour-saluts-nazis-et-violences-envers-des-policiers","status":"publish","type":"post","link":"https:\/\/www.europesays.com\/fr\/500357\/","title":{"rendered":"Un trentenaire condamn\u00e9 pour saluts nazis et violences envers des policiers"},"content":{"rendered":"<p>Le tribunal correctionnel de Rouen (<a href=\"https:\/\/www.20minutes.fr\/dossier\/seine_maritime-1\" class=\"c-link c-link--is-underlined\" target=\"_blank\" rel=\"noopener\">Seine-Maritime<\/a>) a jug\u00e9 mercredi 29\u00a0octobre un homme de 30 ans pour une s\u00e9rie de m\u00e9faits. Le pr\u00e9venu \u00e9tait poursuivi pour outrages, violences sur policiers et gestes \u00e0 connotation nazie. Il a \u00e9t\u00e9 condamn\u00e9 \u00e0 six mois de prison avec sursis probatoire pendant deux ans, assortis d\u2019une obligation de soins et de travail, rapporte <a href=\"https:\/\/actu.fr\/normandie\/rouen_76540\/ivre-dans-la-rue-a-rouen-un-homme-fait-des-saluts-nazis-puis-s-en-prend-aux-policiers_63368040.html\" target=\"_blank\" class=\"c-link c-link--is-underlined\" rel=\"noopener\">76 Actu<\/a>.<\/p>\n<p>Les premiers d\u00e9lits remontent au mois d\u2019avril. Ce jour-l\u00e0, une patrouille de <a href=\"https:\/\/www.20minutes.fr\/faits_divers\/faits-divers-paris\/4182370-20251029-val-marne-motard-accuse-police-tentative-meurtre-porte-plainte\" class=\"c-link c-link--is-underlined\" target=\"_blank\" rel=\"noopener\">police<\/a> est appel\u00e9e pour intervenir dans le square Verdrel, o\u00f9 un individu en \u00e9tat d\u2019ivresse menace de mettre fin \u00e0 ses jours. Les agents tentent alors de le conduire \u00e0 l\u2019h\u00f4pital pour une prise en charge, mais l\u2019homme se rebelle et s\u2019en prend \u00e0 eux. Plac\u00e9 en garde \u00e0 vue, il reconna\u00eet \u00e0 peine les faits, se souvenant simplement avoir \u00ab\u00a0bu une bouteille de vodka\u00a0\u00bb.<\/p>\n<p>Un \u00e9t\u00e9 sous le signe de la r\u00e9cidive<\/p>\n<p>Le trentenaire devait initialement \u00eatre jug\u00e9 en septembre pour cette premi\u00e8re affaire. Mais ce dernier a r\u00e9cidiv\u00e9 durant le mois d\u2019ao\u00fbt. Il est cette fois-ci aper\u00e7u ivre dans les rues du centre-ville de <a href=\"https:\/\/www.20minutes.fr\/dossier\/rouen\" class=\"c-link c-link--is-underlined\" target=\"_blank\" rel=\"noopener\">Rouen<\/a>, effectuant des saluts <a href=\"https:\/\/www.20minutes.fr\/societe\/4178273-20251009-correze-amende-avoir-installe-balcon-drapeau-francais-frappe-sigle-ss\" class=\"c-link c-link--is-underlined\" target=\"_blank\" rel=\"noopener\">nazis<\/a> dans la rue. De nouveau interpell\u00e9, l\u2019homme refuse violemment et crache sur les policiers, les insulte et les menace de mort.<\/p>\n<\/p>\n<p>\u00c0 l\u2019audience, le pr\u00e9venu a reconnu souffrir d\u2019une d\u00e9pendance \u00e0 l\u2019alcool et a d\u00e9clar\u00e9 son souhait \u00ab\u00a0d\u2019aller en cure de d\u00e9sintoxication\u00a0\u00bb. Concernant les saluts nazis, il s\u2019est d\u00e9fendu de partager cette id\u00e9ologie. Le tribunal l\u2019a finalement condamn\u00e9 \u00e0 une peine de prison avec sursis probatoire.<\/p>\n","protected":false},"excerpt":{"rendered":"Le tribunal correctionnel de Rouen (Seine-Maritime) a jug\u00e9 mercredi 29\u00a0octobre un homme de 30 ans pour une s\u00e9rie&hellip;\n","protected":false},"author":2,"featured_media":500358,"comment_status":"","ping_status":"","sticky":false,"template":"","format":"standard","meta":{"footnotes":""},"categories":[9587],"tags":[1111,47,11,1120,1777,674,118,1011,27,936,12,5161,25,9590,5163],"class_list":{"0":"post-500357","1":"post","2":"type-post","3":"status-publish","4":"format-standard","5":"has-post-thumbnail","7":"category-rouen","8":"tag-actu","9":"tag-actualite","10":"tag-actualites","11":"tag-agression","12":"tag-eu","13":"tag-europe","14":"tag-faits-divers","15":"tag-fr","16":"tag-france","17":"tag-nazi","18":"tag-news","19":"tag-normandie","20":"tag-republique-francaise","21":"tag-rouen","22":"tag-seine-maritime"},"share_on_mastodon":{"url":"https:\/\/pubeurope.com\/@fr\/115464115619463531","error":""},"_links":{"self":[{"href":"https:\/\/www.europesays.com\/fr\/wp-json\/wp\/v2\/posts\/500357","targetHints":{"allow":["GET"]}}],"collection":[{"href":"https:\/\/www.europesays.com\/fr\/wp-json\/wp\/v2\/posts"}],"about":[{"href":"https:\/\/www.europesays.com\/fr\/wp-json\/wp\/v2\/types\/post"}],"author":[{"embeddable":true,"href":"https:\/\/www.europesays.com\/fr\/wp-json\/wp\/v2\/users\/2"}],"replies":[{"embeddable":true,"href":"https:\/\/www.europesays.com\/fr\/wp-json\/wp\/v2\/comments?post=500357"}],"version-history":[{"count":0,"href":"https:\/\/www.europesays.com\/fr\/wp-json\/wp\/v2\/posts\/500357\/revisions"}],"wp:featuredmedia":[{"embeddable":true,"href":"https:\/\/www.europesays.com\/fr\/wp-json\/wp\/v2\/media\/500358"}],"wp:attachment":[{"href":"https:\/\/www.europesays.com\/fr\/wp-json\/wp\/v2\/media?parent=500357"}],"wp:term":[{"taxonomy":"category","embeddable":true,"href":"https:\/\/www.europesays.com\/fr\/wp-json\/wp\/v2\/categories?post=500357"},{"taxonomy":"post_tag","embeddable":true,"href":"https:\/\/www.europesays.com\/fr\/wp-json\/wp\/v2\/tags?post=500357"}],"curies":[{"name":"wp","href":"https:\/\/api.w.org\/{rel}","templated":true}]}}