{"id":500359,"date":"2025-10-30T16:42:09","date_gmt":"2025-10-30T16:42:09","guid":{"rendered":"https:\/\/www.europesays.com\/fr\/500359\/"},"modified":"2025-10-30T16:42:09","modified_gmt":"2025-10-30T16:42:09","slug":"que-faisaient-ils-la-la-sncf-repond","status":"publish","type":"post","link":"https:\/\/www.europesays.com\/fr\/500359\/","title":{"rendered":"que faisaient-ils l\u00e0 ? La SNCF r\u00e9pond"},"content":{"rendered":"<p>            Par<br \/>\n        <strong><br \/>\n            <a href=\"https:\/\/actu.fr\/auteur\/lisa-rodrigues\" title=\"Consulter tous les articles de Lisa Rodrigues\" rel=\"nofollow noopener\" target=\"_blank\">Lisa Rodrigues<\/a><br \/>\n        <\/strong><\/p>\n<p>        Publi\u00e9 le<\/p>\n<p>            30 oct. 2025 \u00e0 17h23        <\/p>\n<p>Des trains de nuit qui s\u2019arr\u00eatent en gare de <a href=\"https:\/\/actu.fr\/auvergne-rhone-alpes\/grenoble_38185\" rel=\"nofollow noopener\" target=\"_blank\">Grenoble<\/a>, nouveaut\u00e9 ou passage \u00e9clair ? Une publication post\u00e9e sur les r\u00e9seaux sociaux par des usagers laisse en tout cas entendre cette possibilit\u00e9 : des <strong>trains de la ligne Paris-Brian\u00e7on<\/strong> y ont \u00e9t\u00e9 aper\u00e7us.<\/p>\n<p class=\" wall-content\">La r\u00e9daction a essay\u00e9 d\u2019en savoir plus aupr\u00e8s de la SNCF. Et ce n\u2019est pas pour tout de suite que les passagers pourront emprunter un train de nuit au d\u00e9part de la capitale des Alpes\u2026<\/p>\n<p>    <a href=\"https:\/\/www.facebook.com\/plugins\/post.php?href=https%3A%2F%2Fwww.facebook.com%2Fbrianconparistraindenuit%2Fposts%2Fpfbid0SrM47ZvAoqdFqhfi1DTyME6ekQLJgPVQeE8KpY4HY5f7nTWPkNFRWvEEwSN35uWzl&amp;show_text=true&amp;width=350\" title=\"Ouvrie le lien\" rel=\"nofollow noopener\" target=\"_blank\">Cliquez ici pour visualiser le contenu<\/a><\/p>\n<p>\u00ab\u00a0Une dizaine de trains\u00a0\u00bb a circul\u00e9<\/p>\n<p class=\" wall-content\">La SNCF confirme bien \u00e0 la r\u00e9daction \u00ab\u00a0qu\u2019une dizaine de trains de nuit Paris  Brian\u00e7on ont en effet circul\u00e9 par Grenoble <strong>entre le 22 septembre et le 2 octobre<\/strong>\u00ab\u00a0.<\/p>\n<p class=\" wall-content\">En revanche, ces passages se sont faits \u00ab\u00a0sans marquer d\u2019arr\u00eat commercial\u00a0\u00bb, comprenez <strong>sans prendre de voyageurs<\/strong> \u00e0 Grenoble.\u00a0<\/p>\n<blockquote class=\"ac-article-quote wall-content\">\n<p>La gare de Grenoble n\u2019est plus desservie par des trains de nuit depuis une quinzaine d\u2019ann\u00e9es.<\/p>\n<p>    <strong>SNCF<\/strong>\n            <\/p><\/blockquote>\n<p class=\" wall-content\">Et cela ne risque pas de changer tout de suite : seules <strong>huit lignes de nuit<\/strong> sont aujourd\u2019hui op\u00e9r\u00e9es par la SNCF via le r\u00e9seau Intercit\u00e9s (en bleu sur la carte ci-dessous). Toutes sont au d\u00e9part de Paris et aucune ne marque d\u2019arr\u00eat \u00e0 Grenoble.<\/p>\n<p><a href=\"https:\/\/static.actu.fr\/uploads\/2025\/10\/carte-intercites-janvier-2025.pdf\" rel=\"nofollow noopener\" target=\"_blank\">Afficher ou t\u00e9l\u00e9charger le fichier.<\/a><\/p>\n<p>Des d\u00e9viations pour cause de travaux<\/p>\n<p class=\" wall-content\">Comme pr\u00e9cis\u00e9 par la SNCF, les passages r\u00e9alis\u00e9s par la gare de Grenoble ont \u00e9t\u00e9 d\u00e9cid\u00e9s <strong>dans le cadre de \u00ab\u00a0travaux d\u2019infrastructures\u00a0\u00bb<\/strong> r\u00e9alis\u00e9s sur le second\u00a0semestre 2025 sur le r\u00e9seau Intercit\u00e9s.<\/p>\n<p>Votre r\u00e9gion, votre actu !<\/p>\n<p>Recevez chaque jour les infos qui comptent pour vous.<\/p>\n<p>\t<a href=\"https:\/\/actu.fr\/newsletter\" class=\"ac-btn ac-btn--corner ac-btn--medium ac-btn--blue800\" rel=\"nofollow noopener\" target=\"_blank\">S&rsquo;incrire<\/a><\/p>\n<p class=\" wall-content\">Ce sont notamment une \u00ab\u00a0mise \u00e0 jour informatique des outils de la commande centralis\u00e9e du r\u00e9seau de <a href=\"https:\/\/actu.fr\/auvergne-rhone-alpes\/lyon_69123\" rel=\"nofollow noopener\" target=\"_blank\">Lyon<\/a>\u00a0\u00bb et \u00ab\u00a0des travaux de maintenance\u00a0\u00bb sur le secteur Dr\u00f4me-Ard\u00e8che qui ont emp\u00each\u00e9 les trains de la ligne Paris-Brian\u00e7on d\u2019emprunter l\u2019itin\u00e9raire habituel.\u00a0<\/p>\n<p class=\" wall-content\">\u00c0 noter que jusqu\u2019\u00e0 la mi-d\u00e9cembre, les trains ne devraient plus passer \u00e0 Grenoble, car \u00a0\u00bb la plupart de ces trains de nuit <strong>seront op\u00e9r\u00e9s par bus<\/strong>\u00a0\u00bb sur la ligne, ajoute la SNCF.<\/p>\n<p class=\" wall-content\">Personnalisez votre actualit\u00e9 en ajoutant vos villes et m\u00e9dias en favori avec <a href=\"https:\/\/moncompte.actu.fr\" title=\"D\u00e9couvez Mon Actu\" rel=\"nofollow noopener\" data-trk=\"{&quot;cta&quot;:{&quot;action&quot;:&quot;https:\\\/\\\/moncompte.actu.fr&quot;,&quot;category&quot;:&quot;mon compte&quot;,&quot;from&quot;:&quot;article footer&quot;,&quot;name&quot;:&quot;Mon actu&quot;,&quot;type&quot;:&quot;cta&quot;}}\" target=\"_blank\">Mon Actu<\/a>.<\/p>\n","protected":false},"excerpt":{"rendered":"Par Lisa Rodrigues Publi\u00e9 le 30 oct. 2025 \u00e0 17h23 Des trains de nuit qui s\u2019arr\u00eatent en gare&hellip;\n","protected":false},"author":2,"featured_media":303323,"comment_status":"","ping_status":"","sticky":false,"template":"","format":"standard","meta":{"footnotes":""},"categories":[9566],"tags":[1111,11,2430,1777,674,1011,27,2731,12,25,2215,104,2803],"class_list":{"0":"post-500359","1":"post","2":"type-post","3":"status-publish","4":"format-standard","5":"has-post-thumbnail","7":"category-grenoble","8":"tag-actu","9":"tag-actualites","10":"tag-auvergne-rhone-alpes","11":"tag-eu","12":"tag-europe","13":"tag-fr","14":"tag-france","15":"tag-grenoble","16":"tag-news","17":"tag-republique-francaise","18":"tag-sncf","19":"tag-societe","20":"tag-transport"},"share_on_mastodon":{"url":"https:\/\/pubeurope.com\/@fr\/115464119523012202","error":""},"_links":{"self":[{"href":"https:\/\/www.europesays.com\/fr\/wp-json\/wp\/v2\/posts\/500359","targetHints":{"allow":["GET"]}}],"collection":[{"href":"https:\/\/www.europesays.com\/fr\/wp-json\/wp\/v2\/posts"}],"about":[{"href":"https:\/\/www.europesays.com\/fr\/wp-json\/wp\/v2\/types\/post"}],"author":[{"embeddable":true,"href":"https:\/\/www.europesays.com\/fr\/wp-json\/wp\/v2\/users\/2"}],"replies":[{"embeddable":true,"href":"https:\/\/www.europesays.com\/fr\/wp-json\/wp\/v2\/comments?post=500359"}],"version-history":[{"count":0,"href":"https:\/\/www.europesays.com\/fr\/wp-json\/wp\/v2\/posts\/500359\/revisions"}],"wp:featuredmedia":[{"embeddable":true,"href":"https:\/\/www.europesays.com\/fr\/wp-json\/wp\/v2\/media\/303323"}],"wp:attachment":[{"href":"https:\/\/www.europesays.com\/fr\/wp-json\/wp\/v2\/media?parent=500359"}],"wp:term":[{"taxonomy":"category","embeddable":true,"href":"https:\/\/www.europesays.com\/fr\/wp-json\/wp\/v2\/categories?post=500359"},{"taxonomy":"post_tag","embeddable":true,"href":"https:\/\/www.europesays.com\/fr\/wp-json\/wp\/v2\/tags?post=500359"}],"curies":[{"name":"wp","href":"https:\/\/api.w.org\/{rel}","templated":true}]}}