{"id":500362,"date":"2025-10-30T16:45:19","date_gmt":"2025-10-30T16:45:19","guid":{"rendered":"https:\/\/www.europesays.com\/fr\/500362\/"},"modified":"2025-10-30T16:45:19","modified_gmt":"2025-10-30T16:45:19","slug":"une-ministre-va-visiter-ce-nouveau-site-a-30-millions-deuros","status":"publish","type":"post","link":"https:\/\/www.europesays.com\/fr\/500362\/","title":{"rendered":"une ministre va visiter ce nouveau site \u00e0 30 millions d\u2019euros"},"content":{"rendered":"<p>            Par<br \/>\n        <strong><br \/>\n            <a href=\"https:\/\/actu.fr\/auteur\/matheo-girard\" title=\"Consulter tous les articles de Matheo Girard\" target=\"_blank\" rel=\"noopener\">Matheo Girard<\/a><br \/>\n        <\/strong><\/p>\n<p>        Publi\u00e9 le<\/p>\n<p>            30 oct. 2025 \u00e0 17h38        <\/p>\n<p><b>Anne Le Henanff <\/b>passera l\u2019apr\u00e8s-midi de ce <b>vendredi 31\u00a0octobre<\/b> 2025 en Ille-et-Vilaine.<\/p>\n<p class=\" wall-content\">Nomm\u00e9e le 12\u00a0octobre au sein du gouvernement de S\u00e9bastien Lecornu, la ministre d\u00e9l\u00e9gu\u00e9e \u00e0 l\u2019Intelligence artificielle et au Num\u00e9rique effectue un d\u00e9placement \u00e0 l\u2019est de Rennes, <b>au Cyberspace de Cesson-S\u00e9vign\u00e9<\/b> puis <b>au Data Center de Noyal-sur-Vilaine.<\/b><\/p>\n<p>Un investissement \u00e0 30\u00a0millions d\u2019euros<\/p>\n<p class=\" wall-content\">La premi\u00e8re partie, \u00e0 partir de 13\u2009h\u200930, sera consacr\u00e9e \u00e0 une visite des locaux du Cyberplace, <b>un immeuble de coworking qui h\u00e9berge des entreprises sp\u00e9cialis\u00e9es dans la cybers\u00e9curit\u00e9.<\/b><\/p>\n<p class=\" wall-content\">Des \u00e9changes avec les \u00e9quipes et un tour de table sont notamment pr\u00e9vus.<\/p>\n<p>    <img   decoding=\"async\" loading=\"lazy\" class=\"size-large\" src=\"https:\/\/www.europesays.com\/fr\/wp-content\/uploads\/2025\/10\/c609153d4ee868089153d4ee847891v-1-960x640.jpg\" alt=\"Anne Le Henanff, ministre d\u00e9l\u00e9gu\u00e9e charg\u00e9e de l'Intelligence artificielle et du Num\u00e9rique, est en visite en Ille-et-Vilaine ce vendredi 31\u00a0octobre 2025.\" width=\"960\" height=\"640\"\/><br \/>\n    Anne Le Henanff, ministre d\u00e9l\u00e9gu\u00e9e charg\u00e9e de l\u2019Intelligence artificielle et du Num\u00e9rique, est en visite en Ille-et-Vilaine ce vendredi 31\u00a0octobre 2025. \u00a9Le Journal de Vitr\u00e9Vid\u00e9os : en ce moment sur Actu<\/p>\n<p class=\" wall-content\">Anne Le Henanff d\u00e9couvrira ensuite, \u00e0 partir de 15\u2009h\u200945, les installations flambant neuves du <a href=\"https:\/\/actu.fr\/bretagne\/noyal-sur-vilaine_35207\/ille-et-vilaine-le-premier-nation-data-center-a-ouvert-30-millions-deuros-investis_63299753.html\" target=\"_blank\" rel=\"noopener\">Data Center, fra\u00eechement inaugur\u00e9<\/a>. Un projet qui repr\u00e9sente <b>un investissement total d\u2019environ 30\u00a0millions d\u2019euros.<\/b><\/p>\n<p class=\" wall-content\">Ce fleuron de technologie, ultras\u00e9curis\u00e9, garantit <b>la protection physique et digitale des donn\u00e9es informatiques,<\/b> et se trouvait d\u00e9crit par son co-directeur g\u00e9n\u00e9ral Nicolas Deuz\u00e9 comme \u00ab\u2009un h\u00e9bergement de proximit\u00e9, souverain, et 100\u2009% fran\u00e7ais\u2009\u00bb.<\/p>\n<p class=\" wall-content\">Personnalisez votre actualit\u00e9 en ajoutant vos villes et m\u00e9dias en favori avec <a href=\"https:\/\/moncompte.actu.fr\" title=\"D\u00e9couvez Mon Actu\" rel=\"nofollow noopener\" data-trk=\"{&quot;cta&quot;:{&quot;action&quot;:&quot;https:\\\/\\\/moncompte.actu.fr&quot;,&quot;category&quot;:&quot;mon compte&quot;,&quot;from&quot;:&quot;article footer&quot;,&quot;name&quot;:&quot;Mon actu&quot;,&quot;type&quot;:&quot;cta&quot;}}\" target=\"_blank\">Mon Actu<\/a>.<\/p>\n","protected":false},"excerpt":{"rendered":"Par Matheo Girard Publi\u00e9 le 30 oct. 2025 \u00e0 17h38 Anne Le Henanff passera l\u2019apr\u00e8s-midi de ce vendredi&hellip;\n","protected":false},"author":2,"featured_media":500363,"comment_status":"","ping_status":"","sticky":false,"template":"","format":"standard","meta":{"footnotes":""},"categories":[2821],"tags":[1111,11,829,1777,674,1011,27,223,12,584,25,104],"class_list":{"0":"post-500362","1":"post","2":"type-post","3":"status-publish","4":"format-standard","5":"has-post-thumbnail","7":"category-rennes","8":"tag-actu","9":"tag-actualites","10":"tag-bretagne","11":"tag-eu","12":"tag-europe","13":"tag-fr","14":"tag-france","15":"tag-intelligence-artificielle","16":"tag-news","17":"tag-rennes","18":"tag-republique-francaise","19":"tag-societe"},"share_on_mastodon":{"url":"https:\/\/pubeurope.com\/@fr\/115464131904052758","error":""},"_links":{"self":[{"href":"https:\/\/www.europesays.com\/fr\/wp-json\/wp\/v2\/posts\/500362","targetHints":{"allow":["GET"]}}],"collection":[{"href":"https:\/\/www.europesays.com\/fr\/wp-json\/wp\/v2\/posts"}],"about":[{"href":"https:\/\/www.europesays.com\/fr\/wp-json\/wp\/v2\/types\/post"}],"author":[{"embeddable":true,"href":"https:\/\/www.europesays.com\/fr\/wp-json\/wp\/v2\/users\/2"}],"replies":[{"embeddable":true,"href":"https:\/\/www.europesays.com\/fr\/wp-json\/wp\/v2\/comments?post=500362"}],"version-history":[{"count":0,"href":"https:\/\/www.europesays.com\/fr\/wp-json\/wp\/v2\/posts\/500362\/revisions"}],"wp:featuredmedia":[{"embeddable":true,"href":"https:\/\/www.europesays.com\/fr\/wp-json\/wp\/v2\/media\/500363"}],"wp:attachment":[{"href":"https:\/\/www.europesays.com\/fr\/wp-json\/wp\/v2\/media?parent=500362"}],"wp:term":[{"taxonomy":"category","embeddable":true,"href":"https:\/\/www.europesays.com\/fr\/wp-json\/wp\/v2\/categories?post=500362"},{"taxonomy":"post_tag","embeddable":true,"href":"https:\/\/www.europesays.com\/fr\/wp-json\/wp\/v2\/tags?post=500362"}],"curies":[{"name":"wp","href":"https:\/\/api.w.org\/{rel}","templated":true}]}}