{"id":500364,"date":"2025-10-30T16:46:16","date_gmt":"2025-10-30T16:46:16","guid":{"rendered":"https:\/\/www.europesays.com\/fr\/500364\/"},"modified":"2025-10-30T16:46:16","modified_gmt":"2025-10-30T16:46:16","slug":"voici-les-magasins-ouverts-ce-samedi-1er-novembre-2025-jour-ferie-de-la-toussaint","status":"publish","type":"post","link":"https:\/\/www.europesays.com\/fr\/500364\/","title":{"rendered":"voici les magasins ouverts ce samedi 1er novembre 2025, jour f\u00e9ri\u00e9 de la Toussaint"},"content":{"rendered":"<p>            Par<br \/>\n        <strong><br \/>\n            <a href=\"https:\/\/actu.fr\/auteur\/thomas-blanc\" title=\"Consulter tous les articles de Thomas Blanc\" rel=\"nofollow noopener\" target=\"_blank\">Thomas Blanc<\/a><br \/>\n        <\/strong><\/p>\n<p>        Publi\u00e9 le<\/p>\n<p>            30 oct. 2025 \u00e0 15h29        <\/p>\n<p>Ce 1er\u00a0novembre sera c\u00e9l\u00e9br\u00e9e la <strong>Toussaint, jour f\u00e9ri\u00e9<\/strong>\u00a0et <a href=\"https:\/\/actu.fr\/loisirs-culture\/la-question-pas-si-bete-toussaint-le-1er-novembre-est-il-egalement-ferie-en-belgique_61796569.html\" rel=\"nofollow noopener\" target=\"_blank\">ch\u00f4m\u00e9 dans les pays anciennement catholiques<\/a> comme la France, la Belgique, l\u2019Italie ou encore l\u2019Espagne. Malheureusement, \u00e0 <a href=\"https:\/\/actu.fr\/strasbourg\/\" rel=\"nofollow noopener\" target=\"_blank\">Strasbourg<\/a>, <strong>la m\u00e9t\u00e9o ne s\u2019annonce pas cl\u00e9mente<\/strong> pour en profiter en ext\u00e9rieur comme il se doit. Alors, pourquoi ne pas aller faire un tour dans <strong>ces <a href=\"https:\/\/actu.fr\/tag\/commerce\" rel=\"nofollow noopener\" target=\"_blank\">commerces<\/a> qui accueilleront quand m\u00eame des clients<\/strong> en ce jour f\u00e9ri\u00e9 ? Voici une liste non exhaustive de ceux qui resteront ouverts.<\/p>\n<p>Une large majorit\u00e9 de centres commerciaux ouverts pour la Toussaint \u00e0 Strasbourg<\/p>\n<p class=\" wall-content\">Peu de centres commerciaux et de supermarch\u00e9s fermeront le 1er novembre \u00e0 Strasbourg et dans sa r\u00e9gion. Vous pourrez donc vous y rendre mais attention, <strong>certains r\u00e9duisent parfois leurs horaires d\u2019ouverture<\/strong>.<\/p>\n<ul class=\" wall-content\">\n<li><strong>Place des Halles<\/strong> \u00e0 Strasbourg\u2009: ouvert de 9h \u00e0 20h.<\/li>\n<li><strong>Rivetoile<\/strong> \u00e0 Strasbourg\u2009: 9h \u00e0 20h.<\/li>\n<li><strong>L\u2019Aubette<\/strong> \u00e0 Strasbourg\u2009: 10h \u00e0 19h.<\/li>\n<li><strong>Galeries Lafayette<\/strong> Strasbourg\u2009: 10h \u00e0 20h.<\/li>\n<li><strong>Primark<\/strong> \u00e0 Strasbourg\u2009: 10h \u00e0 20h.<\/li>\n<li><strong>Aushopping Strasbourg<\/strong>\u2009: de 9h \u00e0 19h30 pour les boutiques, de 8h \u00e0 20h30 pour l\u2019Auchan.<\/li>\n<li><strong>Auchan Kl\u00e9ber<\/strong> \u00e0 Strasbourg\u2009: 9h \u00e0 19h.<\/li>\n<li><strong>Auchan Porte De France<\/strong> \u00e0 Strasbourg\u2009: 9h \u00e0 19h.<\/li>\n<li><strong>Auchan Esplanade<\/strong> \u00e0 Strasbourg\u2009: 9h \u00e0 19h.<\/li>\n<li><strong>Auchan Baggersee<\/strong> \u00e0 Illkirch\u2009: 8h \u00e0 20h30.<\/li>\n<li><strong>Carrefour Mundolsheim<\/strong> (ex-Cora) \u00e0 Mundolsheim\u2009: 9h \u00e0 19h.<\/li>\n<\/ul>\n<p class=\" wall-content\">Ces plus petits commerces seront <strong>\u00e9galement ouverts<\/strong>\u2009:<\/p>\n<ul class=\" wall-content\">\n<li><strong>Fnac place Kl\u00e9ber<\/strong> \u00e0 Strasbourg\u2009: 10h \u00e0 19h.<\/li>\n<li><strong>Carrefour City avenue des Vosges<\/strong> \u00e0 Strasbourg\u2009: 9h \u00e0 12h.<\/li>\n<li><strong>Carrefour City avenue de la Marseillaise<\/strong> \u00e0 Strasbourg\u2009: 9h \u00e0 12h45.<\/li>\n<li><strong>Carrefour City rue du Parchemin<\/strong> \u00e0 Strasbourg\u2009: 9h \u00e0 20h.<\/li>\n<li><strong>Carrefour City route de Mittelhausbergen <\/strong>\u00e0 Strasbourg\u2009: 9h \u00e0 12h45.<\/li>\n<li><strong>Petit Casino, rue du Faubourg National<\/strong> \u00e0 Strasbourg\u2009: 9h \u00e0 20h.<\/li>\n<li><strong>Maison Lorho (fromagerie)<\/strong>, rue des Orf\u00e8vres \u00e0 Strasbourg\u2009: 10h \u00e0 17h.<\/li>\n<\/ul>\n<p>Quelques commerces n\u2019accueilleront pas de clients<\/p>\n<p class=\" wall-content\">Les \u00e9tablissements suivants <strong>n\u2019ouvriront en revanche pas leurs portes<\/strong> ce samedi 1er\u00a0novembre\u2009:<\/p>\n<ul class=\" wall-content\">\n<li><strong>Auchan Hautepierre<\/strong> \u00e0 Strasbourg\u2009: ferm\u00e9.<\/li>\n<li><strong>Monoprix Kl\u00e9ber<\/strong> \u00e0 Strasbourg\u2009: ferm\u00e9.<\/li>\n<li><strong>Roppenheim The Style Outlets<\/strong> \u00e0 Roppenheim\u2009: ferm\u00e9.<\/li>\n<li><strong>Biocoop Coquelicot<\/strong>, rue de la 1\u00e8re Arm\u00e9e \u00e0 Strasbourg\u2009: ferm\u00e9.<\/li>\n<\/ul>\n<p>Votre r\u00e9gion, votre actu !<\/p>\n<p>Recevez chaque jour les infos qui comptent pour vous.<\/p>\n<p>\t<a href=\"https:\/\/actu.fr\/newsletter\" class=\"ac-btn ac-btn--corner ac-btn--medium ac-btn--blue800\" rel=\"nofollow noopener\" target=\"_blank\">S&rsquo;incrire<\/a><\/p>\n<p class=\" wall-content\">De nombreux march\u00e9s alimentaires <strong>seront \u00e9galement annul\u00e9s<\/strong>, <a href=\"https:\/\/actu.fr\/grand-est\/strasbourg_67482\/toussaint-a-strasbourg-plusieurs-marches-alimentaires-annules-samedi-1er-novembre-voici-lesquels_63357846.html\" rel=\"nofollow noopener\" target=\"_blank\">la liste exacte est \u00e0 lire dans cet article.<\/a><\/p>\n<p>Le parking-relais gratuit d\u00e8s 20\u00a0euros d\u2019achat<\/p>\n<p class=\" wall-content\">Pour soutenir tous ces commerces ouverts, l\u2019offre de stationnement gratuit en <strong>parking-relais<\/strong> les samedis sera effective. Sur pr\u00e9sentation d\u2019un justificatif d\u2019achat d\u2019un <strong>montant minimum de 20\u00a0euros<\/strong> r\u00e9alis\u00e9 le jour m\u00eame dans un commerce, un restaurant ou un lieu culturel de la Grande-\u00cele, le stationnement sera gratuit.<\/p>\n<p class=\" wall-content\">Les contremarques seront \u00e0 retirer dans les \u00e9tablissements suivants\u2009:<\/p>\n<ul class=\" wall-content\">\n<li><strong>Place des Halles<\/strong> centre commercial \u00e0 l\u2019accueil (1er \u00e9tage).<\/li>\n<li><strong>Galeries Lafayette<\/strong> \u00e0 l\u2019accueil (rez-de-chauss\u00e9e).<\/li>\n<li><strong>Office de Tourisme<\/strong> sur la place de la Cath\u00e9drale.<\/li>\n<li><strong>Rivetoile<\/strong> centre commercial \u00e0 l\u2019accueil (niveau N-1).<\/li>\n<\/ul>\n<p class=\" wall-content\">Personnalisez votre actualit\u00e9 en ajoutant vos villes et m\u00e9dias en favori avec <a href=\"https:\/\/moncompte.actu.fr\" title=\"D\u00e9couvez Mon Actu\" rel=\"nofollow noopener\" data-trk=\"{&quot;cta&quot;:{&quot;action&quot;:&quot;https:\\\/\\\/moncompte.actu.fr&quot;,&quot;category&quot;:&quot;mon compte&quot;,&quot;from&quot;:&quot;article footer&quot;,&quot;name&quot;:&quot;Mon actu&quot;,&quot;type&quot;:&quot;cta&quot;}}\" target=\"_blank\">Mon Actu<\/a>.<\/p>\n","protected":false},"excerpt":{"rendered":"Par Thomas Blanc Publi\u00e9 le 30 oct. 2025 \u00e0 15h29 Ce 1er\u00a0novembre sera c\u00e9l\u00e9br\u00e9e la Toussaint, jour f\u00e9ri\u00e9\u00a0et&hellip;\n","protected":false},"author":2,"featured_media":500365,"comment_status":"","ping_status":"","sticky":false,"template":"","format":"standard","meta":{"footnotes":""},"categories":[2820],"tags":[1111,11,215,33,1777,674,1011,27,775,12,25,640],"class_list":{"0":"post-500364","1":"post","2":"type-post","3":"status-publish","4":"format-standard","5":"has-post-thumbnail","7":"category-strasbourg","8":"tag-actu","9":"tag-actualites","10":"tag-commerce","11":"tag-economie","12":"tag-eu","13":"tag-europe","14":"tag-fr","15":"tag-france","16":"tag-grand-est","17":"tag-news","18":"tag-republique-francaise","19":"tag-strasbourg"},"share_on_mastodon":{"url":"https:\/\/pubeurope.com\/@fr\/115464135300040199","error":""},"_links":{"self":[{"href":"https:\/\/www.europesays.com\/fr\/wp-json\/wp\/v2\/posts\/500364","targetHints":{"allow":["GET"]}}],"collection":[{"href":"https:\/\/www.europesays.com\/fr\/wp-json\/wp\/v2\/posts"}],"about":[{"href":"https:\/\/www.europesays.com\/fr\/wp-json\/wp\/v2\/types\/post"}],"author":[{"embeddable":true,"href":"https:\/\/www.europesays.com\/fr\/wp-json\/wp\/v2\/users\/2"}],"replies":[{"embeddable":true,"href":"https:\/\/www.europesays.com\/fr\/wp-json\/wp\/v2\/comments?post=500364"}],"version-history":[{"count":0,"href":"https:\/\/www.europesays.com\/fr\/wp-json\/wp\/v2\/posts\/500364\/revisions"}],"wp:featuredmedia":[{"embeddable":true,"href":"https:\/\/www.europesays.com\/fr\/wp-json\/wp\/v2\/media\/500365"}],"wp:attachment":[{"href":"https:\/\/www.europesays.com\/fr\/wp-json\/wp\/v2\/media?parent=500364"}],"wp:term":[{"taxonomy":"category","embeddable":true,"href":"https:\/\/www.europesays.com\/fr\/wp-json\/wp\/v2\/categories?post=500364"},{"taxonomy":"post_tag","embeddable":true,"href":"https:\/\/www.europesays.com\/fr\/wp-json\/wp\/v2\/tags?post=500364"}],"curies":[{"name":"wp","href":"https:\/\/api.w.org\/{rel}","templated":true}]}}