{"id":500382,"date":"2025-10-30T16:56:12","date_gmt":"2025-10-30T16:56:12","guid":{"rendered":"https:\/\/www.europesays.com\/fr\/500382\/"},"modified":"2025-10-30T16:56:12","modified_gmt":"2025-10-30T16:56:12","slug":"a-lille-le-food-court-kitchen-market-enrichit-son-offre-avec-larrivee-de-4-nouveaux-kiosques-gourmands","status":"publish","type":"post","link":"https:\/\/www.europesays.com\/fr\/500382\/","title":{"rendered":"\u00c0 Lille, le food court Kitchen Market enrichit son offre avec l&rsquo;arriv\u00e9e de 4 nouveaux kiosques gourmands"},"content":{"rendered":"<p>            Par<br \/>\n        <strong><br \/>\n            <a href=\"https:\/\/actu.fr\/auteur\/hervine-mahaud\" title=\"Consulter tous les articles de Hervine Mahaud\" target=\"_blank\" rel=\"noopener\">Hervine Mahaud<\/a><br \/>\n        <\/strong><\/p>\n<p>        Publi\u00e9 le<\/p>\n<p>            30 oct. 2025 \u00e0 17h20        <\/p>\n<p>Le <b>food court<\/b> <b>Kitchen Market<\/b>, install\u00e9 au c\u0153ur du <a href=\"https:\/\/actu.fr\/hauts-de-france\/lille_59350\/lille-que-vaut-lexperience-en-realite-virtuelle-titanic-le-reve-englouti-on-a-teste-en-avant-premiere_63287849.html\" target=\"_blank\" rel=\"noopener\"><b>centre commercial des Tanneurs<\/b><\/a> \u00e0 <a href=\"https:\/\/actu.fr\/lille\/\" target=\"_blank\" rel=\"noopener\">Lille<\/a>, continue de se r\u00e9inventer. Apr\u00e8s des travaux cet \u00e9t\u00e9, permettant de cr\u00e9er un agrandissement bienvenu, <b>trois nouveaux kiosques<\/b> viennent d\u2019y poser leurs casseroles. Et <b>un quatri\u00e8me s\u2019appr\u00eate \u00e0 ouvrir<\/b> courant novembre.\u00a0<\/p>\n<p>Un food court agrandi avec davantage de places pour s\u2019asseoir et une offre gourmande renouvel\u00e9e<\/p>\n<p class=\" wall-content\">Le food court Kitchen Market a profit\u00e9 de la pause estivale pour faire peau neuve. \u00ab\u00a0On a enlev\u00e9 deux kiosques vides pour <b>agrandir la terrasse<\/b> et donner un c\u00f4t\u00e9 plus ouvert\u00a0\u00bb, explique Romeila Belaich, \u00e0 la communication du food court. L\u2019espace compte d\u00e9sormais <b>150 places assises<\/b> et attire une client\u00e8le toujours plus nombreuse. \u00ab\u00a0Le midi, c\u2019est souvent complet, parfois il n\u2019y a m\u00eame plus de place pour s\u2019asseoir !\u00a0\u00bb, confie-t-elle.<\/p>\n<p class=\" wall-content\">Dans toute la galerie des Tanneurs, de nouveaux panneaux directionnels guident d\u00e9sormais les visiteurs : impossible de manquer le food court, devenu le rep\u00e8re gourmand du centre-ville.<\/p>\n<p>De nouvelles saveurs venues du monde entier<\/p>\n<p class=\" wall-content\">Depuis <a href=\"https:\/\/actu.fr\/hauts-de-france\/lille_59350\/lille-clap-de-fin-pour-grand-scene-le-food-court-de-la-rue-de-bethune-ferme-definitivement-ses-portes_63245757.html\" target=\"_blank\" rel=\"noopener\">la fermeture du food court Grand Sc\u00e8ne d\u00e9but octobre<\/a>, Kitchen Market a r\u00e9cup\u00e9r\u00e9 une partie de la client\u00e8le\u2026 et enrichi son offre. Quatre nouveaux stands ont r\u00e9cemment rejoint le lieu :<\/p>\n<p class=\" wall-content\"><b>Allo Couscous<\/b>, inaugur\u00e9 lors de la Braderie de Lille, met \u00e0 l\u2019honneur la cuisine marocaine. Couscous (poulet, merguez, v\u00e9g\u00e9tarien), tajines, pastilla, harira (soupe traditionnelle), msemen (cr\u00eape feuillet\u00e9e) au petit-d\u00e9jeuner : une carte g\u00e9n\u00e9reuse et authentique.<\/p>\n<p>    <img   decoding=\"async\" loading=\"lazy\" class=\"size-large\" src=\"https:\/\/www.europesays.com\/fr\/wp-content\/uploads\/2025\/10\/9e33bafc12096b243bafc12099643bv-960x640.jpg\" alt=\"allo couscous restaurant marocain food court kitchen market lille\" width=\"960\" height=\"640\"\/><br \/>\n    Les saveurs du Maroc se retrouvent dans l\u2019offre propos\u00e9e par Allo Couscous. \u00a9Hervine Mahaud<\/p>\n<p class=\" wall-content\"><b>Namaste<\/b>, ouvert en septembre, fait voyager les papilles en Inde. Derri\u00e8re les fourneaux, deux cousins partagent leur h\u00e9ritage culinaire \u00e0 travers un butter chicken cr\u00e9meux, un tikka massala, des samoussas ou encore un naan au fromage tout chaud.<\/p>\n<p>Votre r\u00e9gion, votre actu !<\/p>\n<p>Recevez chaque jour les infos qui comptent pour vous.<\/p>\n<p>\t<a href=\"https:\/\/actu.fr\/newsletter\" class=\"ac-btn ac-btn--corner ac-btn--medium ac-btn--blue800\" target=\"_blank\" rel=\"noopener\">S&rsquo;incrire<\/a><\/p>\n<p>    <img   decoding=\"async\" loading=\"lazy\" class=\"size-large\" src=\"https:\/\/www.europesays.com\/fr\/wp-content\/uploads\/2025\/10\/9c25aafc120968035aafc12096435av-960x640.jpg\" alt=\"namaste restaurant indien food court kitchen market lille\" width=\"960\" height=\"640\"\/><br \/>\n    Le kiosque Namaste propose des plats traditionnels indiens. \u00a9Hervine Mahaud<\/p>\n<p class=\" wall-content\"><b>Saveurs des \u00celes<\/b>, tout juste ouvert le 27 octobre, apporte une touche d\u2019\u00e9vasion gr\u00e2ce \u00e0 la cuisine mauricienne. Currys, rougails, bol renvers\u00e9, briani, lassi et desserts exotiques : le stand, qui a d\u00e9j\u00e0 un restaurant dans la rue Gambetta, prend ses marques au food court.<\/p>\n<p class=\" wall-content\"><b>Pouletos<\/b> est annonc\u00e9 pour <b>courant novembre<\/b>. Le concept ? Du poulet r\u00f4ti dor\u00e9 au four avec des accompagnements gourmands, le tout pr\u00e9par\u00e9 \u00e0 partir de produits frais.<\/p>\n<p>Une ann\u00e9e 2025 remplie de nouveaut\u00e9s<\/p>\n<p class=\" wall-content\">Le renouvellement ne s\u2019arr\u00eate pas l\u00e0. En 2025, <b>deux nouvelles enseignes<\/b> ont rejoint l\u2019aventure. D\u2019abord <b>Les Effront\u00e9s<\/b>, sp\u00e9cialistes du <b>smash burger<\/b>, install\u00e9s en d\u00e9but d\u2019ann\u00e9e. Leur sp\u00e9cialit\u00e9 : le <b>smash burger<\/b>, pr\u00e9par\u00e9 avec des produits fran\u00e7ais et une touche am\u00e9ricaine assum\u00e9e. Leur carte audacieuse fait d\u00e9j\u00e0 parler d\u2019elle, avec des collaborations originales avec d\u2019autres restaurateurs, comme une poutine sign\u00e9e avec le kiosque voisin <b>Mexicanas<\/b>.<\/p>\n<p class=\" wall-content\"><a href=\"https:\/\/www.instagram.com\/p\/DQHXSX_CDmq\/embed\" title=\"Ouvrir le lien sur Instagram\" target=\"_blank\" rel=\"noopener\">Visualiser le contenu sur Instagram<\/a><\/p>\n<p class=\" wall-content\">Justement, <b>Mexicanas<\/b>, arriv\u00e9 en mars, fait d\u00e9j\u00e0 un carton avec ses burritos, tacos, nachos et quesadillas. Les plats sont pr\u00e9par\u00e9es sur place \u00e0 partir de recettes traditionnelles familiales.<\/p>\n<p>Le food court lillois est devenu incontournable\u00a0<\/p>\n<p class=\" wall-content\">Avec ces nouvelles adresses, Kitchen Market confirme son statut de p\u00f4le culinaire incontournable du centre-ville lillois. D\u2019autant que la fr\u00e9quentation ne faiblit pas : \u00ab\u00a0C\u2019est un lieu qui vit, qui bouge, et qui pla\u00eet autant aux salari\u00e9s du quartier qu\u2019aux visiteurs de passage\u00a0\u00bb, souligne Romeila Belaich.<\/p>\n<p class=\" wall-content\">Entre ses <b>seize kiosques gourmands, son bar central et sa terrasse agrandie<\/b>, le food court des Tanneurs s\u2019impose plus que jamais comme une escale savoureuse au c\u0153ur de Lille.<\/p>\n<p class=\" wall-content\">Personnalisez votre actualit\u00e9 en ajoutant vos villes et m\u00e9dias en favori avec <a href=\"https:\/\/moncompte.actu.fr\" title=\"D\u00e9couvez Mon Actu\" rel=\"nofollow noopener\" data-trk=\"{&quot;cta&quot;:{&quot;action&quot;:&quot;https:\\\/\\\/moncompte.actu.fr&quot;,&quot;category&quot;:&quot;mon compte&quot;,&quot;from&quot;:&quot;article footer&quot;,&quot;name&quot;:&quot;Mon actu&quot;,&quot;type&quot;:&quot;cta&quot;}}\" target=\"_blank\">Mon Actu<\/a>.<\/p>\n<p>                    <script async src=\"\/\/www.instagram.com\/embed.js\"><\/script><\/p>\n","protected":false},"excerpt":{"rendered":"Par Hervine Mahaud Publi\u00e9 le 30 oct. 2025 \u00e0 17h20 Le food court Kitchen Market, install\u00e9 au c\u0153ur&hellip;\n","protected":false},"author":2,"featured_media":500383,"comment_status":"","ping_status":"","sticky":false,"template":"","format":"standard","meta":{"footnotes":""},"categories":[2815],"tags":[1111,11,33,1777,674,1011,27,811,1307,12,3147,25,1340,10479],"class_list":{"0":"post-500382","1":"post","2":"type-post","3":"status-publish","4":"format-standard","5":"has-post-thumbnail","7":"category-lille","8":"tag-actu","9":"tag-actualites","10":"tag-economie","11":"tag-eu","12":"tag-europe","13":"tag-fr","14":"tag-france","15":"tag-hauts-de-france","16":"tag-lille","17":"tag-news","18":"tag-nouveaux-commerces","19":"tag-republique-francaise","20":"tag-restaurant","21":"tag-street-food"},"share_on_mastodon":{"url":"","error":""},"_links":{"self":[{"href":"https:\/\/www.europesays.com\/fr\/wp-json\/wp\/v2\/posts\/500382","targetHints":{"allow":["GET"]}}],"collection":[{"href":"https:\/\/www.europesays.com\/fr\/wp-json\/wp\/v2\/posts"}],"about":[{"href":"https:\/\/www.europesays.com\/fr\/wp-json\/wp\/v2\/types\/post"}],"author":[{"embeddable":true,"href":"https:\/\/www.europesays.com\/fr\/wp-json\/wp\/v2\/users\/2"}],"replies":[{"embeddable":true,"href":"https:\/\/www.europesays.com\/fr\/wp-json\/wp\/v2\/comments?post=500382"}],"version-history":[{"count":0,"href":"https:\/\/www.europesays.com\/fr\/wp-json\/wp\/v2\/posts\/500382\/revisions"}],"wp:featuredmedia":[{"embeddable":true,"href":"https:\/\/www.europesays.com\/fr\/wp-json\/wp\/v2\/media\/500383"}],"wp:attachment":[{"href":"https:\/\/www.europesays.com\/fr\/wp-json\/wp\/v2\/media?parent=500382"}],"wp:term":[{"taxonomy":"category","embeddable":true,"href":"https:\/\/www.europesays.com\/fr\/wp-json\/wp\/v2\/categories?post=500382"},{"taxonomy":"post_tag","embeddable":true,"href":"https:\/\/www.europesays.com\/fr\/wp-json\/wp\/v2\/tags?post=500382"}],"curies":[{"name":"wp","href":"https:\/\/api.w.org\/{rel}","templated":true}]}}