{"id":50039,"date":"2025-04-24T20:31:17","date_gmt":"2025-04-24T20:31:17","guid":{"rendered":"https:\/\/www.europesays.com\/fr\/50039\/"},"modified":"2025-04-24T20:31:17","modified_gmt":"2025-04-24T20:31:17","slug":"lyon-pierre-oliver-inaugure-la-rue-simon-maupin-de-la-maier-des-manieres","status":"publish","type":"post","link":"https:\/\/www.europesays.com\/fr\/50039\/","title":{"rendered":"Lyon. Pierre Oliver inaugure la rue Simon Maupin de la Maier des mani\u00e8res &#8211;"},"content":{"rendered":"<p>\t\t\t\t<img fetchpriority=\"high\" decoding=\"async\" width=\"900\" height=\"675\" src=\"https:\/\/www.europesays.com\/fr\/wp-content\/uploads\/2025\/04\/02-Rue-Simon-Maupin-1.jpg\" alt=\"\" title=\"02 Rue Simon Maupin-1\"   class=\"wp-image-158716\"\/><\/p>\n<p>La photo officielle de cet acte 2 avec Pierre Oliver, maire de Lyon 2, son adjointe Pauline Grosjean, les horlogers Jean-Louis et Arthur Maier &#8211; Photo \u00a9 Lyon People<\/p>\n<p><strong>Texte\u00a0: Morgan Couturier \u2013<\/strong> Malgr\u00e9 la pluie, le maire du 2\u00e8me a tenu \u00e0 c\u00e9l\u00e9brer la deuxi\u00e8me phase de r\u00e9novation de la rue Simon Maupin. D\u00e9sormais pav\u00e9e et transform\u00e9e en zone de rencontres, cette derni\u00e8re laisse n\u00e9anmoins le chemin libre \u00e0 tous les modes de transport.<\/p>\n<p>Apr\u00e8s la pluie vient le beau temps. C\u2019est en tout cas l\u2019espoir de <strong>Pierre Oliver<\/strong> \u00e0 l\u2019heure d\u2019inaugurer la r\u00e9fection du deuxi\u00e8me tron\u00e7on de la rue Simon Maupin. Trois ans apr\u00e8s avoir c\u00e9l\u00e9br\u00e9 avec les masques, la premi\u00e8re phase de r\u00e9habilitation de cette art\u00e8re du triangle d\u2019or, le maire du 2\u00e8me arrondissement de Lyon a donc pu mettre un point final aux travaux.<\/p>\n<p><img loading=\"lazy\" decoding=\"async\" class=\"lazy lazy-hidden  wp-image-158719 alignleft\" data-lazy-type=\"image\" src=\"https:\/\/www.europesays.com\/fr\/wp-content\/uploads\/2025\/04\/Rue-Simon-Mupin.jpg\" alt=\"\" width=\"195\" height=\"116\"\/>Une transformation financ\u00e9e \u00e0 hauteur de 451 000\u20ac, rendue possible dans le cadre de l\u2019enveloppe budg\u00e9taire annuelle allou\u00e9e \u00e0 la Mairie de Lyon 2 par la M\u00e9tropole de Lyon pour les travaux urbains.<\/p>\n<p>\u00ab\u00a0Un deuxi\u00e8me beau clin d\u2019\u0153il \u00e0 l\u2019architecte lyonnais\u00a0\u00bb, dixit le candidat aux prochaines \u00e9lections municipales en r\u00e9f\u00e9rence \u00e0 <strong>Simon Maupin<\/strong>, voyer de la ville de Lyon au XVII\u00e8me si\u00e8cle. De 1640 \u00e0 1645, il a r\u00e9alis\u00e9 des travaux d\u2019endiguement du Rh\u00f4ne pour le maintenir dans le lit proche de la ville.<\/p>\n<p>Cette art\u00e8re commer\u00e7ante arbore son aspect actuel depuis les grands travaux du second empire. C\u2019est un changement de taille pour cette nouvelle \u00ab\u00a0zone de rencontres\u00a0\u00bb, reliant la rue Gasparin \u00e0 la rue de la R\u00e9publique. D\u00e9sormais enti\u00e8rement pav\u00e9e, la rue Simon Maupin a vocation \u00e0 donner la priorit\u00e9 aux pi\u00e9tons mais n\u2019en reste pas moins ouverte aux voitures.<\/p>\n<p><img loading=\"lazy\" decoding=\"async\" class=\"lazy lazy-hidden alignnone size-full wp-image-158718\" data-lazy-type=\"image\" src=\"https:\/\/www.europesays.com\/fr\/wp-content\/uploads\/2025\/04\/poiray-lyon-maier.jpg\" alt=\"\" width=\"900\" height=\"583\"  \/><\/p>\n<p>Une diff\u00e9rence de taille pour l\u2019\u00e9lu LR, qui reste farouchement oppos\u00e9 \u00e0 la pi\u00e9tonisation du centre-ville et <a href=\"https:\/\/www.lyonpeople.com\/actualites-lyon\/actualites-politiques\/lyon-la-fermeture-de-la-presquile-sera-effective-en-juin-2025-2025-02-05.html\" rel=\"nofollow noopener\" target=\"_blank\"><strong>donc \u00e0 la mise en place de la prochaine ZTL<\/strong><\/a>. \u00ab Les espaces ont \u00e9t\u00e9 s\u00e9curis\u00e9s et v\u00e9g\u00e9talis\u00e9s. Passants comme commer\u00e7ants profitent pleinement de ces nouveaux espaces \u00bb, a-t-il signifi\u00e9. Pour preuve, la pr\u00e9sence remarqu\u00e9e des horlogers <strong>Jean-Louis <\/strong>et<strong> Arthur Maier<\/strong>, lesquels poss\u00e8dent notamment la boutique Poiray au num\u00e9ro 6 de ladite rue (photo ci-dessus).<\/p>\n","protected":false},"excerpt":{"rendered":"La photo officielle de cet acte 2 avec Pierre Oliver, maire de Lyon 2, son adjointe Pauline Grosjean,&hellip;\n","protected":false},"author":2,"featured_media":50040,"comment_status":"","ping_status":"","sticky":false,"template":"","format":"standard","meta":{"footnotes":""},"categories":[1889],"tags":[4257,1111,11,14246,2430,1777,674,1011,27,2428,14247,12,25],"class_list":{"0":"post-50039","1":"post","2":"type-post","3":"status-publish","4":"format-standard","5":"has-post-thumbnail","7":"category-lyon","8":"tag-0top","9":"tag-actu","10":"tag-actualites","11":"tag-actualites-lyon","12":"tag-auvergne-rhone-alpes","13":"tag-eu","14":"tag-europe","15":"tag-fr","16":"tag-france","17":"tag-lyon","18":"tag-maier","19":"tag-news","20":"tag-republique-francaise"},"share_on_mastodon":{"url":"https:\/\/pubeurope.com\/@fr\/114394843423714568","error":""},"_links":{"self":[{"href":"https:\/\/www.europesays.com\/fr\/wp-json\/wp\/v2\/posts\/50039","targetHints":{"allow":["GET"]}}],"collection":[{"href":"https:\/\/www.europesays.com\/fr\/wp-json\/wp\/v2\/posts"}],"about":[{"href":"https:\/\/www.europesays.com\/fr\/wp-json\/wp\/v2\/types\/post"}],"author":[{"embeddable":true,"href":"https:\/\/www.europesays.com\/fr\/wp-json\/wp\/v2\/users\/2"}],"replies":[{"embeddable":true,"href":"https:\/\/www.europesays.com\/fr\/wp-json\/wp\/v2\/comments?post=50039"}],"version-history":[{"count":0,"href":"https:\/\/www.europesays.com\/fr\/wp-json\/wp\/v2\/posts\/50039\/revisions"}],"wp:featuredmedia":[{"embeddable":true,"href":"https:\/\/www.europesays.com\/fr\/wp-json\/wp\/v2\/media\/50040"}],"wp:attachment":[{"href":"https:\/\/www.europesays.com\/fr\/wp-json\/wp\/v2\/media?parent=50039"}],"wp:term":[{"taxonomy":"category","embeddable":true,"href":"https:\/\/www.europesays.com\/fr\/wp-json\/wp\/v2\/categories?post=50039"},{"taxonomy":"post_tag","embeddable":true,"href":"https:\/\/www.europesays.com\/fr\/wp-json\/wp\/v2\/tags?post=50039"}],"curies":[{"name":"wp","href":"https:\/\/api.w.org\/{rel}","templated":true}]}}