{"id":500393,"date":"2025-10-30T17:05:13","date_gmt":"2025-10-30T17:05:13","guid":{"rendered":"https:\/\/www.europesays.com\/fr\/500393\/"},"modified":"2025-10-30T17:05:13","modified_gmt":"2025-10-30T17:05:13","slug":"lile-de-france-premiere-region-a-passer-en-phase-epidemique","status":"publish","type":"post","link":"https:\/\/www.europesays.com\/fr\/500393\/","title":{"rendered":"l\u2019\u00cele-de-France, premi\u00e8re r\u00e9gion \u00e0 passer en phase \u00e9pid\u00e9mique"},"content":{"rendered":"<p class=\"article-p mdl\">L&rsquo;\u00e9pid\u00e9mie de bronchiolite est de retour et a d\u00e9j\u00e0 s\u00e9vi. L&rsquo;agence de sant\u00e9 publique a annonc\u00e9, mercredi 29 octobre, que l&rsquo;\u00cele-de-France est la premi\u00e8re r\u00e9gion \u00e0 \u00eatre concern\u00e9e. Cette semaine, \u00ab\u00a0les indicateurs syndromiques li\u00e9s \u00e0 la bronchiolite augmentaient en ville et \u00e0 l&rsquo;h\u00f4pital, \u00e0 des niveaux proches de la saison pr\u00e9c\u00e9dente \u00e0 la m\u00eame p\u00e9riode\u00a0\u00bb, a r\u00e9sum\u00e9 Sant\u00e9 publique France (SPF) dans un bilan hebdomadaire des principales maladies respiratoires de l&rsquo;automne-hiver.\u00a0<br \/>\u00a0<br \/>Pour rappel, la bronchiolite est une maladie g\u00e9n\u00e9ralement sans gravit\u00e9, mais provocatrice de <strong>complications chez les nourrissons.<\/strong> Les autres r\u00e9gions devraient \u00eatre gagn\u00e9es successivement par l&rsquo;\u00e9pid\u00e9mie annuelle. La Normandie est la plus susceptible, actuellement en phase \u00ab\u00a0pr\u00e9-\u00e9pid\u00e9mique\u00a0\u00bb pour la troisi\u00e8me semaine cons\u00e9cutive. La bronchiolite touche de nombreux b\u00e9b\u00e9s en France, en p\u00e9riode automnale et hivernale, le plus souvent \u00e0 la suite d&rsquo;une infection au virus respiratoire syncytial (VRS) pouvant \u00e9galement menacer les personnes \u00e2g\u00e9es.\u00a0<br \/>\u00a0<br \/>Dor\u00e9navant,\u00a0<a class=\"link\" href=\"https:\/\/www.rtl.fr\/actu\/sante\/bronchiolite-comment-se-proteger-efficacement-7900444157\" target=\"_blank\" rel=\"noopener\">une campagne d&rsquo;immunisation<\/a>\u00a0contre le VRS est lanc\u00e9e chaque ann\u00e9e. Deux strat\u00e9gies sont conseill\u00e9es \u00e0 l&rsquo;aide de deux traitements distincts : la vaccination de la femme enceinte par l&rsquo;Abrysvo de Pfizer, ou l&rsquo;immunisation des nourrissons par le Beyfortus de Sanofi et AstraZeneca. Mais, Sant\u00e9 publique France (SPF) rappelle que \u00ab\u00a0d&rsquo;autres virus susceptibles d&rsquo;induire des bronchiolites circulent dans l&rsquo;Hexagone, notamment les rhinovirus\u00a0\u00bb.<\/p>\n<p>            Une campagne de communication pour pr\u00e9venir de la maladie<\/p>\n<p class=\"article-p mdl\">La SPF a lanc\u00e9 la semaine derni\u00e8re <strong>une campagne de communication<\/strong> (spots TV et radio, affichage&#8230;) pour inciter \u00e0 respecter\u00a0<a class=\"link\" href=\"https:\/\/www.rtl.fr\/actu\/sante\/bronchiolite-comment-la-traiter-et-les-gestes-barrieres-pour-l-evite-7900318912\" target=\"_blank\" rel=\"noopener\">les trois principaux gestes de protection<\/a>\u00a0contre l&rsquo;ensemble de ces maladies. Il s&rsquo;agit de mettre un masque \u00ab\u00a0d\u00e8s les premiers sympt\u00f4mes\u00a0\u00bb, de se laver souvent et correctement les mains, et d&rsquo;a\u00e9rer r\u00e9guli\u00e8rement les pi\u00e8ces.\u00a0<\/p>\n<p class=\"article-p mdl\">L&rsquo;agence fait le point sur <strong>le Covid-19 et la grippe<\/strong>, pour lesquels\u00a0<a class=\"link\" href=\"https:\/\/www.rtl.fr\/actu\/sante\/la-grippe-est-de-retour-comment-va-se-derouler-la-campagne-de-vaccination-ouverte-depuis-lundi-7900551787\" target=\"_blank\" rel=\"noopener\">une campagne de vaccination<\/a>\u00a0coupl\u00e9e a commenc\u00e9 mi-octobre aupr\u00e8s des sujets les plus \u00e0 risque : les plus de 65 ans, les femmes enceintes et les personnes souffrant malades chroniques. Pour le Covid-19, les indicateurs ont diminu\u00e9 en m\u00e9decine de ville et sont rest\u00e9s stables \u00e0 l&rsquo;h\u00f4pital. Quant \u00e0 la grippe, particuli\u00e8rement s\u00e9v\u00e8re la saison pr\u00e9c\u00e9dente, seuls quelques cas \u00ab\u00a0sporadiques\u00a0\u00bb sont enregistr\u00e9s.\u00a0<\/p>\n<p>    La r\u00e9daction vous recommande<\/p>\n<p class=\"s-newsletter__title\">\n                L\u2019actualit\u00e9 par la r\u00e9daction de RTL dans votre bo\u00eete mail.\n            <\/p>\n<p class=\"s-newsletter__subtitle\">\n                Gr\u00e2ce \u00e0 votre compte RTL abonnez-vous \u00e0 la newsletter RTL info pour suivre toute l&rsquo;actualit\u00e9 au quotidien\n            <\/p>\n<p>\n                                    Lire la suite\n                                <\/p>\n","protected":false},"excerpt":{"rendered":"L&rsquo;\u00e9pid\u00e9mie de bronchiolite est de retour et a d\u00e9j\u00e0 s\u00e9vi. L&rsquo;agence de sant\u00e9 publique a annonc\u00e9, mercredi 29&hellip;\n","protected":false},"author":2,"featured_media":500394,"comment_status":"","ping_status":"","sticky":false,"template":"","format":"standard","meta":{"footnotes":""},"categories":[1592],"tags":[1111,11,434,1777,674,107,1011,27,662,12,626,25,71,773,5336],"class_list":{"0":"post-500393","1":"post","2":"type-post","3":"status-publish","4":"format-standard","5":"has-post-thumbnail","7":"category-ile-de-france","8":"tag-actu","9":"tag-actualites","10":"tag-epidemie","11":"tag-eu","12":"tag-europe","13":"tag-fil-info","14":"tag-fr","15":"tag-france","16":"tag-ile-de-france","17":"tag-news","18":"tag-paris","19":"tag-republique-francaise","20":"tag-sante","21":"tag-vaccin","22":"tag-virus"},"share_on_mastodon":{"url":"https:\/\/pubeurope.com\/@fr\/115464210056414216","error":""},"_links":{"self":[{"href":"https:\/\/www.europesays.com\/fr\/wp-json\/wp\/v2\/posts\/500393","targetHints":{"allow":["GET"]}}],"collection":[{"href":"https:\/\/www.europesays.com\/fr\/wp-json\/wp\/v2\/posts"}],"about":[{"href":"https:\/\/www.europesays.com\/fr\/wp-json\/wp\/v2\/types\/post"}],"author":[{"embeddable":true,"href":"https:\/\/www.europesays.com\/fr\/wp-json\/wp\/v2\/users\/2"}],"replies":[{"embeddable":true,"href":"https:\/\/www.europesays.com\/fr\/wp-json\/wp\/v2\/comments?post=500393"}],"version-history":[{"count":0,"href":"https:\/\/www.europesays.com\/fr\/wp-json\/wp\/v2\/posts\/500393\/revisions"}],"wp:featuredmedia":[{"embeddable":true,"href":"https:\/\/www.europesays.com\/fr\/wp-json\/wp\/v2\/media\/500394"}],"wp:attachment":[{"href":"https:\/\/www.europesays.com\/fr\/wp-json\/wp\/v2\/media?parent=500393"}],"wp:term":[{"taxonomy":"category","embeddable":true,"href":"https:\/\/www.europesays.com\/fr\/wp-json\/wp\/v2\/categories?post=500393"},{"taxonomy":"post_tag","embeddable":true,"href":"https:\/\/www.europesays.com\/fr\/wp-json\/wp\/v2\/tags?post=500393"}],"curies":[{"name":"wp","href":"https:\/\/api.w.org\/{rel}","templated":true}]}}