{"id":500410,"date":"2025-10-30T17:14:12","date_gmt":"2025-10-30T17:14:12","guid":{"rendered":"https:\/\/www.europesays.com\/fr\/500410\/"},"modified":"2025-10-30T17:14:12","modified_gmt":"2025-10-30T17:14:12","slug":"lallemagne-adopte-la-plus-forte-hausse-du-smic-depuis-sa-creation-il-y-a-dix-ans","status":"publish","type":"post","link":"https:\/\/www.europesays.com\/fr\/500410\/","title":{"rendered":"L&rsquo;Allemagne adopte la plus forte hausse du Smic depuis sa cr\u00e9ation il y a dix ans"},"content":{"rendered":"<p class=\"my-2 [&amp;+p]:mt-4 [&amp;_strong:has(+br)]:inline-block [&amp;_strong:has(+br)]:pb-2\">Actuellement fix\u00e9 \u00e0 12,82 euros bruts de l\u2019heure, il atteindra 13,90 euros au d\u00e9but de l\u2019ann\u00e9e prochaine, puis 14,60 euros au 1er janvier 2027, soit une augmentation totale de 13,9%. Selon le minist\u00e8re allemand du Travail, environ six millions de salari\u00e9s devraient b\u00e9n\u00e9ficier de cette hausse.<\/p>\n<p>Une d\u00e9cision fond\u00e9e sur les recommandations d\u2019une commission ind\u00e9pendante<\/p>\n<p class=\"my-2 [&amp;+p]:mt-4 [&amp;_strong:has(+br)]:inline-block [&amp;_strong:has(+br)]:pb-2\">Le gouvernement a suivi les pr\u00e9conisations formul\u00e9es en juin par une commission ind\u00e9pendante r\u00e9unissant des repr\u00e9sentants des employeurs et des salari\u00e9s. Cette augmentation, bien que substantielle, demeure en de\u00e7\u00e0 des attentes du Parti social-d\u00e9mocrate (SPD), partenaire de la coalition men\u00e9e par le chancelier conservateur Friedrich Merz. Les sociaux-d\u00e9mocrates auraient souhait\u00e9 porter le salaire minimum \u00e0 15 euros d\u00e8s 2026.<\/p>\n<p>Un niveau parmi les plus \u00e9lev\u00e9s d\u2019Europe<\/p>\n<p class=\"my-2 [&amp;+p]:mt-4 [&amp;_strong:has(+br)]:inline-block [&amp;_strong:has(+br)]:pb-2\">D\u2019apr\u00e8s les donn\u00e9es de l\u2019office statistique f\u00e9d\u00e9ral Destatis, le salaire minimum allemand reste aujourd\u2019hui le quatri\u00e8me plus \u00e9lev\u00e9 au sein de l\u2019Union europ\u00e9enne, derri\u00e8re ceux en vigueur au Luxembourg, en Irlande et aux Pays-Bas.<\/p>\n<p class=\"my-2 [&amp;+p]:mt-4 [&amp;_strong:has(+br)]:inline-block [&amp;_strong:has(+br)]:pb-2\">En 2022, l\u2019ancien chancelier social-d\u00e9mocrate Olaf Scholz avait d\u00e9j\u00e0 pris une d\u00e9cision marquante en d\u00e9cidant de relever le salaire minimum au-del\u00e0 des recommandations de la m\u00eame commission, rompant ainsi avec la tradition de mod\u00e9ration salariale allemande.<\/p>\n<p class=\"my-2 [&amp;+p]:mt-4 [&amp;_strong:has(+br)]:inline-block [&amp;_strong:has(+br)]:pb-2\">C\u2019est sous le gouvernement de la chanceli\u00e8re conservatrice Angela Merkel, alors \u00e0 la t\u00eate d\u2019une grande coalition avec les sociaux-d\u00e9mocrates, qu\u2019a \u00e9t\u00e9 d\u00e9cid\u00e9e \u00e0 l\u2019\u00e9t\u00e9 2014 l\u2019introduction d\u2019un salaire minimum l\u00e9gal en Allemagne. Entr\u00e9 en vigueur le 1er janvier 2015, il avait \u00e9t\u00e9 fix\u00e9 \u00e0 8,50 euros bruts de l\u2019heure.<\/p>\n<p>Une r\u00e9volution sociale \u00e0 l\u2019\u00e9poque<\/p>\n<p class=\"my-2 [&amp;+p]:mt-4 [&amp;_strong:has(+br)]:inline-block [&amp;_strong:has(+br)]:pb-2\">La mise en place de ce dispositif avait constitu\u00e9 une v\u00e9ritable r\u00e9volution dans un pays o\u00f9 la non-ing\u00e9rence de l\u2019\u00c9tat dans les relations salariales faisait partie d\u2019une tradition sociale profond\u00e9ment ancr\u00e9e. Les sociaux-d\u00e9mocrates avaient alors su convaincre leurs partenaires conservateurs de la n\u00e9cessit\u00e9 de cette mesure, pr\u00e9sent\u00e9e comme un instrument de justice sociale face \u00e0 l\u2019essor d\u2019un vaste secteur de bas salaires.<\/p>\n","protected":false},"excerpt":{"rendered":"Actuellement fix\u00e9 \u00e0 12,82 euros bruts de l\u2019heure, il atteindra 13,90 euros au d\u00e9but de l\u2019ann\u00e9e prochaine, puis&hellip;\n","protected":false},"author":2,"featured_media":500411,"comment_status":"","ping_status":"","sticky":false,"template":"","format":"standard","meta":{"footnotes":""},"categories":[1587],"tags":[11,672,1804,1805,1803,1777,674,1801,12,1802],"class_list":{"0":"post-500410","1":"post","2":"type-post","3":"status-publish","4":"format-standard","5":"has-post-thumbnail","7":"category-allemagne","8":"tag-actualites","9":"tag-allemagne","10":"tag-bundesrepublik-deutschland","11":"tag-de","12":"tag-deutschland","13":"tag-eu","14":"tag-europe","15":"tag-germany","16":"tag-news","17":"tag-republique-federale-dallemagne"},"share_on_mastodon":{"url":"https:\/\/pubeurope.com\/@fr\/115464245375398906","error":""},"_links":{"self":[{"href":"https:\/\/www.europesays.com\/fr\/wp-json\/wp\/v2\/posts\/500410","targetHints":{"allow":["GET"]}}],"collection":[{"href":"https:\/\/www.europesays.com\/fr\/wp-json\/wp\/v2\/posts"}],"about":[{"href":"https:\/\/www.europesays.com\/fr\/wp-json\/wp\/v2\/types\/post"}],"author":[{"embeddable":true,"href":"https:\/\/www.europesays.com\/fr\/wp-json\/wp\/v2\/users\/2"}],"replies":[{"embeddable":true,"href":"https:\/\/www.europesays.com\/fr\/wp-json\/wp\/v2\/comments?post=500410"}],"version-history":[{"count":0,"href":"https:\/\/www.europesays.com\/fr\/wp-json\/wp\/v2\/posts\/500410\/revisions"}],"wp:featuredmedia":[{"embeddable":true,"href":"https:\/\/www.europesays.com\/fr\/wp-json\/wp\/v2\/media\/500411"}],"wp:attachment":[{"href":"https:\/\/www.europesays.com\/fr\/wp-json\/wp\/v2\/media?parent=500410"}],"wp:term":[{"taxonomy":"category","embeddable":true,"href":"https:\/\/www.europesays.com\/fr\/wp-json\/wp\/v2\/categories?post=500410"},{"taxonomy":"post_tag","embeddable":true,"href":"https:\/\/www.europesays.com\/fr\/wp-json\/wp\/v2\/tags?post=500410"}],"curies":[{"name":"wp","href":"https:\/\/api.w.org\/{rel}","templated":true}]}}