{"id":500419,"date":"2025-10-30T17:19:11","date_gmt":"2025-10-30T17:19:11","guid":{"rendered":"https:\/\/www.europesays.com\/fr\/500419\/"},"modified":"2025-10-30T17:19:11","modified_gmt":"2025-10-30T17:19:11","slug":"un-rapport-revele-la-gestion-autoritaire-hierarchique-et-elitiste-de-la-redaction-nationale-liberation","status":"publish","type":"post","link":"https:\/\/www.europesays.com\/fr\/500419\/","title":{"rendered":"un rapport r\u00e9v\u00e8le la gestion \u00abautoritaire, hi\u00e9rarchique et \u00e9litiste\u00bb de la r\u00e9daction nationale \u2013 Lib\u00e9ration"},"content":{"rendered":"<p class=\"sc-cPiKLX AiZTS text-element\">Un malaise et des changements en vue \u00e0 la r\u00e9daction nationale de France T\u00e9l\u00e9visions ? Dans l\u2019\u00e9quipe d\u2019environ 420 journalistes, notamment charg\u00e9s d\u2019alimenter les vaisseaux amiraux du 13 heures et du 20 heures de France 2, <a href=\"https:\/\/www.liberation.fr\/ecrans\/2013\/12\/03\/france-2-france-3-le-premier-etage-de-la-fusion_963990\/\" target=\"_blank\" rel=\"noreferrer nofollow noopener\" title=\"https:\/\/www.liberation.fr\/ecrans\/2013\/12\/03\/france-2-france-3-le-premier-etage-de-la-fusion_963990\/\">la fusion entre France 2 et France 3,<\/a> achev\u00e9e en 2020, n\u2019a jamais \u00e9t\u00e9 enti\u00e8rement dig\u00e9r\u00e9e et ressurgit aujourd\u2019hui au grand jour. Un rapport d\u2019experts, pr\u00e9sent\u00e9 par le CSE du groupe public \u00e0 la direction la semaine derni\u00e8re, fait en effet \u00e9tat de multiples risques psychosociaux et d\u00e9crit une r\u00e9daction fractur\u00e9e, o\u00f9 beaucoup d\u2019anciens de France 3 se sentent rel\u00e9gu\u00e9s. <\/p>\n<p class=\"sc-cPiKLX AiZTS text-element\">Command\u00e9 \u00e0 la soci\u00e9t\u00e9 Cedaet, ce document consult\u00e9 par Lib\u00e9ration vient pour la premi\u00e8re fois objectiver une situation jusqu\u2019ici larv\u00e9e et informelle. Et si seulement 42 % des salari\u00e9s concern\u00e9s ont r\u00e9pondu au questionnaire du cabinet, ces r\u00e9ponses \u00ab\u00e9clairent une composante non n\u00e9gligeable des r\u00e9alit\u00e9s v\u00e9cues\u00bb, selon Cedaet.<\/p>\n<p class=\"sc-cPiKLX AiZTS text-element\">\u00abC\u2019est hyper-pr\u00e9cieux, estime Antoine Chuzeville, d\u00e9l\u00e9gu\u00e9 syndical du SNJ. \u00c7a vient examiner et traiter des choses qui ont toujours \u00e9t\u00e9 un peu dites mais jamais r\u00e9gl\u00e9es.\u00bb Pour comprendre, il faut remonter un peu dans le temps. Comme <a href=\"https:\/\/www.liberation.fr\/economie\/medias\/delphine-ernott&lt;\/p&gt;&lt;\/div&gt;&lt;\/article&gt;&lt;\/div&gt;&lt;div data-fusion-lazy-id=\" f0f8vgvlad832fw=\"\" rel=\"nofollow noopener\" target=\"_blank\"><\/p>\n","protected":false},"excerpt":{"rendered":"Un malaise et des changements en vue \u00e0 la r\u00e9daction nationale de France T\u00e9l\u00e9visions ? Dans l\u2019\u00e9quipe d\u2019environ&hellip;\n","protected":false},"author":2,"featured_media":500420,"comment_status":"","ping_status":"","sticky":false,"template":"","format":"standard","meta":{"footnotes":""},"categories":[4],"tags":[11,1011,27,2400,12,25],"class_list":{"0":"post-500419","1":"post","2":"type-post","3":"status-publish","4":"format-standard","5":"has-post-thumbnail","7":"category-france","8":"tag-actualites","9":"tag-fr","10":"tag-france","11":"tag-france-televisions","12":"tag-news","13":"tag-republique-francaise"},"share_on_mastodon":{"url":"https:\/\/pubeurope.com\/@fr\/115464265067740999","error":""},"_links":{"self":[{"href":"https:\/\/www.europesays.com\/fr\/wp-json\/wp\/v2\/posts\/500419","targetHints":{"allow":["GET"]}}],"collection":[{"href":"https:\/\/www.europesays.com\/fr\/wp-json\/wp\/v2\/posts"}],"about":[{"href":"https:\/\/www.europesays.com\/fr\/wp-json\/wp\/v2\/types\/post"}],"author":[{"embeddable":true,"href":"https:\/\/www.europesays.com\/fr\/wp-json\/wp\/v2\/users\/2"}],"replies":[{"embeddable":true,"href":"https:\/\/www.europesays.com\/fr\/wp-json\/wp\/v2\/comments?post=500419"}],"version-history":[{"count":0,"href":"https:\/\/www.europesays.com\/fr\/wp-json\/wp\/v2\/posts\/500419\/revisions"}],"wp:featuredmedia":[{"embeddable":true,"href":"https:\/\/www.europesays.com\/fr\/wp-json\/wp\/v2\/media\/500420"}],"wp:attachment":[{"href":"https:\/\/www.europesays.com\/fr\/wp-json\/wp\/v2\/media?parent=500419"}],"wp:term":[{"taxonomy":"category","embeddable":true,"href":"https:\/\/www.europesays.com\/fr\/wp-json\/wp\/v2\/categories?post=500419"},{"taxonomy":"post_tag","embeddable":true,"href":"https:\/\/www.europesays.com\/fr\/wp-json\/wp\/v2\/tags?post=500419"}],"curies":[{"name":"wp","href":"https:\/\/api.w.org\/{rel}","templated":true}]}}