{"id":500423,"date":"2025-10-30T17:21:11","date_gmt":"2025-10-30T17:21:11","guid":{"rendered":"https:\/\/www.europesays.com\/fr\/500423\/"},"modified":"2025-10-30T17:21:11","modified_gmt":"2025-10-30T17:21:11","slug":"narbonne-deux-clubs-une-seule-ferveur-le-racing-club-narbonnais-et-les-centurions-narbonne-sassocient-pour-proposer-des-tarifs-reduits-ce-samedi","status":"publish","type":"post","link":"https:\/\/www.europesays.com\/fr\/500423\/","title":{"rendered":"Narbonne\u00a0: \u00ab\u00a0Deux clubs, une seule ferveur\u00a0\u00bb, le Racing Club Narbonnais et les Centurions Narbonne s\u2019associent pour proposer des tarifs r\u00e9duits ce samedi"},"content":{"rendered":"<p>\n                                                                Samedi, les amateurs de sport \u00e0 Narbonne pourront encha\u00eener Narbonne-Albi au rugby (\u00e0 18\u00a0h\u00a030) et Narbonne-Nice, au volley (20\u00a0h\u00a030), le tout avec des tarifs r\u00e9duits et des horaires adapt\u00e9s.\n                            <\/p>\n<p>Aller voir le Racing inscrire des essais contre Albi dans un choc de Nationale, ou les Centurions monter au contre contre Nice. Le dilemme reprend pour les fans de sports \u00e0 Narbonne, depuis la reprise de la SpikeLigue, il y a dix jours. Pour faciliter les choses et permettre aux fans narbonnais des deux \u00e9quipes, d\u2019assister aux rencontres, samedi, le Racing Club Narbonnais et les Centurions Narbonne lancent une campagne commune\u00a0: \u00ab\u00a0Deux clubs, une seule ferveur\u00a0\u00bb. Le match de rugby, d\u2019ordinaire \u00e0 19h, a d\u2019ailleurs \u00e9t\u00e9 avanc\u00e9 \u00e0 18\u00a0h\u00a030.<\/p>\n<p>Objectif double victoire<\/p>\n<p>Les d\u00e9tenteurs d\u2019un billet pour Narbonne-Nice au volley (20\u00a0h\u00a030), b\u00e9n\u00e9ficieront d\u2019un tarif r\u00e9duit \u00e0 7\u20ac en tribune Clape pour le match du RCN, contre Albi, \u00e0 18\u00a0h\u00a030. \u00c0 l\u2019inverse, si vous avez assist\u00e9 \u00e0 la rencontre de rugby et souhaiter encha\u00eener avec le match de volley dans l\u2019Arena \u00e0 quelques centaines de m\u00e8tres du Parc des Sports et de l\u2019Amiti\u00e9, vous b\u00e9n\u00e9ficierez d\u2019un tarif r\u00e9duit de 9\u20ac, sur pr\u00e9sentation de votre place de rugby.<\/p>\n<p>L\u2019objectif est clair, garnir les trav\u00e9es des deux enceintes, pour poursuivre la bonne dynamique de deux d\u00e9buts de saison prometteurs.<\/p>\n","protected":false},"excerpt":{"rendered":"Samedi, les amateurs de sport \u00e0 Narbonne pourront encha\u00eener Narbonne-Albi au rugby (\u00e0 18\u00a0h\u00a030) et Narbonne-Nice, au volley&hellip;\n","protected":false},"author":2,"featured_media":500424,"comment_status":"","ping_status":"","sticky":false,"template":"","format":"standard","meta":{"footnotes":""},"categories":[1417],"tags":[1011,27,60,1470,1469],"class_list":{"0":"post-500423","1":"post","2":"type-post","3":"status-publish","4":"format-standard","5":"has-post-thumbnail","7":"category-volley","8":"tag-fr","9":"tag-france","10":"tag-sports","11":"tag-volley","12":"tag-volleyball"},"share_on_mastodon":{"url":"https:\/\/pubeurope.com\/@fr\/115464272908898585","error":""},"_links":{"self":[{"href":"https:\/\/www.europesays.com\/fr\/wp-json\/wp\/v2\/posts\/500423","targetHints":{"allow":["GET"]}}],"collection":[{"href":"https:\/\/www.europesays.com\/fr\/wp-json\/wp\/v2\/posts"}],"about":[{"href":"https:\/\/www.europesays.com\/fr\/wp-json\/wp\/v2\/types\/post"}],"author":[{"embeddable":true,"href":"https:\/\/www.europesays.com\/fr\/wp-json\/wp\/v2\/users\/2"}],"replies":[{"embeddable":true,"href":"https:\/\/www.europesays.com\/fr\/wp-json\/wp\/v2\/comments?post=500423"}],"version-history":[{"count":0,"href":"https:\/\/www.europesays.com\/fr\/wp-json\/wp\/v2\/posts\/500423\/revisions"}],"wp:featuredmedia":[{"embeddable":true,"href":"https:\/\/www.europesays.com\/fr\/wp-json\/wp\/v2\/media\/500424"}],"wp:attachment":[{"href":"https:\/\/www.europesays.com\/fr\/wp-json\/wp\/v2\/media?parent=500423"}],"wp:term":[{"taxonomy":"category","embeddable":true,"href":"https:\/\/www.europesays.com\/fr\/wp-json\/wp\/v2\/categories?post=500423"},{"taxonomy":"post_tag","embeddable":true,"href":"https:\/\/www.europesays.com\/fr\/wp-json\/wp\/v2\/tags?post=500423"}],"curies":[{"name":"wp","href":"https:\/\/api.w.org\/{rel}","templated":true}]}}