{"id":500426,"date":"2025-10-30T17:23:14","date_gmt":"2025-10-30T17:23:14","guid":{"rendered":"https:\/\/www.europesays.com\/fr\/500426\/"},"modified":"2025-10-30T17:23:14","modified_gmt":"2025-10-30T17:23:14","slug":"que-je-joue-ou-non-je-ferai-tout-mon-possible-pour-soutenir-lequipe-declare-moutet-sur-la-coupe-davis","status":"publish","type":"post","link":"https:\/\/www.europesays.com\/fr\/500426\/","title":{"rendered":"\u00ab Que je joue ou non, je ferai tout mon possible pour soutenir l\u2019\u00e9quipe \u00bb, d\u00e9clare Moutet sur la Coupe Davis"},"content":{"rendered":"<p>                <img decoding=\"async\" src=\"https:\/\/www.europesays.com\/fr\/wp-content\/uploads\/2025\/10\/Rtla.jpg\" fetchpriority=\"high\" alt=\"\u00ab Que je joue ou non, je ferai tout mon possible pour soutenir l\u2019\u00e9quipe \u00bb, d\u00e9clare Moutet sur la Coupe Davis\"\/><\/p>\n<p>Engag\u00e9e au Final 8 de la Coupe Davis o\u00f9 elle affrontera la Belgique, la France se d\u00e9placera avec Ugo Humbert, Arthur Rinderknech, Benjamin Bonzi et Pierre-Hugues Herbert.<\/p>\n<p>Alors que des doutes subsistent en raison de l\u2019\u00e9tat physique de Bonzi et Humbert, tous deux forfaits pour le Rolex Paris Masters et l\u2019ATP 250 de Metz, une place de 5e homme est \u00e9galement disponible.<\/p>\n<p>Non s\u00e9lectionn\u00e9, Corentin Moutet peut cependant toujours esp\u00e9rer une place dans cette \u00e9quipe. Interrog\u00e9 \u00e0 ce sujet en conf\u00e9rence de presse apr\u00e8s sa d\u00e9faite contre Alexander Bublik \u00e0 Paris, il a r\u00e9pondu.<\/p>\n<p>\u00ab J&rsquo;ai essay\u00e9 de me concentrer sur ce qui est sous mon contr\u00f4le. Je me r\u00e9p\u00e8te \u00e0 chaque interview. Si je suis s\u00e9lectionn\u00e9, j&rsquo;irai tr\u00e8s volontiers d\u00e9fendre les couleurs de la France, comme je l&rsquo;ai fait la derni\u00e8re fois.<\/p>\n<p>C&rsquo;est tout. Je ne sais pas quoi vous dire d&rsquo;autre. Pour l&rsquo;instant, je ne fais pas partie de l&rsquo;\u00e9quipe. D&rsquo;autres tr\u00e8s bons joueurs m\u00e9ritent leur place. Si je suis l\u00e0, que je joue ou non, je ferai tout mon possible pour soutenir l&rsquo;\u00e9quipe. Et si je suis devant ma t\u00e9l\u00e9vision, je les soutiendrai aussi. \u00bb<\/p>\n","protected":false},"excerpt":{"rendered":"Engag\u00e9e au Final 8 de la Coupe Davis o\u00f9 elle affrontera la Belgique, la France se d\u00e9placera avec&hellip;\n","protected":false},"author":2,"featured_media":500427,"comment_status":"","ping_status":"","sticky":false,"template":"","format":"standard","meta":{"footnotes":""},"categories":[1415],"tags":[1011,27,60,1467],"class_list":{"0":"post-500426","1":"post","2":"type-post","3":"status-publish","4":"format-standard","5":"has-post-thumbnail","7":"category-tennis","8":"tag-fr","9":"tag-france","10":"tag-sports","11":"tag-tennis"},"share_on_mastodon":{"url":"https:\/\/pubeurope.com\/@fr\/115464281320767760","error":""},"_links":{"self":[{"href":"https:\/\/www.europesays.com\/fr\/wp-json\/wp\/v2\/posts\/500426","targetHints":{"allow":["GET"]}}],"collection":[{"href":"https:\/\/www.europesays.com\/fr\/wp-json\/wp\/v2\/posts"}],"about":[{"href":"https:\/\/www.europesays.com\/fr\/wp-json\/wp\/v2\/types\/post"}],"author":[{"embeddable":true,"href":"https:\/\/www.europesays.com\/fr\/wp-json\/wp\/v2\/users\/2"}],"replies":[{"embeddable":true,"href":"https:\/\/www.europesays.com\/fr\/wp-json\/wp\/v2\/comments?post=500426"}],"version-history":[{"count":0,"href":"https:\/\/www.europesays.com\/fr\/wp-json\/wp\/v2\/posts\/500426\/revisions"}],"wp:featuredmedia":[{"embeddable":true,"href":"https:\/\/www.europesays.com\/fr\/wp-json\/wp\/v2\/media\/500427"}],"wp:attachment":[{"href":"https:\/\/www.europesays.com\/fr\/wp-json\/wp\/v2\/media?parent=500426"}],"wp:term":[{"taxonomy":"category","embeddable":true,"href":"https:\/\/www.europesays.com\/fr\/wp-json\/wp\/v2\/categories?post=500426"},{"taxonomy":"post_tag","embeddable":true,"href":"https:\/\/www.europesays.com\/fr\/wp-json\/wp\/v2\/tags?post=500426"}],"curies":[{"name":"wp","href":"https:\/\/api.w.org\/{rel}","templated":true}]}}