{"id":500444,"date":"2025-10-30T17:37:11","date_gmt":"2025-10-30T17:37:11","guid":{"rendered":"https:\/\/www.europesays.com\/fr\/500444\/"},"modified":"2025-10-30T17:37:11","modified_gmt":"2025-10-30T17:37:11","slug":"pourquoi-les-fans-de-la-chanteuse-crient-au-scandale-en-reservant-leurs-places-de-concert","status":"publish","type":"post","link":"https:\/\/www.europesays.com\/fr\/500444\/","title":{"rendered":"Pourquoi les fans de la chanteuse crient au scandale en r\u00e9servant leurs places de concert"},"content":{"rendered":"<p>Apr\u00e8s avoir hurl\u00e9 de joie, les admirateurs d\u2019<a href=\"https:\/\/www.20minutes.fr\/arts-stars\/culture\/aya-nakamura\/\" class=\"c-link c-link--is-underlined\" rel=\"nofollow noopener\" target=\"_blank\">Aya Nakamura<\/a> d\u00e9chantent\u00a0: les promoteurs de la <a href=\"https:\/\/www.20minutes.fr\/dossier\/chanteuse\" class=\"c-link c-link--is-underlined\" rel=\"nofollow noopener\" target=\"_blank\">chanteuse <\/a>conditionneraient en effet la r\u00e9servation d\u2019un billet pour<a href=\"https:\/\/www.20minutes.fr\/arts-stars\/culture\/musique\/4182131-20251028-aya-nakamura-annonce-assurera-deuxieme-date-stade-france-mai-2026\" class=\"c-link c-link--is-underlined\" rel=\"nofollow noopener\" target=\"_blank\"> l\u2019un de ses trois concerts<\/a> (les 29, 30 et 31\u00a0mai 2026) au <a href=\"https:\/\/www.20minutes.fr\/sport\/stade_de_france\/\" class=\"c-link c-link--is-underlined\" rel=\"nofollow noopener\" target=\"_blank\">Stade de France<\/a> \u00e0 un achat suppl\u00e9mentaire, <a href=\"https:\/\/www.midilibre.fr\/2025\/10\/29\/aya-nakamura-au-stade-de-france-cette-condition-dacces-aux-preventes-faire-hurler-les-fans-13021974.php\" rel=\"nofollow noopener\" target=\"_blank\" class=\"c-link c-link--is-underlined\">rapporte le Midi Libre<\/a>.<\/p>\n<\/p>\n<p>Si la <a href=\"https:\/\/www.20minutes.fr\/dossier\/billetterie\" class=\"c-link c-link--is-underlined\" rel=\"nofollow noopener\" target=\"_blank\">billetterie<\/a> n\u2019ouvrira officiellement que le vendredi 31\u00a0octobre 2025 \u00e0 midi, une pr\u00e9vente sur inscription \u00e9tait possible d\u00e8s mercredi 29\u00a0octobre. Les plus ardents des fans de la star se sont donc ru\u00e9s sur l\u2019occasion, cr\u00e9ant une \u00e9norme file d\u2019attente (virtuelle)\u2026<\/p>\n<p class=\"mb-xxl@xs color-ultramarine font-weight-semi-bold@xs font-source-serif-pro heading-s@xs\">L\u2019acc\u00e8s \u00e0 ce contenu a \u00e9t\u00e9 bloqu\u00e9 afin de respecter votre choix de consentement<\/p>\n<p class=\"mb-m@xs text-l@xs\">En cliquant sur\u00ab J\u2019accepte \u00bb, vous acceptez le d\u00e9p\u00f4t de cookies par des services externes et aurez ainsi acc\u00e8s aux contenus de nos partenaires.<\/p>\n<p class=\"mb-xl@xs text-s@xs\">Plus d\u2019informations sur la page<a href=\"https:\/\/www.20minutes.fr\/gestion-cookies\" class=\"mx-xxs@xs color-ultramarine\" rel=\"nofollow noopener\" target=\"_blank\">Politique de gestion des cookies<\/a><\/p>\n<p>J\u2019accepte<\/p>\n<p>Mais nombre d\u2019entre eux ont eu la d\u00e9sagr\u00e9able surprise, une fois leur tour arriv\u00e9, de constater qu\u2019il fallait obligatoirement commander <a href=\"https:\/\/www.20minutes.fr\/arts-stars\/culture\/4181429-20251024-aya-nakamura-annonce-sortie-prochain-album-destinee-concert-stade-france-2026\" class=\"c-link c-link--is-underlined\" rel=\"nofollow noopener\" target=\"_blank\">Destin\u00e9e, le nouvel album<\/a> de la star de 30 ans (qui sort le 21\u00a0novembre 2025) pour acc\u00e9der \u00e0 la plateforme d\u2019achat\u00a0!<\/p>\n<p>Des fans indign\u00e9s<\/p>\n<p>Les r\u00e9actions ont aussit\u00f4t pullul\u00e9 sur les <a href=\"https:\/\/www.20minutes.fr\/dossier\/reseaux_sociaux\" class=\"c-link c-link--is-underlined\" rel=\"nofollow noopener\" target=\"_blank\">r\u00e9seaux sociaux<\/a>. Le Midi Libre en cite plusieurs\u00a0: \u00ab\u00a0Le guet-apens de l\u2019album \u00e0 acheter obligatoirement si tu veux avoir ta place\u00a0? Dans la France de <a href=\"https:\/\/www.20minutes.fr\/politique\/emmanuel-macron\/\" class=\"c-link c-link--is-underlined\" rel=\"nofollow noopener\" target=\"_blank\">Macron<\/a>, elle est s\u00e9rieuse\u00a0?\u00a0\u00bb, s\u2019indigne l\u2019un\u00a0; \u00ab\u00a0Dinguerie\u00a0\u00bb, \u00ab\u00a0c\u2019est path\u00e9tique\u00a0\u00bb, r\u00e2lent d\u2019autres, tandis qu\u2019un internaute s\u2019emporte d\u2019un \u00ab\u00a0Aya, tu as du sang sur les mains\u00a0\u00bb.<\/p>\n<p><a href=\"https:\/\/www.20minutes.fr\/arts-stars\/culture\/aya-nakamura\/\" class=\"c-link c-btn c-btn--primary\" rel=\"nofollow noopener\" target=\"_blank\">Notre dossier \u00ab Aya Nakamura \u00bb<\/a><\/p>\n<p>Si cette condition s\u2019apparente \u00e0 de la <a href=\"https:\/\/www.20minutes.fr\/economie\/2632835-20191021-pratiques-de-vente-de-l-interdiction-a-l-encadrement\" class=\"c-link c-link--is-underlined\" rel=\"nofollow noopener\" target=\"_blank\">vente forc\u00e9e<\/a>, ill\u00e9gale en vertu de l\u2019<a href=\"https:\/\/www.legifrance.gouv.fr\/codes\/article_lc\/LEGIARTI000051830271\" rel=\"nofollow noopener\" target=\"_blank\" class=\"c-link c-link--is-underlined\">article L121-11 du Code de la consommation<\/a>, la pratique ne tombe cependant pas sous le coup de la loi car elle n\u2019est pas l\u2019unique moyen de commander une place\u00a0: une autre pr\u00e9vente a actuellement lieu sur le site de <a href=\"https:\/\/www.20minutes.fr\/culture\/2107487-20170721-festival-faut-detester-live-nation-lollapalooza\" class=\"c-link c-link--is-underlined\" rel=\"nofollow noopener\" target=\"_blank\">Live Nation<\/a> et la mise en vente g\u00e9n\u00e9rale se tiendra le 31\u00a0octobre d\u00e8s midi\u2026 toutes deux sans contrainte d\u2019achat.<\/p>\n","protected":false},"excerpt":{"rendered":"Apr\u00e8s avoir hurl\u00e9 de joie, les admirateurs d\u2019Aya Nakamura d\u00e9chantent\u00a0: les promoteurs de la chanteuse conditionneraient en effet&hellip;\n","protected":false},"author":2,"featured_media":500445,"comment_status":"","ping_status":"","sticky":false,"template":"","format":"standard","meta":{"footnotes":""},"categories":[8],"tags":[1692,11774,13940,1695,5551,2704,1697,251,58,59,1011,27,14478,4441,133],"class_list":{"0":"post-500444","1":"post","2":"type-post","3":"status-publish","4":"format-standard","5":"has-post-thumbnail","7":"category-divertissement","8":"tag-album","9":"tag-aya-nakamura","10":"tag-billetterie","11":"tag-chanson","12":"tag-chanson-francaise","13":"tag-chanteuse","14":"tag-concert","15":"tag-culture","16":"tag-divertissement","17":"tag-entertainment","18":"tag-fr","19":"tag-france","20":"tag-stade-de-france","21":"tag-tournee","22":"tag-video"},"share_on_mastodon":{"url":"https:\/\/pubeurope.com\/@fr\/115464335859615849","error":""},"_links":{"self":[{"href":"https:\/\/www.europesays.com\/fr\/wp-json\/wp\/v2\/posts\/500444","targetHints":{"allow":["GET"]}}],"collection":[{"href":"https:\/\/www.europesays.com\/fr\/wp-json\/wp\/v2\/posts"}],"about":[{"href":"https:\/\/www.europesays.com\/fr\/wp-json\/wp\/v2\/types\/post"}],"author":[{"embeddable":true,"href":"https:\/\/www.europesays.com\/fr\/wp-json\/wp\/v2\/users\/2"}],"replies":[{"embeddable":true,"href":"https:\/\/www.europesays.com\/fr\/wp-json\/wp\/v2\/comments?post=500444"}],"version-history":[{"count":0,"href":"https:\/\/www.europesays.com\/fr\/wp-json\/wp\/v2\/posts\/500444\/revisions"}],"wp:featuredmedia":[{"embeddable":true,"href":"https:\/\/www.europesays.com\/fr\/wp-json\/wp\/v2\/media\/500445"}],"wp:attachment":[{"href":"https:\/\/www.europesays.com\/fr\/wp-json\/wp\/v2\/media?parent=500444"}],"wp:term":[{"taxonomy":"category","embeddable":true,"href":"https:\/\/www.europesays.com\/fr\/wp-json\/wp\/v2\/categories?post=500444"},{"taxonomy":"post_tag","embeddable":true,"href":"https:\/\/www.europesays.com\/fr\/wp-json\/wp\/v2\/tags?post=500444"}],"curies":[{"name":"wp","href":"https:\/\/api.w.org\/{rel}","templated":true}]}}