{"id":500446,"date":"2025-10-30T17:38:12","date_gmt":"2025-10-30T17:38:12","guid":{"rendered":"https:\/\/www.europesays.com\/fr\/500446\/"},"modified":"2025-10-30T17:38:12","modified_gmt":"2025-10-30T17:38:12","slug":"windows-11-comment-activer-le-nouveau-menu-demarrer-frandroid","status":"publish","type":"post","link":"https:\/\/www.europesays.com\/fr\/500446\/","title":{"rendered":"Windows 11 : comment activer le nouveau menu D\u00e9marrer &#8211; Frandroid"},"content":{"rendered":"<ol>\n<li><a href=\"https:\/\/news.google.com\/rss\/articles\/CBMiqgFBVV95cUxOb1c4VG9ZcnQ5eWZsNF9abkQyT1ZRVjNheEpaSjdQcHdrR0MxTC0tWHc4bHFuMGVTS2VFOEhZelI3bEFSQU1Xa2pGLXk2SHBYRG1JS2hwTFl1UVl2bFFxaDFDemlOSGpoZ3ZDX0MwekhCQUJ6b0lwQ0xRV21PaDFrWkdBaWwzaVp3WjJyT3J6bVZiYUR5R0ZZUFhOclJ5ejhBUUZiVUdIVmhzdw?oc=5\" target=\"_blank\" rel=\"noopener\">Windows 11 : comment activer le nouveau menu D\u00e9marrer<\/a>&nbsp;&nbsp;Frandroid<\/li>\n<li><a href=\"https:\/\/news.google.com\/rss\/articles\/CBMiuwFBVV95cUxPWUVFcU9TVTJubEZrZzhWT3RaUDlMamdyYzdKa08yQmtFbDdfRlQxNmxKYTVUMndqSDdtTU4xRC1acGFYZXVGTGhSTEYxRC1CS1JIVEdVNHlSa3VyZVh1VzhEU2FYX0hVc3VBbXU4cjYycnNEYktEa1pNcWNTSXdoZVd4WjItajdtZG5FcFlaTXh0bGZPNGNTTXJBbjNGT2pLbUpNdDMxRERMRzlZNFJidklTbkRnLTBmZVEw?oc=5\" target=\"_blank\" rel=\"noopener\">Windows 11 24H2 et 25H2 : Microsoft d\u00e9ploie enfin le nouveau menu D\u00e9marrer<\/a>&nbsp;&nbsp;Les Num\u00e9riques<\/li>\n<li><a href=\"https:\/\/news.google.com\/rss\/articles\/CBMingFBVV95cUxNanp0X1NvUlFkZTFRQ1dHUzBFSVZScVFMdlhRM0lCOHZmU3pFQVhRVWhDRVQ3Vk9BS1RXLTF4Y1g0X1AtSHRxcVRBRFlJMTNHdG1VS3NFNlU4bE01dFotemFXSWp6cGRwSjBYRWoxVEtEZnN0bjhDMEUwNm5Uam9Jem9ZVGYxV2h0WVZmbk1kWHpKZV9LNTFhbGhNUWlzQQ?oc=5\" target=\"_blank\" rel=\"noopener\">Windows 11 : comment forcer l\u2019activation du nouveau menu D\u00e9marrer<\/a>&nbsp;&nbsp;01net.com<\/li>\n<li><a href=\"https:\/\/news.google.com\/rss\/articles\/CBMijwJBVV95cUxOYmVOSTZjUEtBSUJqQTFqVm9IbzFCNTNLRzg5NUlrVTRsRVVvZ2xaajF3dXFxVjQtRy1rVFNCbmJ2bzhKTjVfM081dTA0a3N2N2pfVGhhUlZ5T3lzYS1IVEFzNGpRYW9LSDcyQlQyZ2EyUldSMWdsUHNBU1o5eUVLY2hnc003WDdmMGNMdUhxREhHeWVMeXN4VURvdXNUMG54b3BPb1E3UUdZUENPX1ZYNGdCWU42ODhaUzN2UGxxcDdIbVYwbjJtUk9Od19pS1NtMHBKUjNJdHhjSS16TmpqZXpCQ0kyWGRzUDBzUGUxVDhUbTBRYkV1SE9SbUFXVlBXTTk1RXA4QWdOOHZhVmJZ?oc=5\" target=\"_blank\" rel=\"noopener\">Windows 11 &#8211; des nouveaut\u00e9s comme le nouveau menu D\u00e9marrer et la batterie pour les PC portables avec la derni\u00e8re mise \u00e0 jour\u2026 mais aussi des bugs<\/a>&nbsp;&nbsp;LaptopSpirit<\/li>\n<li><a href=\"https:\/\/news.google.com\/rss\/articles\/CBMisAFBVV95cUxPS0pFaEZHT1pWNG1QZXlYdllGTWNGUlBIZlFUNE81eHhXX3VqazRaYzUyNWVLd0ZMNWJ5UExJX1g1b0ExcFQwZWhTaUlvUEJYWTZ3UGZIdThiYzlncGZ5cUxiMEVtTlRUWXdrallTcFBhbmtmZngtRjJXVEZ3MEhOQV8yczlYMlVZVXdWYklrczlTX3V3WHBNZGJxQUMwU0QxSmRMOFZlZE16YWd1SFJvWA?oc=5\" target=\"_blank\" rel=\"noopener\">Le menu que vous voyez le plus sur Windows 11 \u00e9volue d\u00e8s aujourd\u2019hui<\/a>&nbsp;&nbsp;JeuxVideo.com<\/li>\n<\/ol>\n","protected":false},"excerpt":{"rendered":"Windows 11 : comment activer le nouveau menu D\u00e9marrer&nbsp;&nbsp;Frandroid Windows 11 24H2 et 25H2 : Microsoft d\u00e9ploie enfin&hellip;\n","protected":false},"author":2,"featured_media":500447,"comment_status":"","ping_status":"","sticky":false,"template":"","format":"standard","meta":{"footnotes":""},"categories":[7],"tags":[1011,27,43,40,41,39,42,44,7474,11430,49546],"class_list":{"0":"post-500446","1":"post","2":"type-post","3":"status-publish","4":"format-standard","5":"has-post-thumbnail","7":"category-sciences-et-technologies","8":"tag-fr","9":"tag-france","10":"tag-science","11":"tag-science-and-technology","12":"tag-sciences","13":"tag-sciences-et-technologies","14":"tag-technologies","15":"tag-technology","16":"tag-windows-11","17":"tag-windows-11-24h2","18":"tag-windows-11-25h2"},"share_on_mastodon":{"url":"https:\/\/pubeurope.com\/@fr\/115464340151877199","error":""},"_links":{"self":[{"href":"https:\/\/www.europesays.com\/fr\/wp-json\/wp\/v2\/posts\/500446","targetHints":{"allow":["GET"]}}],"collection":[{"href":"https:\/\/www.europesays.com\/fr\/wp-json\/wp\/v2\/posts"}],"about":[{"href":"https:\/\/www.europesays.com\/fr\/wp-json\/wp\/v2\/types\/post"}],"author":[{"embeddable":true,"href":"https:\/\/www.europesays.com\/fr\/wp-json\/wp\/v2\/users\/2"}],"replies":[{"embeddable":true,"href":"https:\/\/www.europesays.com\/fr\/wp-json\/wp\/v2\/comments?post=500446"}],"version-history":[{"count":0,"href":"https:\/\/www.europesays.com\/fr\/wp-json\/wp\/v2\/posts\/500446\/revisions"}],"wp:featuredmedia":[{"embeddable":true,"href":"https:\/\/www.europesays.com\/fr\/wp-json\/wp\/v2\/media\/500447"}],"wp:attachment":[{"href":"https:\/\/www.europesays.com\/fr\/wp-json\/wp\/v2\/media?parent=500446"}],"wp:term":[{"taxonomy":"category","embeddable":true,"href":"https:\/\/www.europesays.com\/fr\/wp-json\/wp\/v2\/categories?post=500446"},{"taxonomy":"post_tag","embeddable":true,"href":"https:\/\/www.europesays.com\/fr\/wp-json\/wp\/v2\/tags?post=500446"}],"curies":[{"name":"wp","href":"https:\/\/api.w.org\/{rel}","templated":true}]}}