{"id":500453,"date":"2025-10-30T17:42:14","date_gmt":"2025-10-30T17:42:14","guid":{"rendered":"https:\/\/www.europesays.com\/fr\/500453\/"},"modified":"2025-10-30T17:42:14","modified_gmt":"2025-10-30T17:42:14","slug":"comment-le-rn-a-obtenu-ladoption-du-premier-texte-de-son-histoire","status":"publish","type":"post","link":"https:\/\/www.europesays.com\/fr\/500453\/","title":{"rendered":"Comment le RN a obtenu l\u2019adoption du premier texte de son histoire ?"},"content":{"rendered":"<p>Un cap historique pour l\u2019extr\u00eame droite \u00e0 l\u2019<a href=\"https:\/\/www.20minutes.fr\/dossier\/assemblee_nationale\" class=\"c-link c-link--is-underlined\" rel=\"nofollow noopener\" target=\"_blank\">Assembl\u00e9e nationale<\/a>. Les d\u00e9put\u00e9s ont adopt\u00e9 ce jeudi une proposition de r\u00e9solution du <a href=\"https:\/\/www.20minutes.fr\/politique\/rassemblement-national\/\" class=\"c-link c-link--is-underlined\" rel=\"nofollow noopener\" target=\"_blank\">Rassemblement national<\/a> visant \u00e0 \u00ab\u00a0d\u00e9noncer\u00a0\u00bb l\u2019accord franco-alg\u00e9rien de\u00a01968. Une victoire; la premi\u00e8re de l&rsquo;histoire du RN, obtenue \u00e0 une voix pr\u00e8s avec l\u2019appui des groupes <a href=\"https:\/\/www.20minutes.fr\/politique\/lr\/\" class=\"c-link c-link--is-underlined\" rel=\"nofollow noopener\" target=\"_blank\">LR<\/a> et <a href=\"https:\/\/www.20minutes.fr\/horizons\/\" class=\"c-link c-link--is-underlined\" rel=\"nofollow noopener\" target=\"_blank\">Horizons<\/a>.<\/p>\n<p>Le pi\u00e8ge a fonctionn\u00e9, jusqu\u2019\u00e0 semer le trouble jusque dans les rangs macronistes. Ma\u00eetre de l\u2019ordre du jour dans l\u2019h\u00e9micycle toute la journ\u00e9e, dans le cadre de sa \u00ab\u00a0niche\u00a0\u00bb parlementaire, le RN a engrang\u00e9 une victoire in\u00e9dite d\u00e8s son premier texte. Et sur un sujet hautement symbolique\u00a0: la d\u00e9nonciation de la convention de\u00a01968, qui offre aux Alg\u00e9riens des clauses sp\u00e9cifiques en mati\u00e8re d&rsquo;immigration et de s\u00e9jour en France.<\/p>\n<p>Union des droites<\/p>\n<p>Un scrutin emport\u00e9 de justesse, donc, par 185 voix contre 184, avec la totalit\u00e9 des troupes de <a href=\"https:\/\/www.20minutes.fr\/politique\/marine-le-pen\/\" class=\"c-link c-link--is-underlined\" rel=\"nofollow noopener\" target=\"_blank\">Marine Le Pen<\/a> et de son alli\u00e9 UDR <a href=\"https:\/\/www.20minutes.fr\/dossier\/eric_ciotti\" class=\"c-link c-link--is-underlined\" rel=\"nofollow noopener\" target=\"_blank\">\u00c9ric Ciotti<\/a>, mais aussi de la moiti\u00e9 des groupes LR et Horizons. \u00ab\u00a0Quand le RN porte des projets ou des convictions que nous partageons, il n\u2019y a aucune raison [\u2026] de ne pas voter ce que nous voulons pour notre pays\u00a0\u00bb, a justifi\u00e9 le chef des \u00e9lus de droite, Laurent Wauquiez, rappelant que sa formation avait \u00ab\u00a0port\u00e9\u00a0\u00bb la m\u00eame r\u00e9solution il y a deux ans.<\/p>\n<\/p>\n<p>Du c\u00f4t\u00e9 du parti d\u2019<a href=\"https:\/\/www.20minutes.fr\/politique\/edouard-philippe\/\" class=\"c-link c-link--is-underlined\" rel=\"nofollow noopener\" target=\"_blank\">\u00c9douard Philippe<\/a> \u00e9galement, \u00ab\u00a0nous demandons cette d\u00e9nonciation\u00a0\u00bb, a soulign\u00e9 le d\u00e9put\u00e9 Sylvain Berrios, soutenant un texte pr\u00e9sent\u00e9 comme \u00ab\u00a0un mandat donn\u00e9 au gouvernement pour qu\u2019il fasse son travail\u00a0\u00bb. L\u2019ex\u00e9cutif entend pourtant \u00ab\u00a0privil\u00e9gier la voie de la ren\u00e9gociation dans le cadre d\u2019un dialogue exigeant avec l\u2019Alg\u00e9rie\u00a0\u00bb, a expliqu\u00e9 le ministre des Relations avec le Parlement, Laurent Panifous, assurant que Paris n\u2019aurait \u00ab\u00a0rien \u00e0 gagner \u00e0 une aggravation de la crise\u00a0\u00bb d\u00e9j\u00e0 pr\u00e9gnante avec Alger.<\/p>\n<p>Mais d\u00e9sormais, \u00ab\u00a0il faut que le gouvernement tienne compte du vote de l\u2019Assembl\u00e9e nationale\u00a0\u00bb, a appuy\u00e9 une Marine Le Pen triomphante, se f\u00e9licitant d\u2019une \u00ab\u00a0journ\u00e9e que l\u2019on peut qualifier d\u2019historique\u00a0\u00bb pour son parti, dont les initiatives ont toujours fait l\u2019objet d\u2019une opposition de principe au Palais Bourbon.<\/p>\n<p>Malaise autour de l\u2019absence d\u2019une partie de Renaissance<\/p>\n<p>Un barrage qu\u2019a de nouveau tent\u00e9 d\u2019\u00e9riger la gauche, en d\u00e9non\u00e7ant \u00e0 l\u2019instar de l\u2019Insoumis Bastien Lachaud les \u00ab\u00a0lubies racistes\u00a0\u00bb et \u00ab\u00a0l\u2019obsession morbide\u00a0\u00bb d\u2019un RN qui \u00ab\u00a0rejoue \u00e0 l\u2019infini la guerre d\u2019Alg\u00e9rie\u00a0\u00bb. \u00ab\u00a0Votre histoire, c\u2019est celle d\u2019un parti qui ne prosp\u00e8re que sur la haine de l\u2019autre, a rench\u00e9ri le socialiste Laurent Lhardit. Hier les juifs, aujourd\u2019hui les Arabes, et demain \u00e0 qui le tour\u00a0?\u00a0\u00bb L\u2019\u00e9cologiste Sabrina Sebaihi &#8211; elle-m\u00eame franco-alg\u00e9rienne &#8211; a accus\u00e9 \u00ab\u00a0le RN et ses alli\u00e9s (d\u2019\u00eatre) la derni\u00e8re survivance politique de la haine coloniale\u00a0\u00bb. Mais les quatre groupes de gauche (avec les communistes) n\u2019ont pas fait le plein, avec 143 voix contre le texte sur un total de 195.<\/p>\n<p>Les critiques se sont toutefois concentr\u00e9es sur <a href=\"https:\/\/www.20minutes.fr\/politique\/gabriel-attal\/\" class=\"c-link c-link--is-underlined\" rel=\"nofollow noopener\" target=\"_blank\">Gabriel Attal<\/a> et son groupe Ensemble pour le R\u00e9publique, dont seulement 40 d\u00e9put\u00e9s (sur 92) \u00e9taient pr\u00e9sents, parmi lesquels 30 ont vot\u00e9 contre le texte. Le leader du parti <a href=\"https:\/\/www.20minutes.fr\/politique\/renaissance\/\" class=\"c-link c-link--is-underlined\" rel=\"nofollow noopener\" target=\"_blank\">Renaissance<\/a>, qui avait lui-m\u00eame appel\u00e9 \u00e0 d\u00e9noncer l\u2019accord de\u00a01968, \u00e9tait d\u2019ailleurs absent lors du d\u00e9bat et du vote. \u00ab\u00a0Ils \u00e9taient o\u00f9 les macronistes\u00a0?\u00a0\u00bb a r\u00e9agi le patron du <a href=\"https:\/\/www.20minutes.fr\/politique\/ps\/\" class=\"c-link c-link--is-underlined\" rel=\"nofollow noopener\" target=\"_blank\">PS<\/a> <a href=\"https:\/\/www.20minutes.fr\/politique\/olivier-faure\/\" class=\"c-link c-link--is-underlined\" rel=\"nofollow noopener\" target=\"_blank\">Olivier Faure<\/a>. \u00ab\u00a0Cette voix qui nous a manqu\u00e9 pour faire face au RN, c\u2019est celle de Gabriel Attal\u00a0\u00bb, a m\u00eame affirm\u00e9 la cheffe du groupe \u00e9cologiste Cyrielle Chatelain.<\/p>\n<p>Dans la foul\u00e9e de ce coup de th\u00e9\u00e2tre, le RN esp\u00e8re d\u00e9crocher une deuxi\u00e8me victoire sur sa proposition de loi pour r\u00e9tablir le d\u00e9lit de s\u00e9jour irr\u00e9gulier, id\u00e9e \u00e9galement \u00ab\u00a0majoritaire au sein de l\u2019Assembl\u00e9e\u00a0\u00bb, selon Marine Le Pen. Si le temps le permet, le RN tendra d\u2019autres pi\u00e8ges \u00e0 la gauche, avec un texte pour \u00ab\u00a0limiter les frais bancaires\u00a0\u00bb, inspir\u00e9 d\u2019une initiative communiste, et un autre pour la \u00ab\u00a0gratuit\u00e9 des parkings d\u2019h\u00f4pitaux\u00a0\u00bb r\u00e9clam\u00e9e aussi par <a href=\"https:\/\/www.20minutes.fr\/politique\/france-insoumise\/\" class=\"c-link c-link--is-underlined\" rel=\"nofollow noopener\" target=\"_blank\">LFI<\/a>. Preuve de l\u2019embarras suscit\u00e9, le d\u00e9put\u00e9 LFI \u00c9ric Coquerel explique que son groupe a pour \u00ab\u00a0r\u00e8gle de ne jamais voter un texte du RN\u00a0\u00bb mais pourrait d\u00e9cider \u00ab\u00a0de ne pas participer au vote\u00a0\u00bb.<\/p>\n","protected":false},"excerpt":{"rendered":"Un cap historique pour l\u2019extr\u00eame droite \u00e0 l\u2019Assembl\u00e9e nationale. Les d\u00e9put\u00e9s ont adopt\u00e9 ce jeudi une proposition de&hellip;\n","protected":false},"author":2,"featured_media":500454,"comment_status":"","ping_status":"","sticky":false,"template":"","format":"standard","meta":{"footnotes":""},"categories":[2],"tags":[47,11,15,6592,1076,1011,27,3540,430,12,316,2556],"class_list":{"0":"post-500453","1":"post","2":"type-post","3":"status-publish","4":"format-standard","5":"has-post-thumbnail","7":"category-actualites","8":"tag-actualite","9":"tag-actualites","10":"tag-algerie","11":"tag-droite","12":"tag-extreme-droite","13":"tag-fr","14":"tag-france","15":"tag-horizons","16":"tag-marine-le-pen","17":"tag-news","18":"tag-politique","19":"tag-rassemblement-national-rn"},"share_on_mastodon":{"url":"https:\/\/pubeurope.com\/@fr\/115464355596565832","error":""},"_links":{"self":[{"href":"https:\/\/www.europesays.com\/fr\/wp-json\/wp\/v2\/posts\/500453","targetHints":{"allow":["GET"]}}],"collection":[{"href":"https:\/\/www.europesays.com\/fr\/wp-json\/wp\/v2\/posts"}],"about":[{"href":"https:\/\/www.europesays.com\/fr\/wp-json\/wp\/v2\/types\/post"}],"author":[{"embeddable":true,"href":"https:\/\/www.europesays.com\/fr\/wp-json\/wp\/v2\/users\/2"}],"replies":[{"embeddable":true,"href":"https:\/\/www.europesays.com\/fr\/wp-json\/wp\/v2\/comments?post=500453"}],"version-history":[{"count":0,"href":"https:\/\/www.europesays.com\/fr\/wp-json\/wp\/v2\/posts\/500453\/revisions"}],"wp:featuredmedia":[{"embeddable":true,"href":"https:\/\/www.europesays.com\/fr\/wp-json\/wp\/v2\/media\/500454"}],"wp:attachment":[{"href":"https:\/\/www.europesays.com\/fr\/wp-json\/wp\/v2\/media?parent=500453"}],"wp:term":[{"taxonomy":"category","embeddable":true,"href":"https:\/\/www.europesays.com\/fr\/wp-json\/wp\/v2\/categories?post=500453"},{"taxonomy":"post_tag","embeddable":true,"href":"https:\/\/www.europesays.com\/fr\/wp-json\/wp\/v2\/tags?post=500453"}],"curies":[{"name":"wp","href":"https:\/\/api.w.org\/{rel}","templated":true}]}}