{"id":500459,"date":"2025-10-30T17:45:19","date_gmt":"2025-10-30T17:45:19","guid":{"rendered":"https:\/\/www.europesays.com\/fr\/500459\/"},"modified":"2025-10-30T17:45:19","modified_gmt":"2025-10-30T17:45:19","slug":"malzeville-le-petit-dej-de-la-trisomie-21-ce-sera-le-16-au-matin","status":"publish","type":"post","link":"https:\/\/www.europesays.com\/fr\/500459\/","title":{"rendered":"Malz\u00e9ville. Le petit-d\u00e9j\u2019\u00a0de la trisomie 21 ce sera le 16 au matin"},"content":{"rendered":"<p>Cette semaine, sur le march\u00e9, comme depuis plusieurs ann\u00e9es, Nelly, L\u00e9on Edel et des b\u00e9n\u00e9voles de l\u2019association d\u00e9partementale Trisomie 21 donnaient aux Malz\u00e9villois un rendez-vous convivial et solidaire le dimanche 16\u00a0novembre au matin pour la distribution des fameux \u00ab\u00a0petits-d\u00e9jeuners solidaires\u00a0\u00bb. L\u2019association valorise la participation des personnes atteintes de trisomie 21 \u00e0 ses actions. C\u2019est donc Nelly et L\u00e9on qui distribueront sur Malz\u00e9ville le petit-d\u00e9jeuner.<\/p>\n<p class=\"note\">Renseignements sur \u00ab\u00a0info@trisomie21-54.fr\u00a0\u00bb<\/p>\n","protected":false},"excerpt":{"rendered":"Cette semaine, sur le march\u00e9, comme depuis plusieurs ann\u00e9es, Nelly, L\u00e9on Edel et des b\u00e9n\u00e9voles de l\u2019association d\u00e9partementale&hellip;\n","protected":false},"author":2,"featured_media":500460,"comment_status":"","ping_status":"","sticky":false,"template":"","format":"standard","meta":{"footnotes":""},"categories":[9635],"tags":[1111,11,1704,1777,674,1011,27,775,11259,11260,1702,12,25,71],"class_list":{"0":"post-500459","1":"post","2":"type-post","3":"status-publish","4":"format-standard","5":"has-post-thumbnail","7":"category-nancy","8":"tag-actu","9":"tag-actualites","10":"tag-edition-nancy-et-agglomeration","11":"tag-eu","12":"tag-europe","13":"tag-fr","14":"tag-france","15":"tag-grand-est","16":"tag-malzeville","17":"tag-metropole-du-grand-nancy-54b4","18":"tag-nancy","19":"tag-news","20":"tag-republique-francaise","21":"tag-sante"},"share_on_mastodon":{"url":"https:\/\/pubeurope.com\/@fr\/115464367279607757","error":""},"_links":{"self":[{"href":"https:\/\/www.europesays.com\/fr\/wp-json\/wp\/v2\/posts\/500459","targetHints":{"allow":["GET"]}}],"collection":[{"href":"https:\/\/www.europesays.com\/fr\/wp-json\/wp\/v2\/posts"}],"about":[{"href":"https:\/\/www.europesays.com\/fr\/wp-json\/wp\/v2\/types\/post"}],"author":[{"embeddable":true,"href":"https:\/\/www.europesays.com\/fr\/wp-json\/wp\/v2\/users\/2"}],"replies":[{"embeddable":true,"href":"https:\/\/www.europesays.com\/fr\/wp-json\/wp\/v2\/comments?post=500459"}],"version-history":[{"count":0,"href":"https:\/\/www.europesays.com\/fr\/wp-json\/wp\/v2\/posts\/500459\/revisions"}],"wp:featuredmedia":[{"embeddable":true,"href":"https:\/\/www.europesays.com\/fr\/wp-json\/wp\/v2\/media\/500460"}],"wp:attachment":[{"href":"https:\/\/www.europesays.com\/fr\/wp-json\/wp\/v2\/media?parent=500459"}],"wp:term":[{"taxonomy":"category","embeddable":true,"href":"https:\/\/www.europesays.com\/fr\/wp-json\/wp\/v2\/categories?post=500459"},{"taxonomy":"post_tag","embeddable":true,"href":"https:\/\/www.europesays.com\/fr\/wp-json\/wp\/v2\/tags?post=500459"}],"curies":[{"name":"wp","href":"https:\/\/api.w.org\/{rel}","templated":true}]}}