{"id":500470,"date":"2025-10-30T17:52:16","date_gmt":"2025-10-30T17:52:16","guid":{"rendered":"https:\/\/www.europesays.com\/fr\/500470\/"},"modified":"2025-10-30T17:52:16","modified_gmt":"2025-10-30T17:52:16","slug":"a-rouen-le-salon-de-lerotisme-veut-briser-les-tabous","status":"publish","type":"post","link":"https:\/\/www.europesays.com\/fr\/500470\/","title":{"rendered":"\u00e0 Rouen, le salon de l&rsquo;\u00e9rotisme veut briser les tabous"},"content":{"rendered":"<p>            Par<br \/>\n        <strong><br \/>\n            <a href=\"https:\/\/actu.fr\/auteur\/laredaction\" title=\"Consulter tous les articles de R\u00e9daction Normandie\" target=\"_blank\" rel=\"noopener\">R\u00e9daction Normandie<\/a><br \/>\n        <\/strong><\/p>\n<p>        Publi\u00e9 le<\/p>\n<p>            30 oct. 2025 \u00e0 18h16        <\/p>\n<p>Depuis huit ans <strong>le salon de l\u2019\u00e9rotisme Erosexpo<\/strong> accueille <a href=\"https:\/\/actu.fr\/tag\/parc-expo-de-rouen\" target=\"_blank\" rel=\"noopener\">au Parc Expo de Rouen<\/a> des professionnels et propose une ambiance festive pour les adultes. Malgr\u00e9 <a href=\"https:\/\/actu.fr\/normandie\/rouen_76540\/le-salon-de-l-erotisme-de-rouen-ne-plait-pas-aux-elus-ecolos-qui-veulent-le-rendre-plus-ethique_60979656.html\" target=\"_blank\" rel=\"noopener\">les pol\u00e9miques l\u2019an dernier<\/a>, les organisateurs sont d\u00e9termin\u00e9s \u00e0 faire profiter tous les visiteurs des diff\u00e9rents plaisirs propos\u00e9s, ces 1er et 2 novembre 2025.<\/p>\n<p>Ce qui vous attend \u00e0 Erosexpo<\/p>\n<p class=\" wall-content\">Comme dit le dicton, on ne change pas une \u00e9quipe qui gagne. Les organisateurs ont d\u00e9cid\u00e9 de rester sur la formule traditionnelle pour cette nouvelle \u00e9dition. M\u00eame si des nouveaut\u00e9s seront pr\u00e9sentes, surtout au niveau des acteurs et actrices invit\u00e9s.<\/p>\n<p class=\" wall-content\">On trouvera bien s\u00fbr les exposants de produits \u00e9rotiques mais aussi, plus insolite, une initiation au <strong>BDSM<\/strong> par une professionnelle ou encore<strong> un th\u00e9\u00e2tre X<\/strong> (r\u00e9serv\u00e9 aux majeurs) qui consiste en la pr\u00e9sentation, en direct, de sc\u00e8nes. Sans oublier les divers concours et les shows priv\u00e9s.<\/p>\n<p>Des visiteurs divers et nombreux<\/p>\n<p class=\" wall-content\">Le salon accueille pr\u00e8s de<strong> 6 000 visiteurs par jour<\/strong>. Un beau succ\u00e8s que n\u2019explique pas forc\u00e9ment Cindy Marques, organisatrice d\u2019Erosexpo. \u00ab Je ne sais pas, il faut demander aux gens ! \u00bb<\/p>\n<p class=\" wall-content\">Venus de tous les horizons, des jeunes qui sont de plus en plus pr\u00e9sents et attir\u00e9s par une certaine curiosit\u00e9, c\u00f4toient des couples en qu\u00eate de nouveaut\u00e9.<\/p>\n<p>Vid\u00e9os : en ce moment sur Actu<\/p>\n<p class=\" wall-content\">L\u2019organisatrice affirme vouloir briser les tabous autours de la sexualit\u00e9 : \u00ab On ne veut pas \u00eatre vu comme des gens anormaux \u00bb. Malgr\u00e9 les pol\u00e9miques, ils insistent sur le fait qu\u2019il n\u2019y a jamais eu de d\u00e9bordement, tout en mettant en avant la gaiet\u00e9 du lieu.<\/p>\n<p>Votre r\u00e9gion, votre actu !<\/p>\n<p>Recevez chaque jour les infos qui comptent pour vous.<\/p>\n<p>\t<a href=\"https:\/\/actu.fr\/newsletter\" class=\"ac-btn ac-btn--corner ac-btn--medium ac-btn--blue800\" target=\"_blank\" rel=\"noopener\">S&rsquo;incrire<\/a><\/p>\n<p class=\" wall-content\"><strong>La pr\u00e9vention est aussi de mise<\/strong>, avec des stands de d\u00e9pistage seront install\u00e9s pour les visiteurs. De plus, une attention est port\u00e9e \u00e0 la \u00ab p\u00e9dagogie \u00bb : \u00ab On aborde certains sujets de fa\u00e7on clairs, on veut briser les tabous. On a aussi des intervenants qui expliquent certains enjeux aux parents vis-\u00e0-vis des jeunes \u00bb.<\/p>\n<p class=\" wall-content\"><strong>Elouan Radoux<\/strong><\/p>\n<p>Erosexpo au Parc Expo de Rouen, les 1 et 2 novembre 2025, de 14h \u00e0 1h samedi, de 14h \u00e0 20h dimanche. Entr\u00e9e sur place \u00e0 22 euros.<\/p>\n<p>Suivez l\u2019actualit\u00e9 de Rouen <a href=\"https:\/\/www.whatsapp.com\/channel\/0029VaKfnf99hXF2ddApFB1D\" target=\"_blank\" rel=\"noopener\">sur notre cha\u00eene WhatsApp<\/a> et <a href=\"https:\/\/www.tiktok.com\/@76actu.fr?lang=fr\" target=\"_blank\" rel=\"noopener\">sur notre compte TikTok<\/a><\/p>\n<p class=\" wall-content\">Personnalisez votre actualit\u00e9 en ajoutant vos villes et m\u00e9dias en favori avec <a href=\"https:\/\/moncompte.actu.fr\" title=\"D\u00e9couvez Mon Actu\" rel=\"nofollow noopener\" data-trk=\"{&quot;cta&quot;:{&quot;action&quot;:&quot;https:\\\/\\\/moncompte.actu.fr&quot;,&quot;category&quot;:&quot;mon compte&quot;,&quot;from&quot;:&quot;article footer&quot;,&quot;name&quot;:&quot;Mon actu&quot;,&quot;type&quot;:&quot;cta&quot;}}\" target=\"_blank\">Mon Actu<\/a>.<\/p>\n<p>                    <script async src=\"\/\/www.tiktok.com\/embed.js\"><\/script><\/p>\n","protected":false},"excerpt":{"rendered":"Par R\u00e9daction Normandie Publi\u00e9 le 30 oct. 2025 \u00e0 18h16 Depuis huit ans le salon de l\u2019\u00e9rotisme Erosexpo&hellip;\n","protected":false},"author":2,"featured_media":500471,"comment_status":"","ping_status":"","sticky":false,"template":"","format":"standard","meta":{"footnotes":""},"categories":[9587],"tags":[1111,11,9086,1777,674,1011,27,1652,12,5161,9636,25,9590],"class_list":{"0":"post-500470","1":"post","2":"type-post","3":"status-publish","4":"format-standard","5":"has-post-thumbnail","7":"category-rouen","8":"tag-actu","9":"tag-actualites","10":"tag-bon-plan-a-rouen","11":"tag-eu","12":"tag-europe","13":"tag-fr","14":"tag-france","15":"tag-loisirs-culture","16":"tag-news","17":"tag-normandie","18":"tag-parc-expo-de-rouen","19":"tag-republique-francaise","20":"tag-rouen"},"share_on_mastodon":{"url":"https:\/\/pubeurope.com\/@fr\/115464394795472264","error":""},"_links":{"self":[{"href":"https:\/\/www.europesays.com\/fr\/wp-json\/wp\/v2\/posts\/500470","targetHints":{"allow":["GET"]}}],"collection":[{"href":"https:\/\/www.europesays.com\/fr\/wp-json\/wp\/v2\/posts"}],"about":[{"href":"https:\/\/www.europesays.com\/fr\/wp-json\/wp\/v2\/types\/post"}],"author":[{"embeddable":true,"href":"https:\/\/www.europesays.com\/fr\/wp-json\/wp\/v2\/users\/2"}],"replies":[{"embeddable":true,"href":"https:\/\/www.europesays.com\/fr\/wp-json\/wp\/v2\/comments?post=500470"}],"version-history":[{"count":0,"href":"https:\/\/www.europesays.com\/fr\/wp-json\/wp\/v2\/posts\/500470\/revisions"}],"wp:featuredmedia":[{"embeddable":true,"href":"https:\/\/www.europesays.com\/fr\/wp-json\/wp\/v2\/media\/500471"}],"wp:attachment":[{"href":"https:\/\/www.europesays.com\/fr\/wp-json\/wp\/v2\/media?parent=500470"}],"wp:term":[{"taxonomy":"category","embeddable":true,"href":"https:\/\/www.europesays.com\/fr\/wp-json\/wp\/v2\/categories?post=500470"},{"taxonomy":"post_tag","embeddable":true,"href":"https:\/\/www.europesays.com\/fr\/wp-json\/wp\/v2\/tags?post=500470"}],"curies":[{"name":"wp","href":"https:\/\/api.w.org\/{rel}","templated":true}]}}