{"id":500472,"date":"2025-10-30T17:53:36","date_gmt":"2025-10-30T17:53:36","guid":{"rendered":"https:\/\/www.europesays.com\/fr\/500472\/"},"modified":"2025-10-30T17:53:36","modified_gmt":"2025-10-30T17:53:36","slug":"vandalisme-a-echirolles-le-centre-aere-tague","status":"publish","type":"post","link":"https:\/\/www.europesays.com\/fr\/500472\/","title":{"rendered":"vandalisme \u00e0 \u00c9chirolles, le centre a\u00e9r\u00e9 tagu\u00e9"},"content":{"rendered":"<p itemprop=\"description\"><strong>Des graffitis et insultes ont \u00e9t\u00e9 d\u00e9couverts mardi matin sur les murs du centre a\u00e9r\u00e9 d\u2019\u00c9chirolles.<\/strong><\/p>\n<p>Mardi matin, \u00e0 la Frange verte, les agents du centre de loisirs Robert-Buisson ont eu une d\u00e9sagr\u00e9able surprise \u00e0 leur arriv\u00e9e.<\/p>\n<p>En effet, les fa\u00e7ades du b\u00e2timent avaient \u00e9t\u00e9 recouvertes de tags insultants et de dessins grossiers.<\/p>\n<p>Ces d\u00e9gradations auraient \u00e9t\u00e9 r\u00e9alis\u00e9es avec des bombes de peinture r\u00e9cup\u00e9r\u00e9es sur un chantier voisin. Les inscriptions, visibles depuis la rue, ont \u00e9galement interpell\u00e9 les familles venues d\u00e9poser leurs enfants.<\/p>\n<p>La municipalit\u00e9 d\u2019\u00c9chirolles a annonc\u00e9 vouloir remettre rapidement les lieux en \u00e9tat. Une op\u00e9ration qui repr\u00e9sentera un co\u00fbt suppl\u00e9mentaire pour la collectivit\u00e9.<\/p>\n","protected":false},"excerpt":{"rendered":"Des graffitis et insultes ont \u00e9t\u00e9 d\u00e9couverts mardi matin sur les murs du centre a\u00e9r\u00e9 d\u2019\u00c9chirolles. Mardi matin,&hellip;\n","protected":false},"author":2,"featured_media":500473,"comment_status":"","ping_status":"","sticky":false,"template":"","format":"standard","meta":{"footnotes":""},"categories":[9566],"tags":[1111,11,7733,8279,2430,7736,650,7734,2889,2263,1777,674,1011,27,2731,8280,6417,1114,108,4662,12,3725,1825,25,7737],"class_list":{"0":"post-500472","1":"post","2":"type-post","3":"status-publish","4":"format-standard","5":"has-post-thumbnail","7":"category-grenoble","8":"tag-actu","9":"tag-actualites","10":"tag-alpes","11":"tag-alpes1","12":"tag-auvergne-rhone-alpes","13":"tag-cds","14":"tag-cinema","15":"tag-ecoute","16":"tag-emission","17":"tag-equipe","18":"tag-eu","19":"tag-europe","20":"tag-fr","21":"tag-france","22":"tag-grenoble","23":"tag-haute","24":"tag-information","25":"tag-infos","26":"tag-isere","27":"tag-journal","28":"tag-news","29":"tag-podcast","30":"tag-radio","31":"tag-republique-francaise","32":"tag-winamp"},"share_on_mastodon":{"url":"https:\/\/pubeurope.com\/@fr\/115464398798330037","error":""},"_links":{"self":[{"href":"https:\/\/www.europesays.com\/fr\/wp-json\/wp\/v2\/posts\/500472","targetHints":{"allow":["GET"]}}],"collection":[{"href":"https:\/\/www.europesays.com\/fr\/wp-json\/wp\/v2\/posts"}],"about":[{"href":"https:\/\/www.europesays.com\/fr\/wp-json\/wp\/v2\/types\/post"}],"author":[{"embeddable":true,"href":"https:\/\/www.europesays.com\/fr\/wp-json\/wp\/v2\/users\/2"}],"replies":[{"embeddable":true,"href":"https:\/\/www.europesays.com\/fr\/wp-json\/wp\/v2\/comments?post=500472"}],"version-history":[{"count":0,"href":"https:\/\/www.europesays.com\/fr\/wp-json\/wp\/v2\/posts\/500472\/revisions"}],"wp:featuredmedia":[{"embeddable":true,"href":"https:\/\/www.europesays.com\/fr\/wp-json\/wp\/v2\/media\/500473"}],"wp:attachment":[{"href":"https:\/\/www.europesays.com\/fr\/wp-json\/wp\/v2\/media?parent=500472"}],"wp:term":[{"taxonomy":"category","embeddable":true,"href":"https:\/\/www.europesays.com\/fr\/wp-json\/wp\/v2\/categories?post=500472"},{"taxonomy":"post_tag","embeddable":true,"href":"https:\/\/www.europesays.com\/fr\/wp-json\/wp\/v2\/tags?post=500472"}],"curies":[{"name":"wp","href":"https:\/\/api.w.org\/{rel}","templated":true}]}}