{"id":500474,"date":"2025-10-30T17:54:16","date_gmt":"2025-10-30T17:54:16","guid":{"rendered":"https:\/\/www.europesays.com\/fr\/500474\/"},"modified":"2025-10-30T17:54:16","modified_gmt":"2025-10-30T17:54:16","slug":"toutes-les-places-de-la-rencontre-vannes-grenoble-delocalisee-a-rennes-vendues-en-30-minutes","status":"publish","type":"post","link":"https:\/\/www.europesays.com\/fr\/500474\/","title":{"rendered":"toutes les places de la rencontre Vannes-Grenoble, d\u00e9localis\u00e9e \u00e0 Rennes, vendues en 30 minutes"},"content":{"rendered":"<p><img decoding=\"async\" class=\"\" style=\"width:100%;max-width:100%\" src=\"https:\/\/www.europesays.com\/fr\/wp-content\/uploads\/2025\/10\/Capture_d__cran_2025_10_30_1635581761838775982-format16by9.png\" alt=\"Rohazon Park Rennes\"\/><\/p>\n<p>Cr\u00e9dit : Capture \u00e9cran | Google Maps<\/p>\n<p style=\"text-align: justify;\">Une preuve de plus de l\u2019engouement du public pour le club Vannetais\u00a0! <strong>Ce jeudi <\/strong>30 octobre, <strong>les places mises en vente pour le match de Vannes contre Grenoble, d\u00e9localis\u00e9 pour la premi\u00e8re fois au Roazhon Park \u00e0 Rennes<\/strong> et qui se jouera le 16 novembre, <strong>ont toutes trouv\u00e9es preneuses en 30 minutes.<\/strong><\/p>\n<p style=\"text-align: justify;\">\u00a0<\/p>\n<p>30\u00a0000 places parties comme des petits pains<\/p>\n<p style=\"text-align: justify;\">Les 3<strong>0 000 places du Roazhon Park seront donc remplies pour cette rencontre <\/strong>qui aura lieu <strong>le dimanche 16 novembre entre Vannes, <\/strong>rel\u00e9gu\u00e9 de TOP 14 <strong>et Grenoble,<\/strong> finaliste malheureux de la deuxi\u00e8me division lors des trois derni\u00e8res saisons.<\/p>\n<p style=\"text-align: justify;\">\u00ab\u00a0<strong>Merci<\/strong> \u00e0 vous <strong>pour cet incroyable engouement derri\u00e8re notre club <\/strong>et avec nous l&rsquo;ensemble du rugby breton\u00a0\u00bb, \u00e9crit le RC Vannes sur ses r\u00e9seaux sociaux.<\/p>\n<p> Stade de La Rabine \u00e0 guichets ferm\u00e9s \u00e0 chaque rencontre<\/p>\n<p style=\"text-align: justify;\"><strong>Chaque abonn\u00e9 du club <\/strong>breton \u2013 le premier de la r\u00e9gion \u00e0 avoir acc\u00e9d\u00e9 \u00e0 l&rsquo;\u00e9lite du rugby \u2013<strong> avait automatiquement un si\u00e8ge \u00e0 Rennes <\/strong>et <strong>les autres places ont \u00e9t\u00e9 mises en vente ce jeudi 30 octobre, \u00e0 14h. Le stade<\/strong> de Vannes, <strong>La Rabine, compte moins de 12 000 places <\/strong>et<strong> les rencontres sont \u00e0 guichets ferm\u00e9s chaque week-end.<\/strong><\/p>\n<p style=\"text-align: justify;\"><strong>Vannes, actuellement leader de la PRO D2, re\u00e7oit ce vendredi <\/strong>\u00e0 La Rabine, <strong>Valence-Romans, <\/strong>3e au classement.<\/p>\n","protected":false},"excerpt":{"rendered":"Cr\u00e9dit : Capture \u00e9cran | Google Maps Une preuve de plus de l\u2019engouement du public pour le club&hellip;\n","protected":false},"author":2,"featured_media":500475,"comment_status":"","ping_status":"","sticky":false,"template":"","format":"standard","meta":{"footnotes":""},"categories":[9566],"tags":[1111,11,2430,1777,674,1011,27,2731,15061,62271,12,2308,3164,584,25,479,3165,4100],"class_list":{"0":"post-500474","1":"post","2":"type-post","3":"status-publish","4":"format-standard","5":"has-post-thumbnail","7":"category-grenoble","8":"tag-actu","9":"tag-actualites","10":"tag-auvergne-rhone-alpes","11":"tag-eu","12":"tag-europe","13":"tag-fr","14":"tag-france","15":"tag-grenoble","16":"tag-guichets-fermes","17":"tag-la-rabine","18":"tag-news","19":"tag-pro-d2","20":"tag-rc-vannes","21":"tag-rennes","22":"tag-republique-francaise","23":"tag-rugby","24":"tag-vannes","25":"tag-vente"},"share_on_mastodon":{"url":"https:\/\/pubeurope.com\/@fr\/115464403484151045","error":""},"_links":{"self":[{"href":"https:\/\/www.europesays.com\/fr\/wp-json\/wp\/v2\/posts\/500474","targetHints":{"allow":["GET"]}}],"collection":[{"href":"https:\/\/www.europesays.com\/fr\/wp-json\/wp\/v2\/posts"}],"about":[{"href":"https:\/\/www.europesays.com\/fr\/wp-json\/wp\/v2\/types\/post"}],"author":[{"embeddable":true,"href":"https:\/\/www.europesays.com\/fr\/wp-json\/wp\/v2\/users\/2"}],"replies":[{"embeddable":true,"href":"https:\/\/www.europesays.com\/fr\/wp-json\/wp\/v2\/comments?post=500474"}],"version-history":[{"count":0,"href":"https:\/\/www.europesays.com\/fr\/wp-json\/wp\/v2\/posts\/500474\/revisions"}],"wp:featuredmedia":[{"embeddable":true,"href":"https:\/\/www.europesays.com\/fr\/wp-json\/wp\/v2\/media\/500475"}],"wp:attachment":[{"href":"https:\/\/www.europesays.com\/fr\/wp-json\/wp\/v2\/media?parent=500474"}],"wp:term":[{"taxonomy":"category","embeddable":true,"href":"https:\/\/www.europesays.com\/fr\/wp-json\/wp\/v2\/categories?post=500474"},{"taxonomy":"post_tag","embeddable":true,"href":"https:\/\/www.europesays.com\/fr\/wp-json\/wp\/v2\/tags?post=500474"}],"curies":[{"name":"wp","href":"https:\/\/api.w.org\/{rel}","templated":true}]}}