{"id":500480,"date":"2025-10-30T17:57:23","date_gmt":"2025-10-30T17:57:23","guid":{"rendered":"https:\/\/www.europesays.com\/fr\/500480\/"},"modified":"2025-10-30T17:57:23","modified_gmt":"2025-10-30T17:57:23","slug":"video-admise-sur-liste-dattente-vanessa-entame-une-greve-de-la-faim-jusqua-obtenir-un-poste-denseignante","status":"publish","type":"post","link":"https:\/\/www.europesays.com\/fr\/500480\/","title":{"rendered":"VIDEO. Admise sur liste d&rsquo;attente, Vanessa entame une gr\u00e8ve de la faim jusqu&rsquo;\u00e0 obtenir un poste d&rsquo;enseignante"},"content":{"rendered":"<p>            Par<br \/>\n        <strong><br \/>\n            <a href=\"https:\/\/actu.fr\/auteur\/thomas-blanc\" title=\"Consulter tous les articles de Thomas Blanc\" target=\"_blank\" rel=\"noopener\">Thomas Blanc<\/a><br \/>\n        <\/strong><\/p>\n<p>        Publi\u00e9 le<\/p>\n<p>            30 oct. 2025 \u00e0 17h52        <\/p>\n<p>Le 28\u00a0octobre \u00e0 7h30, Vanessa Koehler, 25\u00a0ans, a entam\u00e9 <strong>une <a href=\"https:\/\/actu.fr\/tag\/greve\" target=\"_blank\" rel=\"noopener\">gr\u00e8ve<\/a> de la faim<\/strong> devant le rectorat de l\u2019acad\u00e9mie de <a href=\"https:\/\/actu.fr\/strasbourg\/\" target=\"_blank\" rel=\"noopener\">Strasbourg<\/a>. Son objectif annonc\u00e9, comprendre pourquoi <strong>elle n\u2019est pas appel\u00e9e<\/strong> pour \u00eatre professeure des \u00e9coles alors que <strong>des postes seraient vacants<\/strong> dans l\u2019acad\u00e9mie. Le rectorat affirme quant \u00e0 lui que <strong>tous les postes sont pourvus<\/strong>.<\/p>\n<p>\u00ab\u2009Dans l\u2019acad\u00e9mie de Strasbourg, il y a des postes vacants et ils ne veulent pas nous recruter\u2009\u00bb<\/p>\n<p class=\" wall-content\">Vanessa Koehler, venue de Marseille pour passer le concours de recrutement de professeurs des \u00e9coles (CRPE) en avril\u00a02025 a vu <strong>son r\u00eave de devenir enseignante<\/strong> s\u2019\u00e9loigner depuis quelques mois.<\/p>\n<blockquote class=\"tiktok-embed\" cite=\"https:\/\/www.tiktok.com\/@lorraine.actu\/video\/7567057820315618582\" data-video-id=\"7567057820315618582\" data-embed-from=\"oembed\" style=\"max-width:605px; min-width:325px;\"><p>\n<a target=\"_blank\" title=\"@lorraine.actu\" href=\"https:\/\/www.tiktok.com\/@lorraine.actu?refer=embed\" rel=\"noopener\">@lorraine.actu<\/a> <\/p>\n<p>Le 28\u00a0octobre \u00e0 7h30, Vanessa Koehler, 25\u00a0ans, a entam\u00e9 une gr\u00e8ve de la faim devant le rectorat de l\u2019acad\u00e9mie de Strasbourg. Son objectif annonc\u00e9, comprendre pourquoi elle n\u2019est pas appel\u00e9e pour \u00eatre professeure des \u00e9coles alors que des postes seraient vacants dans l\u2019acad\u00e9mie. Le rectorat affirme quant \u00e0 lui que tous les postes sont pourvus. \u00ab\u2009Dans l\u2019acad\u00e9mie de Strasbourg, il y a des postes vacants et ils ne veulent pas nous recruter\u2009\u00bb Vanessa Koehler, venue de Marseille pour passer le concours de recrutement de professeurs des \u00e9coles (CRPE) en avril\u00a02025 a vu son r\u00eave de devenir enseignante s\u2019\u00e9loigner depuis quelques mois. La femme de 25\u00a0ans a \u00e9t\u00e9 plac\u00e9e sur la liste compl\u00e9mentaire, c\u2019est-\u00e0-dire non pas parmi les premiers du concours ayant directement acc\u00e8s \u00e0 un poste dans l\u2019acad\u00e9mie mais dans une sorte de \u00ab\u2009r\u00e9serve de professeurs\u2009\u00bb. \u00ab\u2009Cette liste compl\u00e9mentaire est l\u00e0 pour remplacer des postes vacants et des d\u00e9missions\u2009\u00bb, explique celle qui s\u2019assoit toute la journ\u00e9e devant le rectorat pour attirer l\u2019attention sur sa situation. \u00ab\u2009Dans l\u2019acad\u00e9mie de Strasbourg, il y a des postes vacants, au moins dix comme me le font savoir des parents d\u2019\u00e9l\u00e8ves et des professeurs. Pourtant ils ne veulent pas nous recruter\u2009\u00bb, poursuit-elle, emmitoufl\u00e9e dans son \u00e9charpe pour se prot\u00e9ger des courants d\u2019air de la rue de la Toussaint. 300 postes de professeurs des \u00e9coles \u00e0 pourvoir dans l\u2019acad\u00e9mie en 2025 \u00ab\u2009Ils m\u2019ont dit que j\u2019allais \u00eatre rappel\u00e9e et j\u2019ai appris fin juillet que finalement, ils ne recruteront plus sur liste compl\u00e9mentaire et prendront des contractuels. C\u2019est pour cela que j\u2019ai entam\u00e9 une gr\u00e8ve de la faim, car ils jouent avec nos vies\u2009\u00bb, raconte Mme Koehler, qui reste sans emploi au cas o\u00f9 elle serait appel\u00e9e pour un remplacement. Contact\u00e9, le rectorat fait savoir que le CRPE 2025 permettait de pourvoir 300 postes dans l\u2019acad\u00e9mie de Strasbourg et qu\u2019ils ont \u00e9t\u00e9 attribu\u00e9s aux 300 meilleurs du concours. \u00ab\u2009Pour faire face aux d\u00e9missions de laur\u00e9ats enregistr\u00e9es en juillet, 9 candidats plac\u00e9s sur liste compl\u00e9mentaire du concours ont \u00e9t\u00e9 appel\u00e9s pour exercer en qualit\u00e9 de professeurs des \u00e9coles stagiaires\u2009\u00bb, informe aussi la direction des services de l\u2019\u00e9ducation nationale. Aucun manque de professeur n\u2019est en ce moment \u00e0 d\u00e9plorer en Alsace d\u2019apr\u00e8s eux.<\/p>\n<p> <a target=\"_blank\" title=\"\u266c son original - Lorraine Actu\" href=\"https:\/\/www.tiktok.com\/music\/son-original-7567057818386909974?refer=embed\" rel=\"noopener\">\u266c son original \u2013 Lorraine Actu<\/a> <\/p>\n<\/blockquote>\n<p class=\" wall-content\">La femme de 25\u00a0ans a \u00e9t\u00e9 plac\u00e9e sur <strong>la liste compl\u00e9mentaire<\/strong>, c\u2019est-\u00e0-dire non pas parmi les premiers du concours ayant <strong>directement acc\u00e8s \u00e0 un poste<\/strong> dans l\u2019acad\u00e9mie mais dans une sorte de \u00ab<strong>\u2009r\u00e9serve de professeurs<\/strong>\u2009\u00bb. \u00ab\u2009Cette liste compl\u00e9mentaire est l\u00e0 pour remplacer des postes vacants et des d\u00e9missions\u2009\u00bb, explique celle qui <strong>s\u2019assoit toute la journ\u00e9e devant le rectorat<\/strong> pour attirer l\u2019attention sur sa situation.<\/p>\n<p class=\" wall-content\">\u00ab\u2009Dans l\u2019acad\u00e9mie de Strasbourg, <strong>il y a des postes vacants<\/strong>, au moins dix comme me le font savoir des parents d\u2019\u00e9l\u00e8ves et des professeurs. Pourtant ils ne veulent pas nous recruter\u2009\u00bb, poursuit-elle, emmitoufl\u00e9e dans son \u00e9charpe <strong>pour se prot\u00e9ger des courants d\u2019air<\/strong> de la rue de la Toussaint.<\/p>\n<p>300 postes de professeurs des \u00e9coles \u00e0 pourvoir dans l\u2019acad\u00e9mie en 2025<\/p>\n<p class=\" wall-content\">\u00ab\u2009Ils m\u2019ont dit que j\u2019allais \u00eatre rappel\u00e9e et j\u2019ai appris fin juillet que finalement, ils ne recruteront plus sur liste compl\u00e9mentaire et <strong>prendront des contractuels<\/strong>. C\u2019est pour cela que <strong>j\u2019ai entam\u00e9 une gr\u00e8ve de la faim<\/strong>, car <strong>ils jouent avec nos vies\u2009<\/strong>\u00bb, raconte Mme Koehler, qui reste sans <a href=\"https:\/\/actu.fr\/tag\/emploi\" target=\"_blank\" rel=\"noopener\">emploi<\/a> au cas o\u00f9 elle serait appel\u00e9e pour un remplacement.<\/p>\n<p>Votre r\u00e9gion, votre actu !<\/p>\n<p>Recevez chaque jour les infos qui comptent pour vous.<\/p>\n<p>\t<a href=\"https:\/\/actu.fr\/newsletter\" class=\"ac-btn ac-btn--corner ac-btn--medium ac-btn--blue800\" target=\"_blank\" rel=\"noopener\">S&rsquo;incrire<\/a><\/p>\n<p class=\" wall-content\">Contact\u00e9, le rectorat fait savoir que le CRPE 2025 permettait de <strong>pourvoir 300 postes dans l\u2019acad\u00e9mie<\/strong> de Strasbourg et qu\u2019ils ont \u00e9t\u00e9 attribu\u00e9s aux 300 meilleurs du concours. \u00ab\u2009Pour faire face aux d\u00e9missions de laur\u00e9ats enregistr\u00e9es en juillet, 9 candidats plac\u00e9s sur liste compl\u00e9mentaire du concours ont \u00e9t\u00e9 appel\u00e9s pour exercer en qualit\u00e9 de professeurs des \u00e9coles stagiaires\u2009\u00bb, informe aussi la direction des services de l\u2019<a href=\"https:\/\/actu.fr\/tag\/education\" target=\"_blank\" rel=\"noopener\">\u00e9ducation<\/a> nationale.<\/p>\n<p class=\" wall-content\">Aucun manque de professeur n\u2019est en ce moment \u00e0 d\u00e9plorer en Alsace d\u2019apr\u00e8s eux.<\/p>\n<p class=\" wall-content\">Personnalisez votre actualit\u00e9 en ajoutant vos villes et m\u00e9dias en favori avec <a href=\"https:\/\/moncompte.actu.fr\" title=\"D\u00e9couvez Mon Actu\" rel=\"nofollow noopener\" data-trk=\"{&quot;cta&quot;:{&quot;action&quot;:&quot;https:\\\/\\\/moncompte.actu.fr&quot;,&quot;category&quot;:&quot;mon compte&quot;,&quot;from&quot;:&quot;article footer&quot;,&quot;name&quot;:&quot;Mon actu&quot;,&quot;type&quot;:&quot;cta&quot;}}\" target=\"_blank\">Mon Actu<\/a>.<\/p>\n<p>                    <script async src=\"\/\/www.tiktok.com\/embed.js\"><\/script><\/p>\n","protected":false},"excerpt":{"rendered":"Par Thomas Blanc Publi\u00e9 le 30 oct. 2025 \u00e0 17h52 Le 28\u00a0octobre \u00e0 7h30, Vanessa Koehler, 25\u00a0ans, a&hellip;\n","protected":false},"author":2,"featured_media":500481,"comment_status":"","ping_status":"","sticky":false,"template":"","format":"standard","meta":{"footnotes":""},"categories":[2820],"tags":[1111,11,1057,341,1777,674,1011,27,775,6151,12,25,104,640],"class_list":{"0":"post-500480","1":"post","2":"type-post","3":"status-publish","4":"format-standard","5":"has-post-thumbnail","7":"category-strasbourg","8":"tag-actu","9":"tag-actualites","10":"tag-education","11":"tag-emploi","12":"tag-eu","13":"tag-europe","14":"tag-fr","15":"tag-france","16":"tag-grand-est","17":"tag-greve","18":"tag-news","19":"tag-republique-francaise","20":"tag-societe","21":"tag-strasbourg"},"share_on_mastodon":{"url":"https:\/\/pubeurope.com\/@fr\/115464414560375049","error":""},"_links":{"self":[{"href":"https:\/\/www.europesays.com\/fr\/wp-json\/wp\/v2\/posts\/500480","targetHints":{"allow":["GET"]}}],"collection":[{"href":"https:\/\/www.europesays.com\/fr\/wp-json\/wp\/v2\/posts"}],"about":[{"href":"https:\/\/www.europesays.com\/fr\/wp-json\/wp\/v2\/types\/post"}],"author":[{"embeddable":true,"href":"https:\/\/www.europesays.com\/fr\/wp-json\/wp\/v2\/users\/2"}],"replies":[{"embeddable":true,"href":"https:\/\/www.europesays.com\/fr\/wp-json\/wp\/v2\/comments?post=500480"}],"version-history":[{"count":0,"href":"https:\/\/www.europesays.com\/fr\/wp-json\/wp\/v2\/posts\/500480\/revisions"}],"wp:featuredmedia":[{"embeddable":true,"href":"https:\/\/www.europesays.com\/fr\/wp-json\/wp\/v2\/media\/500481"}],"wp:attachment":[{"href":"https:\/\/www.europesays.com\/fr\/wp-json\/wp\/v2\/media?parent=500480"}],"wp:term":[{"taxonomy":"category","embeddable":true,"href":"https:\/\/www.europesays.com\/fr\/wp-json\/wp\/v2\/categories?post=500480"},{"taxonomy":"post_tag","embeddable":true,"href":"https:\/\/www.europesays.com\/fr\/wp-json\/wp\/v2\/tags?post=500480"}],"curies":[{"name":"wp","href":"https:\/\/api.w.org\/{rel}","templated":true}]}}