{"id":500492,"date":"2025-10-30T18:03:10","date_gmt":"2025-10-30T18:03:10","guid":{"rendered":"https:\/\/www.europesays.com\/fr\/500492\/"},"modified":"2025-10-30T18:03:10","modified_gmt":"2025-10-30T18:03:10","slug":"un-incendie-se-declare-dans-lappartement-dune-residence-neuve-pres-de-bordeaux","status":"publish","type":"post","link":"https:\/\/www.europesays.com\/fr\/500492\/","title":{"rendered":"Un incendie se d\u00e9clare dans l\u2019appartement d\u2019une r\u00e9sidence neuve pr\u00e8s de Bordeaux"},"content":{"rendered":"<p>            Par<br \/>\n        <strong><br \/>\n            <a href=\"https:\/\/actu.fr\/auteur\/redaction-bordeaux\" title=\"Consulter tous les articles de R\u00e9daction Bordeaux\" rel=\"nofollow noopener\" target=\"_blank\">R\u00e9daction Bordeaux<\/a><br \/>\n        <\/strong><\/p>\n<p>        Publi\u00e9 le<\/p>\n<p>            30 oct. 2025 \u00e0 18h41        <\/p>\n<p>Ce jeudi 30 octobre 2025, peu apr\u00e8s 13h30, les <a href=\"https:\/\/actu.fr\/nouvelle-aquitaine\/lagorce_33218\/incendie-le-plafond-d-une-maison-de-140-metres-carres-prend-feu-en-gironde_63351242.html\" rel=\"nofollow noopener\" target=\"_blank\">pompiers<\/a> sont intervenus sur la commune de <a href=\"https:\/\/actu.fr\/nouvelle-aquitaine\/merignac_33281\" rel=\"nofollow noopener\" target=\"_blank\">M\u00e9rignac<\/a> (Gironde). Un <strong>incendie<\/strong> s\u2019est d\u00e9clar\u00e9 dans un appartement de 100m\u00b2 de la r\u00e9sidence Kuboa, situ\u00e9e dans l\u2019avenue du Chut.\u00a0<\/p>\n<p class=\" wall-content\">Le feu n\u2019a fait aucune victime mais a <strong>d\u00e9truit<\/strong> une chambre de 20 m\u00b2. Les r\u00e9sidents du logement, quatre colocataires, ont d\u00fb \u00eatre relog\u00e9s par leur assurance. Le feu a \u00e9t\u00e9 \u00e9teint au moyen d\u2019une lance. Une <strong>intervention<\/strong> qui a mobilis\u00e9 6 pompiers. La <a href=\"https:\/\/actu.fr\/nouvelle-aquitaine\/merignac_33281\/deux-mois-apres-une-fusillade-cette-commune-pres-de-bordeaux-decide-d-armer-toute-sa-police-municipale_63205662.html\" rel=\"nofollow noopener\" target=\"_blank\">police municipale<\/a>, Enedis et Regaz \u00e9taient \u00e9galement sur les lieux.<\/p>\n<p class=\" wall-content\">Personnalisez votre actualit\u00e9 en ajoutant vos villes et m\u00e9dias en favori avec <a href=\"https:\/\/moncompte.actu.fr\" title=\"D\u00e9couvez Mon Actu\" rel=\"nofollow noopener\" data-trk=\"{&quot;cta&quot;:{&quot;action&quot;:&quot;https:\\\/\\\/moncompte.actu.fr&quot;,&quot;category&quot;:&quot;mon compte&quot;,&quot;from&quot;:&quot;article footer&quot;,&quot;name&quot;:&quot;Mon actu&quot;,&quot;type&quot;:&quot;cta&quot;}}\" target=\"_blank\">Mon Actu<\/a>.<\/p>\n","protected":false},"excerpt":{"rendered":"Par R\u00e9daction Bordeaux Publi\u00e9 le 30 oct. 2025 \u00e0 18h41 Ce jeudi 30 octobre 2025, peu apr\u00e8s 13h30,&hellip;\n","protected":false},"author":2,"featured_media":500493,"comment_status":"","ping_status":"","sticky":false,"template":"","format":"standard","meta":{"footnotes":""},"categories":[2817],"tags":[1111,11,1997,1777,674,118,1011,27,1310,12,2219,1311,25],"class_list":{"0":"post-500492","1":"post","2":"type-post","3":"status-publish","4":"format-standard","5":"has-post-thumbnail","7":"category-bordeaux","8":"tag-actu","9":"tag-actualites","10":"tag-bordeaux","11":"tag-eu","12":"tag-europe","13":"tag-faits-divers","14":"tag-fr","15":"tag-france","16":"tag-incendie","17":"tag-news","18":"tag-nouvelle-aquitaine","19":"tag-pompiers","20":"tag-republique-francaise"},"share_on_mastodon":{"url":"https:\/\/pubeurope.com\/@fr\/115464438062887720","error":""},"_links":{"self":[{"href":"https:\/\/www.europesays.com\/fr\/wp-json\/wp\/v2\/posts\/500492","targetHints":{"allow":["GET"]}}],"collection":[{"href":"https:\/\/www.europesays.com\/fr\/wp-json\/wp\/v2\/posts"}],"about":[{"href":"https:\/\/www.europesays.com\/fr\/wp-json\/wp\/v2\/types\/post"}],"author":[{"embeddable":true,"href":"https:\/\/www.europesays.com\/fr\/wp-json\/wp\/v2\/users\/2"}],"replies":[{"embeddable":true,"href":"https:\/\/www.europesays.com\/fr\/wp-json\/wp\/v2\/comments?post=500492"}],"version-history":[{"count":0,"href":"https:\/\/www.europesays.com\/fr\/wp-json\/wp\/v2\/posts\/500492\/revisions"}],"wp:featuredmedia":[{"embeddable":true,"href":"https:\/\/www.europesays.com\/fr\/wp-json\/wp\/v2\/media\/500493"}],"wp:attachment":[{"href":"https:\/\/www.europesays.com\/fr\/wp-json\/wp\/v2\/media?parent=500492"}],"wp:term":[{"taxonomy":"category","embeddable":true,"href":"https:\/\/www.europesays.com\/fr\/wp-json\/wp\/v2\/categories?post=500492"},{"taxonomy":"post_tag","embeddable":true,"href":"https:\/\/www.europesays.com\/fr\/wp-json\/wp\/v2\/tags?post=500492"}],"curies":[{"name":"wp","href":"https:\/\/api.w.org\/{rel}","templated":true}]}}