{"id":500498,"date":"2025-10-30T18:06:11","date_gmt":"2025-10-30T18:06:11","guid":{"rendered":"https:\/\/www.europesays.com\/fr\/500498\/"},"modified":"2025-10-30T18:06:11","modified_gmt":"2025-10-30T18:06:11","slug":"un-homme-meurt-apres-une-chute-de-7-etages-pres-de-toulouse","status":"publish","type":"post","link":"https:\/\/www.europesays.com\/fr\/500498\/","title":{"rendered":"Un homme meurt apr\u00e8s une chute de 7 \u00e9tages, pr\u00e8s de Toulouse"},"content":{"rendered":"<p>            Par<br \/>\n        <strong><br \/>\n            <a href=\"https:\/\/actu.fr\/auteur\/mareva-laville-actu-fr\" title=\"Consulter tous les articles de Mar\u00e9va Laville\" rel=\"nofollow noopener\" target=\"_blank\">Mar\u00e9va Laville<\/a><br \/>\n        <\/strong><\/p>\n<p>        Publi\u00e9 le<\/p>\n<p>            30 oct. 2025 \u00e0 19h00        <\/p>\n<p>Un homme \u00e2g\u00e9 d\u2019une cinquantaine d\u2019ann\u00e9es a perdu la vie ce jeudi 30\u00a0octobre 2025, \u00e0 Colomiers, pr\u00e8s de <a href=\"http:\/\/www.actu.fr\/toulouse\" rel=\"nofollow noopener\" target=\"_blank\">Toulouse<\/a>. Peu avant 12h, l\u2019homme a<strong> chut\u00e9 du 7e \u00e9tage<\/strong> d\u2019un immeuble situ\u00e9 rue de Provence.<\/p>\n<p>    <a href=\"https:\/\/www.google.com\/maps\/embed?pb=!1m18!1m12!1m3!1d5777.637055089605!2d1.3414150769804065!3d43.6103199711042!2m3!1f0!2f0!3f0!3m2!1i1024!2i768!4f13.1!3m3!1m2!1s0x12aeb040826a17a5%3A0xd689db19dd5868d1!2s4%20Rue%20de%20Provence%2C%2031770%20Colomiers!5e0!3m2!1sfr!2sfr!4v1761846794647!5m2!1sfr!2sfr\" title=\"Ouvrie le lien\" rel=\"nofollow noopener\" target=\"_blank\">Cliquez ici pour visualiser le contenu<\/a><\/p>\n<p>L\u2019homme d\u00e9clar\u00e9 d\u00e9c\u00e9d\u00e9<\/p>\n<p class=\" wall-content\">\u00c0 leur arriv\u00e9e, les pompiers ont retrouv\u00e9 la victime en<strong> arr\u00eat cardio-respiratoire.<\/strong> Les gestes de secours et de r\u00e9animation ont rapidement \u00e9t\u00e9 effectu\u00e9s. Mais \u00ab\u2009malgr\u00e9 les efforts imm\u00e9diats des \u00e9quipes de secours, l\u2019homme a \u00e9t\u00e9 <strong>d\u00e9clar\u00e9 d\u00e9c\u00e9d\u00e9 sur place<\/strong>\u2009\u00bb, indique le Sdis 31.<\/p>\n<p class=\" wall-content\">Une enqu\u00eate est ouverte pour d\u00e9terminer les causes de sa mort.<\/p>\n<p>Deux personnes sous le choc<\/p>\n<p class=\" wall-content\">Sur place, deux personnes ont \u00e9t\u00e9 t\u00e9moins de l\u2019accident. Choqu\u00e9es, elles ont \u00e9galement \u00e9t\u00e9 prises en charge \u00ab\u2009mais n\u2019ont pas n\u00e9cessit\u00e9 de transport vers un \u00e9tablissement hospitalier\u2009\u00bb.<\/p>\n<p class=\" wall-content\">Personnalisez votre actualit\u00e9 en ajoutant vos villes et m\u00e9dias en favori avec <a href=\"https:\/\/moncompte.actu.fr\" title=\"D\u00e9couvez Mon Actu\" rel=\"nofollow noopener\" data-trk=\"{&quot;cta&quot;:{&quot;action&quot;:&quot;https:\\\/\\\/moncompte.actu.fr&quot;,&quot;category&quot;:&quot;mon compte&quot;,&quot;from&quot;:&quot;article footer&quot;,&quot;name&quot;:&quot;Mon actu&quot;,&quot;type&quot;:&quot;cta&quot;}}\" target=\"_blank\">Mon Actu<\/a>.<\/p>\n","protected":false},"excerpt":{"rendered":"Par Mar\u00e9va Laville Publi\u00e9 le 30 oct. 2025 \u00e0 19h00 Un homme \u00e2g\u00e9 d\u2019une cinquantaine d\u2019ann\u00e9es a perdu&hellip;\n","protected":false},"author":2,"featured_media":448731,"comment_status":"","ping_status":"","sticky":false,"template":"","format":"standard","meta":{"footnotes":""},"categories":[2816],"tags":[1111,11,1777,674,118,1011,27,12,2680,1311,25,2312],"class_list":{"0":"post-500498","1":"post","2":"type-post","3":"status-publish","4":"format-standard","5":"has-post-thumbnail","7":"category-toulouse","8":"tag-actu","9":"tag-actualites","10":"tag-eu","11":"tag-europe","12":"tag-faits-divers","13":"tag-fr","14":"tag-france","15":"tag-news","16":"tag-occitanie","17":"tag-pompiers","18":"tag-republique-francaise","19":"tag-toulouse"},"share_on_mastodon":{"url":"https:\/\/pubeurope.com\/@fr\/115464449887319402","error":""},"_links":{"self":[{"href":"https:\/\/www.europesays.com\/fr\/wp-json\/wp\/v2\/posts\/500498","targetHints":{"allow":["GET"]}}],"collection":[{"href":"https:\/\/www.europesays.com\/fr\/wp-json\/wp\/v2\/posts"}],"about":[{"href":"https:\/\/www.europesays.com\/fr\/wp-json\/wp\/v2\/types\/post"}],"author":[{"embeddable":true,"href":"https:\/\/www.europesays.com\/fr\/wp-json\/wp\/v2\/users\/2"}],"replies":[{"embeddable":true,"href":"https:\/\/www.europesays.com\/fr\/wp-json\/wp\/v2\/comments?post=500498"}],"version-history":[{"count":0,"href":"https:\/\/www.europesays.com\/fr\/wp-json\/wp\/v2\/posts\/500498\/revisions"}],"wp:featuredmedia":[{"embeddable":true,"href":"https:\/\/www.europesays.com\/fr\/wp-json\/wp\/v2\/media\/448731"}],"wp:attachment":[{"href":"https:\/\/www.europesays.com\/fr\/wp-json\/wp\/v2\/media?parent=500498"}],"wp:term":[{"taxonomy":"category","embeddable":true,"href":"https:\/\/www.europesays.com\/fr\/wp-json\/wp\/v2\/categories?post=500498"},{"taxonomy":"post_tag","embeddable":true,"href":"https:\/\/www.europesays.com\/fr\/wp-json\/wp\/v2\/tags?post=500498"}],"curies":[{"name":"wp","href":"https:\/\/api.w.org\/{rel}","templated":true}]}}