{"id":500499,"date":"2025-10-30T18:07:18","date_gmt":"2025-10-30T18:07:18","guid":{"rendered":"https:\/\/www.europesays.com\/fr\/500499\/"},"modified":"2025-10-30T18:07:18","modified_gmt":"2025-10-30T18:07:18","slug":"soiree-mousse-dinos-halloween-labubu-que-faire-ce-week-end-a-lille-et-autour","status":"publish","type":"post","link":"https:\/\/www.europesays.com\/fr\/500499\/","title":{"rendered":"Soir\u00e9e mousse, dinos, Halloween, Labubu\u2026 Que faire ce week-end \u00e0 Lille et autour\u00a0?"},"content":{"rendered":"<p>            Par<br \/>\n        <strong><br \/>\n            <a href=\"https:\/\/actu.fr\/auteur\/amandine-vachez\" title=\"Consulter tous les articles de Amandine Vachez\" rel=\"nofollow noopener\" target=\"_blank\">Amandine Vachez<\/a><br \/>\n        <\/strong><\/p>\n<p>        Publi\u00e9 le<\/p>\n<p>            30 oct. 2025 \u00e0 16h50        <\/p>\n<p>Un week-end \u00e0 la fois frissonnant et amusant en perspective\u2009! Voici un aper\u00e7u de ce qui vous attend du c\u00f4t\u00e9 de <a href=\"https:\/\/actu.fr\/lille\/\" rel=\"nofollow noopener\" target=\"_blank\">Lille<\/a> (Nord) cette fin de semaine. La s\u00e9lection de<b> sorties<\/b> de la r\u00e9daction, <b>du vendredi 31\u00a0octobre au dimanche 2\u00a0novembre 2025<\/b>, derniers jours des <a href=\"https:\/\/actu.fr\/societe\/on-est-a-bout-pourquoi-les-vacances-de-la-toussaint-arrivent-a-point-nomme-dans-les-ecoles_63275427.html\" rel=\"nofollow noopener\" target=\"_blank\">vacances de la Toussaint<\/a>.<\/p>\n<p>Halloween, soir\u00e9e mousse, t\u00e9l\u00e9cabines\u2026 Nos id\u00e9es de sorties<\/p>\n<ul class=\" wall-content\">\n<li><b>Deux soir\u00e9es festives \u00e0 la patinoire \u00e0 Wasquehal<\/b><\/li>\n<\/ul>\n<p class=\" wall-content\">La patinoire Serge Charles passe en mode Halloween, avec une soir\u00e9e sp\u00e9ciale organis\u00e9e vendredi 31\u00a0octobre. Samedi, place \u00e0 la soir\u00e9e mousse, pour cl\u00f4turer ces vacances en beaut\u00e9\u2009! Plus d\u2019infos sur les \u00e9v\u00e9nements du week-end <a href=\"https:\/\/actu.fr\/hauts-de-france\/wasquehal_59646\/la-patinoire-de-wasquehal-en-fete-avec-une-soiree-halloween-et-une-soiree-mousse-ce-week-end_63361271.html\" rel=\"nofollow noopener\" target=\"_blank\">dans un article cibl\u00e9<\/a>.<\/p>\n<p class=\" wall-content\">C\u2019est l\u2019occasion de se d\u00e9guiser pour aller chercher des friandises, bien s\u00fbr. Mais aussi de passer un moment sympathique en\u00a0famille\u00a0ou entre amis, voire de\u00a0se faire frissonner\u00a0dans des lieux inexplor\u00e9s\u2026 Pour surfer sur l\u2019\u00e9v\u00e9nement d\u2019Halloween, les parcs d\u2019attractions adaptent leurs d\u00e9cors et proposent des animations sur-mesure, adapt\u00e9es aux petits et plus grands visiteurs. De quelles animations profiter et o\u00f9\u2009? R\u00e9ponse <a href=\"https:\/\/actu.fr\/hauts-de-france\/lille_59350\/nocturnes-maisons-hantees-labyrinthe-halloween-celebre-dans-ces-parcs-pres-de-lille_63308113.html\" rel=\"nofollow noopener\" target=\"_blank\">par ici<\/a>.<\/p>\n<ul class=\" wall-content\">\n<li><b>Soir\u00e9e Halloween de La Lilloise au Casino Barri\u00e8re<\/b><\/li>\n<\/ul>\n<p class=\" wall-content\">C\u2019est une premi\u00e8re, et elle s\u2019annonce exceptionnelle\u2009! La Lilloise s\u2019invite au Casino Barri\u00e8re de Lille pour une soir\u00e9e qui s\u2019annonce diaboliquement festive\u2009! DJ, performers, danseuses, d\u00e9cors terrifiants\u2026 Le programme a \u00e9t\u00e9 soigneusement choisi\u2009! Plus d\u2019infos sur ce qui vous attend sur place <a href=\"https:\/\/actu.fr\/hauts-de-france\/lille_59350\/lille-dj-sets-performers-danseuses-et-decors-terrifiants-un-bal-dhalloween-au-casino-barriere_63290932.html\" rel=\"nofollow noopener\" target=\"_blank\">dans notre article<\/a>.<\/p>\n<ul class=\" wall-content\">\n<li><b>Le Louvre et les Labubu \u00e0 Euralille<\/b><\/li>\n<\/ul>\n<p>Votre r\u00e9gion, votre actu !<\/p>\n<p>Recevez chaque jour les infos qui comptent pour vous.<\/p>\n<p>\t<a href=\"https:\/\/actu.fr\/newsletter\" class=\"ac-btn ac-btn--corner ac-btn--medium ac-btn--blue800\" rel=\"nofollow noopener\" target=\"_blank\">S&rsquo;incrire<\/a><\/p>\n<p class=\" wall-content\">Le centre commercial de Lille Westfield Euralille est anim\u00e9 pendant ces vacances\u2009! Jusqu\u2019au vendredi 31\u00a0octobre, vous pouvez y d\u00e9couvrir des \u0153uvres du Louvre. Ainsi, entre Nocib\u00e9 et Pandora, vous croisez des reproductions de la V\u00e9nus\u00a0de Milo, du Scribe accroupi\u00a0ou encore\u00a0La Joconde\u2026 \u00c0 c\u00f4t\u00e9 de cette installation \u00e9ph\u00e9m\u00e8re, une nouvelle boutique a aussi ouvert ses portes cette semaine\u2009: Pop Mart, avec des Labubu. <a href=\"https:\/\/actu.fr\/hauts-de-france\/lille_59350\/lille-une-foule-impressionnante-pour-le-premier-jour-douverture-de-pop-mart-la-boutique-des-labubu_63371371.html\" rel=\"nofollow noopener\" target=\"_blank\">La foule \u00e9tait pr\u00e9sente pour l\u2019ouverture<\/a>, le 30\u00a0octobre. Et si vous y faisiez un tour ce week-end\u2009?<\/p>\n<p class=\" wall-content\">Vivez un\u00a0incroyable voyage dans le temps sans quitter la m\u00e9tropole lilloise. Jusqu\u2019au 1er\u00a0novembre, le Kiabi Village situ\u00e9 \u00e0 Lezennes\u00a0se transforme en un d\u00e9cor de l\u2019\u00e8re du Jurassique.\u00a0Six dinosaures grandeur nature\u00a0prennent vie, pour le plus grand bonheur des familles. Entre d\u00e9couverte, amusement et \u00e9merveillement, cette\u00a0exposition \u00e9ph\u00e9m\u00e8re\u00a0est <a href=\"https:\/\/actu.fr\/hauts-de-france\/lezennes_59346\/pres-de-lille-decouvrez-6-dinosaures-grandeur-nature-dans-des-decors-immersifs_63360517.html\" rel=\"nofollow noopener\" target=\"_blank\">une belle id\u00e9e de sortie \u00e0 partager en famille<\/a>.<\/p>\n<ul class=\" wall-content\">\n<li><b>La Grande Vague, festival autour des cultures japonaise et cor\u00e9enne<\/b><\/li>\n<\/ul>\n<p class=\" wall-content\">Les aficionados de ce rendez-vous, et plus g\u00e9n\u00e9ralement de la culture asiatique, seront ravis d\u2019apprendre que l\u2019\u00e9v\u00e9nement La Grande Vague revient pour une nouvelle \u00e9dition. Ce qui vous attend, les samedi\u00a01er et dimanche 2\u00a0novembre au Grand Playground, dans la m\u00e9tropole lilloise. On vous en dit plus <a href=\"https:\/\/actu.fr\/hauts-de-france\/lille_59350\/pres-de-lille-un-festival-sur-les-cultures-japonaise-et-coreenne-de-retour-ce-week-end_63356660.html\" rel=\"nofollow noopener\" target=\"_blank\">dans un article consacr\u00e9 au sujet<\/a>.<\/p>\n<ul class=\" wall-content\">\n<li><b>Exceptionnel\u2009: une exposition remarquable pour les 100\u00a0ans de l\u2019Art d\u00e9co \u00e0 Roubaix<\/b><\/li>\n<\/ul>\n<p class=\" wall-content\">Le mus\u00e9e de La Piscine frappe encore fort, avec une exposition in\u00e9dite pour c\u00e9l\u00e9brer les 100\u00a0ans de l\u2019Art d\u00e9co. On y d\u00e9couvre les \u0153uvres et la vie d\u2019une artiste, figure de proue du mouvement mais peu connue\u2009: <a href=\"https:\/\/actu.fr\/hauts-de-france\/roubaix_59512\/roubaix-une-expo-remarquable-pour-celebrer-les-100-ans-de-lart-deco-au-musee-de-la-piscine_63364885.html\" rel=\"nofollow noopener\" target=\"_blank\">Odette Pauvert<\/a>.<\/p>\n<ul class=\" wall-content\">\n<li><b>T\u00e9l\u00e9cabines, fondue, raclette\u2026 La Friche gourmande passe en mode hiver<\/b><\/li>\n<\/ul>\n<p class=\" wall-content\">\u00c0 Saint-Andr\u00e9-lez-Lille, la Friche Gourmande se transforme, du 29\u00a0octobre au 30\u00a0mars, en station de ski urbaine avec curling, raclette et soir\u00e9es enneig\u00e9es au programme. Plus d\u2019infos sur l\u2019ambiance et les \u00e9v\u00e9nements <a href=\"https:\/\/actu.fr\/hauts-de-france\/saint-andre-lez-lille_59527\/pres-de-lille-la-friche-gourmande-se-transforme-en-station-de-ski-avec-telecabines-et-fromage-fondu_63360813.html\" rel=\"nofollow noopener\" target=\"_blank\">par ici<\/a>.<\/p>\n<ul class=\" wall-content\">\n<li><b>Explorez la f\u00eate, cr\u00e9ez des confettis et dansez dans cette incroyable expo gratuite \u00e0 Saint-So<\/b><\/li>\n<\/ul>\n<p class=\" wall-content\">C\u2019est s\u00e9rieusement drolatique, et brillamment construit. Dans le\u00a0parcours de l\u2019exposition de la Briche Foraine\u00a0\u00e0\u00a0Saint-So, le visiteur est plong\u00e9 dans\u00a0l\u2019univers du \u00ab\u2009grand festif\u2009\u00bb.\u00a0On p\u00e9n\u00e8tre dans les coulisses de l\u2019Institut du m\u00eame nom, avant de pouvoir s\u2019adonner \u00e0 des \u00ab\u2009tests\u2009\u00bb surprenants, et d\u2019\u00eatre invit\u00e9 \u00e0 \u00ab\u2009gincher\u2009\u00bb, costum\u00e9 et masqu\u00e9s pour ceux qui le souhaitent. Une\u00a0<a href=\"https:\/\/actu.fr\/hauts-de-france\/lille_59350\/lille-explorez-la-fete-creez-des-confettis-et-dansez-dans-cette-incroyable-expo-gratuite-a-saint-so_63355480.html\" rel=\"nofollow noopener\" target=\"_blank\">immersion in\u00e9dite dans l\u2019univers de la f\u00eate<\/a>.<\/p>\n<ul class=\" wall-content\">\n<li><b>Brocantes, bourses aux jouets, vide-greniers\u2009: chiner dans le Nord \u2013 Pas-de-Calais<\/b><\/li>\n<\/ul>\n<p class=\" wall-content\">Avis aux chineurs\u2009! Bien qu\u2019elles se fassent plus rares en automne, plusieurs brocantes en salle (pour \u00eatre \u00e0 l\u2019abri des intemp\u00e9ries) sont organis\u00e9es ce premier week-end de novembre. Il y a aussi des vide-greniers et march\u00e9s aux puces\u00a0de pr\u00e9vus. Mais c\u2019est surtout le grand retour des\u00a0bourses aux jouets, \u00e0 moins de deux mois de No\u00ebl. <a href=\"https:\/\/actu.fr\/loisirs-culture\/brocantes-bourses-aux-jouets-vide-greniers-ou-chiner-dans-le-nord-pas-de-calais-les-1er-et-2-novembre_63364421.html\" rel=\"nofollow noopener\" target=\"_blank\">Les ventes du week-end<\/a>.<\/p>\n<p class=\" wall-content\">Il y a aussi les escape-games, lieux de loisirs indoor pour les enfants ou encore les salles de spectacles et cin\u00e9mas, qui proposent de belles sorties pour cl\u00f4turer ces vacances en beaut\u00e9. Il ne nous reste qu\u2019\u00e0 vous souhaiter une bonne fin de semaine, et un\u2026 \u00ab\u2009happy Halloween\u2009\u00bb\u2009!<\/p>\n<p class=\" wall-content\">Personnalisez votre actualit\u00e9 en ajoutant vos villes et m\u00e9dias en favori avec <a href=\"https:\/\/moncompte.actu.fr\" title=\"D\u00e9couvez Mon Actu\" rel=\"nofollow noopener\" data-trk=\"{&quot;cta&quot;:{&quot;action&quot;:&quot;https:\\\/\\\/moncompte.actu.fr&quot;,&quot;category&quot;:&quot;mon compte&quot;,&quot;from&quot;:&quot;article footer&quot;,&quot;name&quot;:&quot;Mon actu&quot;,&quot;type&quot;:&quot;cta&quot;}}\" target=\"_blank\">Mon Actu<\/a>.<\/p>\n","protected":false},"excerpt":{"rendered":"Par Amandine Vachez Publi\u00e9 le 30 oct. 2025 \u00e0 16h50 Un week-end \u00e0 la fois frissonnant et amusant&hellip;\n","protected":false},"author":2,"featured_media":500500,"comment_status":"","ping_status":"","sticky":false,"template":"","format":"standard","meta":{"footnotes":""},"categories":[2815],"tags":[1111,11,1777,674,652,1011,27,20815,811,1307,1652,12,25],"class_list":{"0":"post-500499","1":"post","2":"type-post","3":"status-publish","4":"format-standard","5":"has-post-thumbnail","7":"category-lille","8":"tag-actu","9":"tag-actualites","10":"tag-eu","11":"tag-europe","12":"tag-famille","13":"tag-fr","14":"tag-france","15":"tag-halloween","16":"tag-hauts-de-france","17":"tag-lille","18":"tag-loisirs-culture","19":"tag-news","20":"tag-republique-francaise"},"share_on_mastodon":{"url":"https:\/\/pubeurope.com\/@fr\/115464453780775219","error":""},"_links":{"self":[{"href":"https:\/\/www.europesays.com\/fr\/wp-json\/wp\/v2\/posts\/500499","targetHints":{"allow":["GET"]}}],"collection":[{"href":"https:\/\/www.europesays.com\/fr\/wp-json\/wp\/v2\/posts"}],"about":[{"href":"https:\/\/www.europesays.com\/fr\/wp-json\/wp\/v2\/types\/post"}],"author":[{"embeddable":true,"href":"https:\/\/www.europesays.com\/fr\/wp-json\/wp\/v2\/users\/2"}],"replies":[{"embeddable":true,"href":"https:\/\/www.europesays.com\/fr\/wp-json\/wp\/v2\/comments?post=500499"}],"version-history":[{"count":0,"href":"https:\/\/www.europesays.com\/fr\/wp-json\/wp\/v2\/posts\/500499\/revisions"}],"wp:featuredmedia":[{"embeddable":true,"href":"https:\/\/www.europesays.com\/fr\/wp-json\/wp\/v2\/media\/500500"}],"wp:attachment":[{"href":"https:\/\/www.europesays.com\/fr\/wp-json\/wp\/v2\/media?parent=500499"}],"wp:term":[{"taxonomy":"category","embeddable":true,"href":"https:\/\/www.europesays.com\/fr\/wp-json\/wp\/v2\/categories?post=500499"},{"taxonomy":"post_tag","embeddable":true,"href":"https:\/\/www.europesays.com\/fr\/wp-json\/wp\/v2\/tags?post=500499"}],"curies":[{"name":"wp","href":"https:\/\/api.w.org\/{rel}","templated":true}]}}