{"id":50051,"date":"2025-04-24T20:37:15","date_gmt":"2025-04-24T20:37:15","guid":{"rendered":"https:\/\/www.europesays.com\/fr\/50051\/"},"modified":"2025-04-24T20:37:15","modified_gmt":"2025-04-24T20:37:15","slug":"quinte-du-vendredi-25-avril-2025-en-nocturne-a-vincennes-les-pronostics","status":"publish","type":"post","link":"https:\/\/www.europesays.com\/fr\/50051\/","title":{"rendered":"Quint\u00e9 du vendredi 25 avril 2025 en nocturne \u00e0 Vincennes : les pronostics"},"content":{"rendered":"<p class=\"article-p mdl\">Retrouvez les pronostics de Dominique Cordier pour le Quint\u00e9 du vendredi 25 avril 2025 en nocturne \u00e0 Vincennes, le Prix Huberta. <strong>D\u00e9part \u00e0 20h15. 16 partants. <\/strong>Trot attel\u00e9. 2.850 m\u00e8tres. Grande piste. Trotteurs de 7 \u00e0 11 ans.&#13;<\/p>\n<p class=\"article-p mdl\">Joli quint\u00e9, o\u00f9 le <strong>14 Iquem d\u2019Amer<\/strong> est ind\u00e9niablement le trotteur \u00e0 battre.<\/p>\n<p class=\"article-p mdl\">Sauf incident, il est une base fiable sur le podium, dans les trois premiers autrement dit.&#13;<\/p>\n<p class=\"article-p mdl\">En embuscade, le bon mais assez d\u00e9licat <strong>Icare de Phyt\u2019s<\/strong>, ainsi que les deux \u00ab Bigeon \u00bb, le<strong> 6 Is Magic Haufor<\/strong>, qui a notre pr\u00e9f\u00e9rence pour son s\u00e9rieux et sa r\u00e9gularit\u00e9, et le <strong>3 Instant d\u2019Haufor<\/strong>, sans doute meilleure que sa compagne de couleurs mais qui se montre parfois tr\u00e8s fantasque dans un parcours.&#13;<\/p>\n<p class=\"article-p mdl\">Le <strong>7 Hurricane Carter <\/strong>n&rsquo;a plus \u00e9t\u00e9 revu depuis le mois de janvier, mais attention, il gagne plus souvent qu\u2019\u00e0 son tour quand il fait sa rentr\u00e9e, qu\u2019il soit ferr\u00e9 comme ici ou all\u00e9g\u00e9 dans sa ferrure. C\u2019est l\u2019outsider de RTL.&#13;<\/p>\n<p class=\"article-p mdl\">Le <strong>10 Grand Roi Kalouma <\/strong>n\u2019a gu\u00e8re plus de marge dans cette cat\u00e9gorie, mais si les choses se mettent dans son sens, il peut conserver une place dans la bonne combinaison.&#13;&#13;&#13;&#13;<\/p>\n<p>            Les pronostics<\/p>\n<p class=\"article-p mdl\">\n<p>14. Iquem d\u2019Amer&#13;<br \/>5. Icare de Phyt\u2019s&#13;<br \/>6. Is Magic Haufor&#13;<br \/>3. Instant d\u2019Haufor&#13;<br \/>11. Herm\u00e8s Express&#13;<br \/>7. Hurricane Carter&#13;<br \/>10. Grand Roi Kalouma<\/p>\n<p>            L&rsquo;Outsider de RTL<\/p>\n<p class=\"article-p mdl\">7. Hurricane Carter<\/p>\n<p>    R\u00e9sultats du mercredi 23 avril 2025 \u00e0 Maure-de-Bretagne<\/p>\n<p class=\"article-p mdl\">6e, le favori de RTL montre ses limites, l\u2019outsider de RTL termine 2e. <\/p>\n<p>    La r\u00e9daction vous recommande<\/p>\n<p class=\"s-newsletter__title\">\n                L\u2019actualit\u00e9 par la r\u00e9daction de RTL dans votre bo\u00eete mail.\n            <\/p>\n<p class=\"s-newsletter__subtitle\">\n                Gr\u00e2ce \u00e0 votre compte RTL abonnez-vous \u00e0 la newsletter RTL info pour suivre toute l&rsquo;actualit\u00e9 au quotidien\n            <\/p>\n<p>\n                                    Lire la suite\n                                <\/p>\n","protected":false},"excerpt":{"rendered":"Retrouvez les pronostics de Dominique Cordier pour le Quint\u00e9 du vendredi 25 avril 2025 en nocturne \u00e0 Vincennes,&hellip;\n","protected":false},"author":2,"featured_media":3836,"comment_status":"","ping_status":"","sticky":false,"template":"","format":"standard","meta":{"footnotes":""},"categories":[1888],"tags":[11,2621,2622,2620,1777,674,107,2619,1011,27,12,626,2623,25],"class_list":{"0":"post-50051","1":"post","2":"type-post","3":"status-publish","4":"format-standard","5":"has-post-thumbnail","7":"category-paris","8":"tag-actualites","9":"tag-chevaux","10":"tag-courses","11":"tag-courses-de-trot","12":"tag-eu","13":"tag-europe","14":"tag-fil-info","15":"tag-fil-sport","16":"tag-fr","17":"tag-france","18":"tag-news","19":"tag-paris","20":"tag-quinte","21":"tag-republique-francaise"},"share_on_mastodon":{"url":"https:\/\/pubeurope.com\/@fr\/114394867087383328","error":""},"_links":{"self":[{"href":"https:\/\/www.europesays.com\/fr\/wp-json\/wp\/v2\/posts\/50051","targetHints":{"allow":["GET"]}}],"collection":[{"href":"https:\/\/www.europesays.com\/fr\/wp-json\/wp\/v2\/posts"}],"about":[{"href":"https:\/\/www.europesays.com\/fr\/wp-json\/wp\/v2\/types\/post"}],"author":[{"embeddable":true,"href":"https:\/\/www.europesays.com\/fr\/wp-json\/wp\/v2\/users\/2"}],"replies":[{"embeddable":true,"href":"https:\/\/www.europesays.com\/fr\/wp-json\/wp\/v2\/comments?post=50051"}],"version-history":[{"count":0,"href":"https:\/\/www.europesays.com\/fr\/wp-json\/wp\/v2\/posts\/50051\/revisions"}],"wp:featuredmedia":[{"embeddable":true,"href":"https:\/\/www.europesays.com\/fr\/wp-json\/wp\/v2\/media\/3836"}],"wp:attachment":[{"href":"https:\/\/www.europesays.com\/fr\/wp-json\/wp\/v2\/media?parent=50051"}],"wp:term":[{"taxonomy":"category","embeddable":true,"href":"https:\/\/www.europesays.com\/fr\/wp-json\/wp\/v2\/categories?post=50051"},{"taxonomy":"post_tag","embeddable":true,"href":"https:\/\/www.europesays.com\/fr\/wp-json\/wp\/v2\/tags?post=50051"}],"curies":[{"name":"wp","href":"https:\/\/api.w.org\/{rel}","templated":true}]}}