{"id":500514,"date":"2025-10-30T18:16:12","date_gmt":"2025-10-30T18:16:12","guid":{"rendered":"https:\/\/www.europesays.com\/fr\/500514\/"},"modified":"2025-10-30T18:16:12","modified_gmt":"2025-10-30T18:16:12","slug":"au-proces-en-appel-du-crash-du-rio-paris-airbus-et-air-france-a-la-barre","status":"publish","type":"post","link":"https:\/\/www.europesays.com\/fr\/500514\/","title":{"rendered":"Au proc\u00e8s en appel du crash du Rio-Paris, Airbus et Air France \u00e0 la barre"},"content":{"rendered":"<p class=\"mb-4 text-lg md:leading-8 break-words\">Seize ans apr\u00e8s le crash du vol Rio-Paris qui a tu\u00e9 228 personnes, la compagnie Air France et le constructeur Airbus, relax\u00e9s en premi\u00e8re instance et jug\u00e9s en appel pour homicides involontaires, se sont d\u00e9fendus cette semaine de toute responsabilit\u00e9 p\u00e9nale.<\/p>\n<p class=\"mb-4 text-lg md:leading-8 break-words\">Le 1er juin 2009, l&rsquo;Airbus, parti de Rio de Janeiro pour Paris (vol AF447), s&rsquo;ab\u00eeme en pleine nuit dans l&rsquo;Atlantique, quelques heures apr\u00e8s son d\u00e9collage, entra\u00eenant la mort de ses 216 passagers et 12 membres d&rsquo;\u00e9quipage. A bord de l&rsquo;A330 immatricul\u00e9 F-GZCP se trouvent des passagers de 33 nationalit\u00e9s, parmi lesquels 72 Fran\u00e7ais et 58 Br\u00e9siliens.<\/p>\n<p class=\"mb-4 text-lg md:leading-8 break-words\">\u00c0 mi-chemin des deux mois de proc\u00e8s devant la cour d&rsquo;appel de Paris pour cet accident a\u00e9rien, \u00a0pass\u00e9 \u00e0 la post\u00e9rit\u00e9 par la c\u00e9l\u00e8bre photo de la d\u00e9rive tricolore de l&rsquo;avion flottant au milieu de l&rsquo;oc\u00e9an Atlantique, l&rsquo;interrogatoire des repr\u00e9sentants des deux soci\u00e9t\u00e9s mises en cause a occup\u00e9 le gros de la semaine d&rsquo;audience.<\/p>\n<p class=\"mb-4 text-lg md:leading-8 break-words\">\u00ab\u00a0Notre objectif, c&rsquo;est z\u00e9ro accident. Le moindre accident est un \u00e9chec pour l&rsquo;ensemble de notre communaut\u00e9\u00a0\u00bb, admet Christophe Cail, le repr\u00e9sentant d&rsquo;Airbus au proc\u00e8s, appel\u00e9 \u00e0 la barre mercredi et jeudi.<\/p>\n<p class=\"mb-4 text-lg md:leading-8 break-words\">La justice reproche au constructeur a\u00e9ronautique europ\u00e9en d&rsquo;avoir sous-estim\u00e9 la gravit\u00e9 des d\u00e9faillances des sondes an\u00e9mom\u00e9triques, dont le givrage en haute altitude est le point de d\u00e9part de l&rsquo;accident, et de n&rsquo;avoir pas pris toutes les dispositions n\u00e9cessaires pour en informer d&rsquo;urgence les compagnies a\u00e9riennes qui en \u00e9taient \u00e9quip\u00e9es.<\/p>\n<p class=\"mb-4 text-lg md:leading-8 break-words\">\u00ab\u00a0D\u00e8s qu&rsquo;on per\u00e7oit un risque, on va tout faire pour le corriger. La pr\u00e9caution, c&rsquo;est de communiquer aux compagnies a\u00e9riennes. Le principe de pr\u00e9caution que nous prenons est de regarder ce qu&rsquo;on doit faire \u00e0 court, moyen et long terme\u00a0\u00bb, d\u00e9clare le pilote d&rsquo;essai.<\/p>\n<p class=\"mb-4 text-lg md:leading-8 break-words\">Pour sa part, le transporteur Air France est poursuivi pour ne pas avoir mis en \u0153uvre de formation de pilotes adapt\u00e9e aux situations de givrage des sondes Pitot, qui mesurent \u00e0 l&rsquo;ext\u00e9rieur de l&rsquo;avion la vitesse de l&rsquo;appareil,\u00a0ni proc\u00e9d\u00e9 \u00e0 une information suffisante des \u00e9quipages.<\/p>\n<p class=\"mb-4 text-lg md:leading-8 break-words\">&#8211; \u00ab\u00a0Facteurs humains\u00a0\u00bb &#8211;<\/p>\n<p class=\"mb-4 text-lg md:leading-8 break-words\">\u00ab\u00a0Nous avions les moyens de faire une formation en haute altitude mais si nous ne l&rsquo;avons pas fait, c&rsquo;est que nous pensions, en conscience, qu&rsquo;elle n&rsquo;\u00e9tait pas n\u00e9cessaire au regard des informations qui \u00e9taient port\u00e9es \u00e0 notre connaissance\u00a0\u00bb, justifie \u00e0 la barre Pascal Weil, qui a r\u00e9pondu au nom d&rsquo;Air France aux questions mardi et mercredi.<\/p>\n<p class=\"mb-4 text-lg md:leading-8 break-words\">Sous les dorures de la grande chambre solennelle de la cour d&rsquo;appel, les \u00e9changes s&rsquo;av\u00e8rent tendus entre les soci\u00e9t\u00e9s jug\u00e9es et les avocats des plus de 250 parties civiles encore pr\u00e9sentes en appel, contre pr\u00e8s de 500 en premi\u00e8re instance, tous conscients qu&rsquo;approche l&rsquo;\u00e9pilogue de ce marathon judiciaire.<\/p>\n<p class=\"mb-4 text-lg md:leading-8 break-words\">\u00ab\u00a0On a le sentiment en vous entendant que le doute n&rsquo;existe pas\u00a0\u00bb, s&rsquo;agace face au repr\u00e9sentant d&rsquo;Airbus Me Alain Jakubowicz, avocat de nombreuses parties civiles. \u00ab\u00a0On a eu l&rsquo;impression de n&rsquo;avoir eu que des \u00e9l\u00e9ments de langage, \u00e0 quel moment il y a de la sinc\u00e9rit\u00e9 ? \u00c0 quel moment on sort de la technique pour parler un peu d&rsquo;humain\u00a0?\u00a0\u00bb.<\/p>\n<p class=\"mb-4 text-lg md:leading-8 break-words\">En r\u00e9ponse, dans un rare moment de spontan\u00e9it\u00e9 dans ce proc\u00e8s aride, le repr\u00e9sentant d&rsquo;Airbus refait le film, d\u00e9cortiquant presque geste par geste, les comportements des pilotes lors des derni\u00e8res minutes fatales de l&rsquo;AF447.<\/p>\n<p class=\"mb-4 text-lg md:leading-8 break-words\">\u00ab\u00a0Les pilotes avaient la solution. Ils avaient la solution, ils l&rsquo;ont dit tous les deux. Il faut redescendre, ils l&rsquo;ont dit. S&rsquo;ils \u00e9taient redescendus, ils seraient l\u00e0 aujourd&rsquo;hui\u00a0\u00bb, regrette-t-il, estimant que \u00ab\u00a0les facteurs humains ont \u00e9t\u00e9 pr\u00e9d\u00e9terminants\u00a0\u00bb dans la catastrophe.<\/p>\n<p class=\"mb-4 text-lg md:leading-8 break-words\">\u00c0 l&rsquo;issue du proc\u00e8s en premi\u00e8re instance, le tribunal correctionnel de Paris avait relax\u00e9 en 2023 sur le plan p\u00e9nal Airbus et Air France tout en reconnaissant leur responsabilit\u00e9 civile.<\/p>\n<p class=\"mb-4 text-lg md:leading-8 break-words\">Il a consid\u00e9r\u00e9 que si des \u00ab\u00a0imprudences\u00a0\u00bb et \u00ab\u00a0n\u00e9gligences\u00a0\u00bb avaient \u00e9t\u00e9 commises, \u00ab\u00a0aucun lien de causalit\u00e9 certain\u00a0\u00bb n&rsquo;avait \u00ab\u00a0pu \u00eatre d\u00e9montr\u00e9\u00a0\u00bb avec l&rsquo;accident le plus meurtrier de l&rsquo;histoire des compagnies fran\u00e7aises.<\/p>\n<p class=\"mb-4 text-lg md:leading-8 break-words\">L&rsquo;enjeu de ce proc\u00e8s en appel concerne avant tout la r\u00e9putation d&rsquo;Airbus et Air France, qui n&rsquo;encourent que\u00a0225.000 euros d&rsquo;amende en cas de d\u00e9claration de culpabilit\u00e9.<\/p>\n<p class=\"mb-4 text-lg md:leading-8 break-words\">L&rsquo;audience est pr\u00e9vue jusqu&rsquo;au 27 novembre.<\/p>\n<p class=\"mb-4 text-lg md:leading-8 break-words\">amd\/mat\/nth<\/p>\n","protected":false},"excerpt":{"rendered":"Seize ans apr\u00e8s le crash du vol Rio-Paris qui a tu\u00e9 228 personnes, la compagnie Air France et&hellip;\n","protected":false},"author":2,"featured_media":500515,"comment_status":"","ping_status":"","sticky":false,"template":"","format":"standard","meta":{"footnotes":""},"categories":[1888],"tags":[1111,1928,11,1927,1816,36,1777,674,1011,27,12,1926,626,1925,25,17718],"class_list":{"0":"post-500514","1":"post","2":"type-post","3":"status-publish","4":"format-standard","5":"has-post-thumbnail","7":"category-paris","8":"tag-actu","9":"tag-actu-paris","10":"tag-actualites","11":"tag-actualites-paris","12":"tag-air-france","13":"tag-airbus","14":"tag-eu","15":"tag-europe","16":"tag-fr","17":"tag-france","18":"tag-news","19":"tag-news-paris","20":"tag-paris","21":"tag-paris-news","22":"tag-republique-francaise","23":"tag-rio-de-janeiro"},"share_on_mastodon":{"url":"https:\/\/pubeurope.com\/@fr\/115464489192904086","error":""},"_links":{"self":[{"href":"https:\/\/www.europesays.com\/fr\/wp-json\/wp\/v2\/posts\/500514","targetHints":{"allow":["GET"]}}],"collection":[{"href":"https:\/\/www.europesays.com\/fr\/wp-json\/wp\/v2\/posts"}],"about":[{"href":"https:\/\/www.europesays.com\/fr\/wp-json\/wp\/v2\/types\/post"}],"author":[{"embeddable":true,"href":"https:\/\/www.europesays.com\/fr\/wp-json\/wp\/v2\/users\/2"}],"replies":[{"embeddable":true,"href":"https:\/\/www.europesays.com\/fr\/wp-json\/wp\/v2\/comments?post=500514"}],"version-history":[{"count":0,"href":"https:\/\/www.europesays.com\/fr\/wp-json\/wp\/v2\/posts\/500514\/revisions"}],"wp:featuredmedia":[{"embeddable":true,"href":"https:\/\/www.europesays.com\/fr\/wp-json\/wp\/v2\/media\/500515"}],"wp:attachment":[{"href":"https:\/\/www.europesays.com\/fr\/wp-json\/wp\/v2\/media?parent=500514"}],"wp:term":[{"taxonomy":"category","embeddable":true,"href":"https:\/\/www.europesays.com\/fr\/wp-json\/wp\/v2\/categories?post=500514"},{"taxonomy":"post_tag","embeddable":true,"href":"https:\/\/www.europesays.com\/fr\/wp-json\/wp\/v2\/tags?post=500514"}],"curies":[{"name":"wp","href":"https:\/\/api.w.org\/{rel}","templated":true}]}}